{"id":180871,"date":"2025-06-16T13:07:10","date_gmt":"2025-06-16T13:07:10","guid":{"rendered":"https:\/\/www.europesays.com\/fr\/180871\/"},"modified":"2025-06-16T13:07:10","modified_gmt":"2025-06-16T13:07:10","slug":"sommet-du-g7-lunion-europeenne-affiche-son-unite-face-aux-grands-defis-internationaux","status":"publish","type":"post","link":"https:\/\/www.europesays.com\/fr\/180871\/","title":{"rendered":"Sommet du G7 : l\u2019Union europ\u00e9enne affiche son unit\u00e9 face aux grands d\u00e9fis internationaux"},"content":{"rendered":"<p>\n         Publi\u00e9 le<br \/>\n            16\/06\/2025 &#8211; 14:52 UTC+2<\/p>\n<p><img decoding=\"async\" class=\"c-ad__placeholder__logo\" src=\"https:\/\/static.euronews.com\/website\/images\/logos\/logo-euronews-grey-6-180x22.svg\" width=\"180\" height=\"22\" alt=\"\" loading=\"lazy\"\/>PUBLICIT\u00c9<\/p>\n<p>La pr\u00e9sidente de la Commission europ\u00e9enne, Ursula von der Leyen, et le pr\u00e9sident du Conseil europ\u00e9en, Antonio Costa, sont au Canada pour repr\u00e9senter l\u2019Union europ\u00e9enne au sommet du G7, qui a d\u00e9but\u00e9 vendredi 14 juin.<\/p>\n<p>Lors d\u2019une conf\u00e9rence de presse conjointe, les deux dirigeants ont mis en avant les priorit\u00e9s de l\u2019Europe dans un contexte marqu\u00e9 par de nombreuses crises. Ils ont insist\u00e9 sur la n\u00e9cessit\u00e9 pour l\u2019Union europ\u00e9enne de rester unie et d\u2019agir avec d\u00e9termination face aux grands enjeux internationaux : la guerre en Ukraine, la transition \u00e9cologique, les tensions \u00e9conomiques mondiales ou encore la r\u00e9gulation de l\u2019intelligence artificielle.<\/p>\n<p>\u00ab L\u2019Europe doit continuer \u00e0 d\u00e9fendre ses valeurs et \u00e0 proposer des solutions concr\u00e8tes \u00bb, a d\u00e9clar\u00e9 Ursula von der Leyen. Antonio Costa a, lui, rappel\u00e9 l\u2019importance de \u00ab parler d\u2019une seule voix \u00bb pour faire face aux d\u00e9fis communs.<\/p>\n<p>L\u2019Union europ\u00e9enne participe au sommet du G7 en tant que membre permanent, aux c\u00f4t\u00e9s des \u00c9tats-Unis, du Japon, du Canada, du Royaume-Uni, de la France, de l\u2019Italie et de l\u2019Allemagne.<\/p>\n<p>Le sommet, qui se tient jusqu\u2019au 16 juin, doit permettre aux dirigeants de discuter des grandes priorit\u00e9s du moment, du soutien \u00e0 l\u2019Ukraine \u00e0 la coop\u00e9ration \u00e9conomique, en passant par les enjeux climatiques.<\/p>\n","protected":false},"excerpt":{"rendered":"Publi\u00e9 le 16\/06\/2025 &#8211; 14:52 UTC+2 PUBLICIT\u00c9 La pr\u00e9sidente de la Commission europ\u00e9enne, Ursula von der Leyen, et&hellip;\n","protected":false},"author":2,"featured_media":180872,"comment_status":"","ping_status":"","sticky":false,"template":"","format":"standard","meta":{"footnotes":""},"categories":[1586],"tags":[11,574,31122,1777,674,1011,27,131,5643,12,25,2764,2544],"class_list":{"0":"post-180871","1":"post","2":"type-post","3":"status-publish","4":"format-standard","5":"has-post-thumbnail","7":"category-europe","8":"tag-actualites","9":"tag-canada","10":"tag-conflit-israel-iran","11":"tag-eu","12":"tag-europe","13":"tag-fr","14":"tag-france","15":"tag-guerre-en-ukraine","16":"tag-guerre-israel-hamas","17":"tag-news","18":"tag-republique-francaise","19":"tag-sommet","20":"tag-ursula-von-der-leyen"},"share_on_mastodon":{"url":"https:\/\/pubeurope.com\/@fr\/114693199945607556","error":""},"_links":{"self":[{"href":"https:\/\/www.europesays.com\/fr\/wp-json\/wp\/v2\/posts\/180871","targetHints":{"allow":["GET"]}}],"collection":[{"href":"https:\/\/www.europesays.com\/fr\/wp-json\/wp\/v2\/posts"}],"about":[{"href":"https:\/\/www.europesays.com\/fr\/wp-json\/wp\/v2\/types\/post"}],"author":[{"embeddable":true,"href":"https:\/\/www.europesays.com\/fr\/wp-json\/wp\/v2\/users\/2"}],"replies":[{"embeddable":true,"href":"https:\/\/www.europesays.com\/fr\/wp-json\/wp\/v2\/comments?post=180871"}],"version-history":[{"count":0,"href":"https:\/\/www.europesays.com\/fr\/wp-json\/wp\/v2\/posts\/180871\/revisions"}],"wp:featuredmedia":[{"embeddable":true,"href":"https:\/\/www.europesays.com\/fr\/wp-json\/wp\/v2\/media\/180872"}],"wp:attachment":[{"href":"https:\/\/www.europesays.com\/fr\/wp-json\/wp\/v2\/media?parent=180871"}],"wp:term":[{"taxonomy":"category","embeddable":true,"href":"https:\/\/www.europesays.com\/fr\/wp-json\/wp\/v2\/categories?post=180871"},{"taxonomy":"post_tag","embeddable":true,"href":"https:\/\/www.europesays.com\/fr\/wp-json\/wp\/v2\/tags?post=180871"}],"curies":[{"name":"wp","href":"https:\/\/api.w.org\/{rel}","templated":true}]}}