{"id":180888,"date":"2025-06-16T13:18:10","date_gmt":"2025-06-16T13:18:10","guid":{"rendered":"https:\/\/www.europesays.com\/fr\/180888\/"},"modified":"2025-06-16T13:18:10","modified_gmt":"2025-06-16T13:18:10","slug":"un-nouveau-manager-pour-diriger-alpine-f1","status":"publish","type":"post","link":"https:\/\/www.europesays.com\/fr\/180888\/","title":{"rendered":"Un nouveau manager pour diriger Alpine F1"},"content":{"rendered":"<p itemprop=\"description\">Dans la foul\u00e9e du d\u00e9part du CEO Luca de<br \/>\nMeo, Alpine annonce le recrutement du Britannique Steve Nielsen<br \/>\npour prendre les r\u00eanes de l\u00a0\u00bb\u00e9curie de Formule 1, toujours sous la<br \/>\nhoulette de Flavio Briatore.<\/p>\n<p data-start=\"138\" data-end=\"620\">La p\u00e9riode de turbulence<br \/>\ncontinue pour Alpine F1 Team dont on ignore encore ce que l&rsquo;avenir<br \/>\nr\u00e9servera une fois le nouveau PDG d\u00e9sign\u00e9 par le groupe Renault<br \/>\npour succ\u00e9der \u00e0 de Meo en partance.<\/p>\n<p data-start=\"138\" data-end=\"620\">Le patron italien reste en place<br \/>\njusqu&rsquo;au 15 juillet et se serait entendu avec son ami Flavio<br \/>\nBriatore pour mettre en place un nouveau leader \u00e0 Enstone, en<br \/>\nl&rsquo;occurrence Steve Nielsen, qui avait pourtant d\u00e9clin\u00e9 l&rsquo;offre lors<br \/>\nd&rsquo;une premi\u00e8re approche.<\/p>\n<p>Une exp\u00e9rience multiple<\/p>\n<p data-start=\"138\" data-end=\"620\">La carri\u00e8re de Steve Nielsen<br \/>\ndans le monde de la Formule 1 est remarquable \u00e0 plus d\u2019un titre. Il<br \/>\na d\u00e9but\u00e9 en 1986 comme simple chauffeur de camion (\u00ab\u00a0truckie\u00a0\u00bb comme<br \/>\non dit en anglais) pour une entreprise de traiteur op\u00e9rant dans le<br \/>\npaddock. De ces d\u00e9buts modestes, il a gravi les \u00e9chelons au fil des<br \/>\nd\u00e9cennies, accumulant une solide exp\u00e9rience au sein d\u2019\u00e9curies comme<br \/>\nLotus, Tyrrell, Honda ou encore Arrows. Mais c\u2019est chez Benetton<br \/>\npuis Renault F1, en travaillant \u00e9troitement avec Flavio Briatore,<br \/>\nqu\u2019il a vraiment marqu\u00e9 les esprits.<\/p>\n<p data-start=\"622\" data-end=\"1273\">Aujourd\u2019hui \u00e2g\u00e9 de 60 ans,<br \/>\nNielsen est per\u00e7u comme une figure respect\u00e9e du paddock, appr\u00e9ci\u00e9<br \/>\npour son sens strat\u00e9gique et sa capacit\u00e9 \u00e0 g\u00e9rer des structures<br \/>\ncomplexes. Son retour potentiel aux commandes sportives d\u2019Alpine,<br \/>\ndans un r\u00f4le de team principal ou \u00e9quivalent, intervient \u00e0 un<br \/>\nmoment critique. Depuis l\u2019arriv\u00e9e de Briatore comme conseiller<br \/>\nex\u00e9cutif \u00e0 la mi-2024 et le d\u00e9part brutal d\u2019Ollie Oakes dans un<br \/>\ncontexte sensible au printemps, l\u2019\u00e9curie fran\u00e7aise cherche une<br \/>\nfigure d\u2019autorit\u00e9 capable de stabiliser le navire. M\u00eame si Oakes<br \/>\nn\u2019a \u00e9t\u00e9 accus\u00e9 de rien, les circonstances entourant son d\u00e9part ont<br \/>\nmis en lumi\u00e8re l\u2019urgence d\u2019un leadership exp\u00e9riment\u00e9.<\/p>\n<p>Enn bin\u00f4me avec Briatore<\/p>\n<p data-start=\"1275\" data-end=\"1761\">Steve Nielsen, qui a occup\u00e9<br \/>\ndes postes-cl\u00e9s chez Toro Rosso, Williams, aupr\u00e8s de la FOM ou<br \/>\nencore\u00e0 la FIA (o\u00f9 il n\u2019est rest\u00e9 que 11 mois, en d\u00e9saccord avec le<br \/>\npr\u00e9sident), poss\u00e8de le profil id\u00e9al pour ce d\u00e9fi. Son expertise,<br \/>\nalli\u00e9e \u00e0 sa connaissance fine des dynamiques internes en F1, fait<br \/>\nde lui un atout pr\u00e9cieux. Son int\u00e9gration dans la hi\u00e9rarchie Alpine<br \/>\nse fait en lien direct avec Briatore, laissant entrevoir un bin\u00f4me<br \/>\nstrat\u00e9gique charg\u00e9 d&rsquo;insuffler une nouvelle dynamique \u00e0 une \u00e9quipe<br \/>\nen perte de vitesse depuis plusieurs saisons.<\/p>\n<p data-start=\"1763\" data-end=\"2134\">Cette nomination, m\u00eame si elle<br \/>\nn\u2019a pas encore \u00e9t\u00e9 officialis\u00e9e sous un titre pr\u00e9cis, envoie un<br \/>\nsignal clair : Alpine souhaite mettre un terme aux errements des<br \/>\nderniers mois et construire une structure coh\u00e9rente, capable de<br \/>\nrivaliser avec les meilleures. Le choix de Nielsen ne se limite pas<br \/>\n\u00e0 l\u2019imm\u00e9diat : il s\u2019agit de b\u00e2tir une \u00e9quipe durable, r\u00e9siliente et<br \/>\nambitieuse. Mais il faudra que le nouveau patron de Renault<br \/>\nconfirme ces belles intentions car la possibilit\u00e9 de revendre le<br \/>\nteam est certainement \u00e0 l&rsquo;\u00e9tude&#8230;<\/p>\n","protected":false},"excerpt":{"rendered":"Dans la foul\u00e9e du d\u00e9part du CEO Luca de Meo, Alpine annonce le recrutement du Britannique Steve Nielsen&hellip;\n","protected":false},"author":2,"featured_media":180889,"comment_status":"","ping_status":"","sticky":false,"template":"","format":"standard","meta":{"footnotes":""},"categories":[1412],"tags":[2674,1451,1452,1453,1454,1455,1011,27,31853,60],"class_list":{"0":"post-180888","1":"post","2":"type-post","3":"status-publish","4":"format-standard","5":"has-post-thumbnail","7":"category-f1","8":"tag-alpine","9":"tag-f1","10":"tag-formula-1","11":"tag-formula1","12":"tag-formule-1","13":"tag-formule1","14":"tag-fr","15":"tag-france","16":"tag-nielsen","17":"tag-sports"},"share_on_mastodon":{"url":"https:\/\/pubeurope.com\/@fr\/114693243104777138","error":""},"_links":{"self":[{"href":"https:\/\/www.europesays.com\/fr\/wp-json\/wp\/v2\/posts\/180888","targetHints":{"allow":["GET"]}}],"collection":[{"href":"https:\/\/www.europesays.com\/fr\/wp-json\/wp\/v2\/posts"}],"about":[{"href":"https:\/\/www.europesays.com\/fr\/wp-json\/wp\/v2\/types\/post"}],"author":[{"embeddable":true,"href":"https:\/\/www.europesays.com\/fr\/wp-json\/wp\/v2\/users\/2"}],"replies":[{"embeddable":true,"href":"https:\/\/www.europesays.com\/fr\/wp-json\/wp\/v2\/comments?post=180888"}],"version-history":[{"count":0,"href":"https:\/\/www.europesays.com\/fr\/wp-json\/wp\/v2\/posts\/180888\/revisions"}],"wp:featuredmedia":[{"embeddable":true,"href":"https:\/\/www.europesays.com\/fr\/wp-json\/wp\/v2\/media\/180889"}],"wp:attachment":[{"href":"https:\/\/www.europesays.com\/fr\/wp-json\/wp\/v2\/media?parent=180888"}],"wp:term":[{"taxonomy":"category","embeddable":true,"href":"https:\/\/www.europesays.com\/fr\/wp-json\/wp\/v2\/categories?post=180888"},{"taxonomy":"post_tag","embeddable":true,"href":"https:\/\/www.europesays.com\/fr\/wp-json\/wp\/v2\/tags?post=180888"}],"curies":[{"name":"wp","href":"https:\/\/api.w.org\/{rel}","templated":true}]}}