{"id":180890,"date":"2025-06-16T13:19:08","date_gmt":"2025-06-16T13:19:08","guid":{"rendered":"https:\/\/www.europesays.com\/fr\/180890\/"},"modified":"2025-06-16T13:19:08","modified_gmt":"2025-06-16T13:19:08","slug":"cyclisme-criterium-du-dauphine-guillaume-martin-guyonnet-le-bilan-est-plutot-bon","status":"publish","type":"post","link":"https:\/\/www.europesays.com\/fr\/180890\/","title":{"rendered":"Cyclisme. Crit\u00e9rium du Dauphin\u00e9 &#8211; Guillaume Martin-Guyonnet : \u00abLe bilan est plut\u00f4t bon\u00bb"},"content":{"rendered":"<p>Mission remplie pour\u00a0<strong><a href=\"https:\/\/www.cyclismactu.net\/..\/news-criterium-du-dauphine-route-guillaume-martin-la-seule-solution-qu-il-nous-reste-88363.html\" target=\"_blank\" rel=\"nofollow noopener\">Guillaume Martin-Guyonnet<\/a><\/strong> sur ce\u00a0<strong><a href=\"https:\/\/www.cyclismactu.net\/..\/news-cyclisme-route-criterium-du-dauphine-romain-bardet-officiellement-retraite-mais-sur-tour-88377.html\" target=\"_blank\" rel=\"nofollow noopener\">Crit\u00e9rium du Dauphin\u00e9<\/a><\/strong> ! En forme ascendante sur cette fin de semaine depuis vendredi et l&rsquo;arriv\u00e9e de la montagne, le grimpeur normand a valid\u00e9 son op\u00e9ration \u00ab\u00a0remontada\u00a0\u00bb au classement g\u00e9n\u00e9ral en int\u00e9grant sur le gong le top 10 final \u00e0 l&rsquo;issue de la 8e et derni\u00e8re \u00e9tape ce dimanche. Encore une fois tr\u00e8s solide dans le final vers\u00a0Mont-Cenis, le leader de la <strong>Groupama-FDJ<\/strong> a pris la 12e place sur la ligne en compagnie de\u00a0<strong>Carlos Rodriguez<\/strong> (INEOS Grenadiers), \u00e0 1&rsquo;46\u00a0\u00bb du vainqueur <strong><a href=\"https:\/\/www.cyclismactu.net\/..\/news-criterium-du-dauphine-route-lenny-martinez-je-sauve-ma-semaine-place-tour-88375.html\" target=\"_blank\" rel=\"nofollow noopener\">Lenny Martinez<\/a><\/strong> (Bahrain Victorious). Suffisant pour passer devant\u00a0<strong>Emanuel Buchmann<\/strong> (Cofidis) et\u00a0<strong>Ben Tulett<\/strong> (Visma | Lease a Bike) et ainsi grimper au 10e rang final, son objectif avou\u00e9 avant le d\u00e9part.<\/p>\n<p>Vid\u00e9o &#8211; Guillaume Martin 2e Fran\u00e7ais de ce Dauphin\u00e9 derri\u00e8re Seixas Lire la suite de l&rsquo;article&#13;<\/p>\n<p>\u00a0<\/p>\n<p>&#13;<br \/>\n\u00ab\u00a0Essayer de franchir \u00e9ventuellement un nouveau petit cap en vue du Tour\u00a0\u00bb&#13;<\/p>\n<p>Avant cela,\u00a0<strong>Guillaume Martin-Guyonnet<\/strong> s&rsquo;\u00e9tait m\u00eal\u00e9 \u00e0 la lutte pour prendre la bonne \u00e9chapp\u00e9e, qu&rsquo;il a manqu\u00e9e de peu, comme il l&rsquo;a expliqu\u00e9 dans le compte-rendu publi\u00e9 par son \u00e9quipe.\u00a0J\u2019ai vraiment fourni un gros effort pour essayer de rentrer mais je suis venu mourir \u00e0 7-8 secondes.\u00a0Il a ensuite fallu r\u00e9cup\u00e9rer, sauf que \u00e7a n\u2019a pas r\u00e9ellement temporis\u00e9 car Uno-X a fait un gros tempo toute la journ\u00e9e.\u00a0Il fallait \u00eatre plac\u00e9 un peu tout le temps, et mes co\u00e9quipiers m\u2019ont heureusement bien aid\u00e9 de ce point de vue.\u00a0J\u2019ai vraiment souffert sur le plat donc je n\u2019\u00e9tais pas tr\u00e8s serein avant la mont\u00e9e finale, mais finalement, \u00e7a n\u2019allait pas si mal.\u00a0Le bilan est plut\u00f4t bon au final.\u00a0La condition a \u00e9volu\u00e9 de jour en jour, il va maintenant falloir bien r\u00e9cup\u00e9rer et essayer de franchir \u00e9ventuellement un nouveau petit cap en vue du Tour\u00a0\u00bb, a-t-il conclu.<\/p>\n<p>Criterium du Dauphine &#8211; Classement de la 8\u00e8 \u00e9tape Criterium du Dauphine &#8211; Classement g\u00e9n\u00e9ral<\/p>\n","protected":false},"excerpt":{"rendered":"Mission remplie pour\u00a0Guillaume Martin-Guyonnet sur ce\u00a0Crit\u00e9rium du Dauphin\u00e9 ! En forme ascendante sur cette fin de semaine depuis&hellip;\n","protected":false},"author":2,"featured_media":180891,"comment_status":"","ping_status":"","sticky":false,"template":"","format":"standard","meta":{"footnotes":""},"categories":[1411],"tags":[24803,1154,207,211,1011,27,209,60,210,212,208,213],"class_list":{"0":"post-180890","1":"post","2":"type-post","3":"status-publish","4":"format-standard","5":"has-post-thumbnail","7":"category-cyclisme","8":"tag-criterium-du-dauphine","9":"tag-cycling","10":"tag-cyclisme","11":"tag-ffc","12":"tag-fr","13":"tag-france","14":"tag-route","15":"tag-sports","16":"tag-tour-de-france","17":"tag-uci","18":"tag-velo","19":"tag-world-tour"},"share_on_mastodon":{"url":"https:\/\/pubeurope.com\/@fr\/114693247050034629","error":""},"_links":{"self":[{"href":"https:\/\/www.europesays.com\/fr\/wp-json\/wp\/v2\/posts\/180890","targetHints":{"allow":["GET"]}}],"collection":[{"href":"https:\/\/www.europesays.com\/fr\/wp-json\/wp\/v2\/posts"}],"about":[{"href":"https:\/\/www.europesays.com\/fr\/wp-json\/wp\/v2\/types\/post"}],"author":[{"embeddable":true,"href":"https:\/\/www.europesays.com\/fr\/wp-json\/wp\/v2\/users\/2"}],"replies":[{"embeddable":true,"href":"https:\/\/www.europesays.com\/fr\/wp-json\/wp\/v2\/comments?post=180890"}],"version-history":[{"count":0,"href":"https:\/\/www.europesays.com\/fr\/wp-json\/wp\/v2\/posts\/180890\/revisions"}],"wp:featuredmedia":[{"embeddable":true,"href":"https:\/\/www.europesays.com\/fr\/wp-json\/wp\/v2\/media\/180891"}],"wp:attachment":[{"href":"https:\/\/www.europesays.com\/fr\/wp-json\/wp\/v2\/media?parent=180890"}],"wp:term":[{"taxonomy":"category","embeddable":true,"href":"https:\/\/www.europesays.com\/fr\/wp-json\/wp\/v2\/categories?post=180890"},{"taxonomy":"post_tag","embeddable":true,"href":"https:\/\/www.europesays.com\/fr\/wp-json\/wp\/v2\/tags?post=180890"}],"curies":[{"name":"wp","href":"https:\/\/api.w.org\/{rel}","templated":true}]}}