{"id":180903,"date":"2025-06-16T13:26:09","date_gmt":"2025-06-16T13:26:09","guid":{"rendered":"https:\/\/www.europesays.com\/fr\/180903\/"},"modified":"2025-06-16T13:26:09","modified_gmt":"2025-06-16T13:26:09","slug":"zootopie-2-elio-les-derniers-disney-misent-sur-lacceptation-des-differences-et-le-vivre-ensemble","status":"publish","type":"post","link":"https:\/\/www.europesays.com\/fr\/180903\/","title":{"rendered":"Zootopie 2, Elio&#8230; Les derniers Disney misent sur l&rsquo;acceptation des diff\u00e9rences et le \u00ab\u00a0vivre ensemble\u00a0\u00bb"},"content":{"rendered":"<p>Les sc\u00e9narios ne brillent pas par leur originalit\u00e9, mais par le souhait d\u2019aborder \u00ab\u00a0des probl\u00e9matiques actuelles\u00a0\u00bb dans l\u2019Am\u00e9rique de Donald Trump.<\/p>\n<p class=\"fig-paragraph\">Des animaux anthropomorphes aux extraterrestres hauts en couleur,\u00a0<a href=\"http:\/\/www.lefigaro.fr\/medias\/ia-disney-et-nbcuniversal-attaquent-l-editeur-midjourney-en-justice-20250612\" target=\"_blank\" data-fig-type=\"NewsFlash\" rel=\"noopener\" data-gtm-custom-categorie=\"navigation\" data-gtm-custom-action=\"crossclick\" data-gtm-custom-label=\"Contextuel\" data-gtm-event=\"customEventSPE\" data-fig-domain=\"LEFIGARO\">Disney<\/a>\u00a0et sa filiale Pixar misent sur leurs classiques et des sc\u00e9narios c\u00e9l\u00e9brant les \u00ab\u00a0diff\u00e9rences\u00a0\u00bb et le \u00ab\u00a0vivre-ensemble\u00a0\u00bb pour leurs\u00a0<a href=\"http:\/\/www.lefigaro.fr\/cinema\/les-prochains-films-disney-seront-les-meilleurs-depuis-2019-promet-bob-ilger-pdg-des-studios-20250509\" target=\"_blank\" data-fig-type=\"Article\" rel=\"noopener\" data-gtm-custom-categorie=\"navigation\" data-gtm-custom-action=\"crossclick\" data-gtm-custom-label=\"Contextuel\" data-gtm-event=\"customEventSPE\" data-fig-domain=\"LEFIGARO\">prochains films,<\/a>\u00a0d\u00e9voil\u00e9s par extraits \u00e0 Annecy. \u00ab\u00a0C\u2019est la premi\u00e8re fois qu\u2019on montre publiquement des choses qui ne sont m\u00eame pas encore termin\u00e9es\u00a0\u00bb, s\u2019est r\u00e9joui aupr\u00e8s de l\u2019AFP Jared Bush, directeur cr\u00e9atif de Walt Disney et r\u00e9alisateur de Zootopie 1 et 2, accueilli pour la premi\u00e8re fois au\u00a0<a href=\"http:\/\/www.lefigaro.fr\/culture\/le-festival-international-du-film-d-animation-d-annecy-couronne-arco-d-ugo-bienvenu-amelie-et-la-metaphysique-des-tubes-remporte-le-prix-du-public-20250615\" target=\"_blank\" data-fig-type=\"Article\" rel=\"noopener\" data-gtm-custom-categorie=\"navigation\" data-gtm-custom-action=\"crossclick\" data-gtm-custom-label=\"Contextuel\" data-gtm-event=\"customEventSPE\" data-fig-domain=\"LEFIGARO\">festival du film d\u2019animation d\u2019Annecy,<\/a>\u00a0clos samedi 14 juin, dans une salle comble de 900 personnes.<\/p>\n<p class=\"fig-paragraph\">Tr\u00e8s attendu, le deuxi\u00e8me volet de Zootopie arrive neuf ans apr\u00e8s le premier opus, devenu en 2016 l&rsquo;un des plus grands succ\u00e8s de Disney avec\u00a0<a href=\"https:\/\/www.lefigaro.fr\/cinema\/2016\/06\/08\/03002-20160608ARTFIG00022--zootopie-le-film-qui-valait-plus-d-un-milliard-de-dollars.php\" target=\"_blank\" data-fig-type=\"Article\" rel=\"noopener\" data-gtm-custom-categorie=\"navigation\" data-gtm-custom-action=\"crossclick\" data-gtm-custom-label=\"Contextuel\" data-gtm-event=\"customEventSPE\" data-fig-domain=\"LEFIGARO\">plus d&rsquo;un milliard de dollars de recettes mondiales\u00a0<\/a>et obtenant l&rsquo;Oscar du meilleur film d&rsquo;animation. Dans ce second volet, attendu pour le 26 novembre en France et aux \u00c9tats-Unis, Disney explore la relation du duo embl\u00e9matique de Judy Hopps, la lapine polici\u00e8re d\u00e9brouillarde, et Nick Wilde, le renard escroc repenti, \u00ab\u00a0deux animaux tr\u00e8s diff\u00e9rents\u00a0\u00bb amen\u00e9s \u00e0 enqu\u00eater sur l&rsquo;apparition \u00e9nigmatique du serpent bleu Gary, le premier reptile \u00e0 int\u00e9grer la soci\u00e9t\u00e9 animale de \u00ab\u00a0Zootopie\u00a0\u00bb.<\/p>\n<p>Des films qui \u00ab\u00a0pr\u00f4nent l\u2019acceptation de soi\u00a0\u00bb<\/p>\n<p class=\"fig-paragraph\">Au c\u0153ur de l&rsquo;intrigue, une enqu\u00eate approfondie sur la place des diff\u00e9rences dans un monde o\u00f9 proies et pr\u00e9dateurs vivent c\u00f4te \u00e0 c\u00f4te. \u00ab\u00a0Dans notre nature humaine, lorsque les choses deviennent difficiles, on commence \u00e0 relever les diff\u00e9rences, et c&rsquo;est ce que nous abordons dans l&rsquo;histoire\u00a0\u00bb, explique Jared Bush, souhaitant \u00ab\u00a0faire en sorte que les spectateurs quittent la salle en r\u00e9fl\u00e9chissant \u00e0 ce qu&rsquo;ils viennent de voir\u00a0\u00bb.<\/p>\n<p class=\"fig-paragraph\">Parmi les s\u00e9quences d\u00e9voil\u00e9es vendredi, le retour de Mr. Big, la musaraigne mafieuse, le Marsh Market, nouveau d\u00e9cor con\u00e7u pour les animaux semi-aquatiques, une course-poursuite et une s\u00e9ance de th\u00e9rapie entre Judy et Nick. Avec ces personnages, Disney revient sur ses classiques et sa capacit\u00e9 \u00e0 \u00ab\u00a0anthropomorphiser les animaux et \u00e0 les rendre humains\u00a0\u00bb, estime Jared Bush, relevant aussi le d\u00e9fi de mod\u00e9lisation des fourrures dans un environnement semi-aquatique. \u00ab\u00a0Nous avons mis tout le monde \u00e0 l&rsquo;\u00e9preuve, et les spectateurs vont \u00eatre \u00e9poustoufl\u00e9s\u00a0\u00bb, promet le r\u00e9alisateur.<\/p>\n<p class=\"fig-paragraph\">\u00ab\u00a0C&rsquo;est un peu dans la lign\u00e9e des derniers Disney o\u00f9 l&rsquo;histoire ne va pas forc\u00e9ment \u00eatre incroyable car tout a un peu \u00e9t\u00e9 fait\u00a0\u00bb mais o\u00f9 le sc\u00e9nario aborde les \u00ab\u00a0probl\u00e9matiques et les r\u00e9f\u00e9rences actuelles\u00a0\u00bb comme \u00ab\u00a0l&rsquo;acceptation des uns et des autres\u00a0\u00bb et de \u00ab\u00a0ses propres d\u00e9fauts\u00a0\u00bb, estime Justine Gaulard, 27 ans, b\u00e9n\u00e9vole au festival venue d\u00e9couvrir\u00a0<a href=\"http:\/\/www.lefigaro.fr\/cinema\/disney-revele-la-bande-annonce-tres-animaliere-de-zootopie-2-20250531\" target=\"_blank\" data-fig-type=\"Article\" rel=\"noopener\" data-gtm-custom-categorie=\"navigation\" data-gtm-custom-action=\"crossclick\" data-gtm-custom-label=\"Contextuel\" data-gtm-event=\"customEventSPE\" data-fig-domain=\"LEFIGARO\">les premi\u00e8res images.<\/a><\/p>\n<p>Des sc\u00e9narios \u00ab\u00a0bateau\u00a0\u00bb mais avec un beau message<\/p>\n<p class=\"fig-paragraph\">C\u00f4t\u00e9 Pixar, Elio, r\u00e9alis\u00e9 par Domee Shi et Madeline Sharafian, suit un enfant solitaire passionn\u00e9 d&rsquo;espace qui se sent coinc\u00e9 sur Terre jusqu&rsquo;au jour o\u00f9 il est enlev\u00e9 par des extraterrestres amicaux. C\u00e9l\u00e9br\u00e9 \u00e0 bord d&rsquo;une assembl\u00e9e intergalactique et propuls\u00e9 \u00ab\u00a0ambassadeur de la Terre\u00a0\u00bb, il se lie d&rsquo;amiti\u00e9 avec Gordon, un extraterrestre vermiforme marginalis\u00e9. \u00ab\u00a0Au d\u00e9but du film, Elio est tr\u00e8s pessimiste \u00e0 propos de la Terre, c&rsquo;est un \u00e9tat d&rsquo;esprit tr\u00e8s dangereux dans lequel nous risquons tous de glisser\u00a0\u00bb, avertit dans un entretien avec l&rsquo;AFP Madeline Sharafian.<\/p>\n<p class=\"fig-paragraph\">Quand le jeune gar\u00e7on arrive dans l&rsquo;univers, \u00ab\u00a0il a l&rsquo;impression d&rsquo;avoir trouv\u00e9 son peuple et sa place\u00a0\u00bb, r\u00e9sume Domee Shi. \u00ab\u00a0Toutes ces esp\u00e8ces, toutes ces plan\u00e8tes et ces cultures diff\u00e9rentes ont compris comment vivre ensemble et travailler en paix et en harmonie\u00a0\u00bb, ajoute-t-elle, \u00ab\u00a0une vision pleine d&rsquo;espoir pour notre plan\u00e8te\u00a0\u00bb. C\u2019est \u00ab\u00a0un chouette message, un peu attendu\u00a0\u00bb, juge St\u00e9phane Congouleirs, 27 ans, \u00e9tudiant \u00e0 l&rsquo;\u00e9cole suisse de design Canvas, qui a pu voir les premi\u00e8res minutes du film, visible le 18 juin en France et aux \u00c9tats-Unis. Si ses camarades et lui saluent les visuels et l&rsquo;humour, tous regrettent un sc\u00e9nario \u00ab\u00a0un peu bateau\u00a0\u00bb de l&rsquo;orphelin esseul\u00e9.<\/p>\n<p class=\"fig-paragraph\">Autres nouveaut\u00e9s pr\u00e9sent\u00e9es au festival par Pixar, le film Hoppers et la suite Toy Story 5, pr\u00e9vus pour 2026, ainsi que Gatto, qui suivra l&rsquo;histoire d&rsquo;un chat noir dans les rues de Venise en 2027.<\/p>\n","protected":false},"excerpt":{"rendered":"Les sc\u00e9narios ne brillent pas par leur originalit\u00e9, mais par le souhait d\u2019aborder \u00ab\u00a0des probl\u00e9matiques actuelles\u00a0\u00bb dans l\u2019Am\u00e9rique&hellip;\n","protected":false},"author":2,"featured_media":180904,"comment_status":"","ping_status":"","sticky":false,"template":"","format":"standard","meta":{"footnotes":""},"categories":[1354],"tags":[2084,2083,2080,650,520,58,59,30554,2081,1346,1011,27,1360,2082],"class_list":{"0":"post-180903","1":"post","2":"type-post","3":"status-publish","4":"format-standard","5":"has-post-thumbnail","7":"category-films","8":"tag-affiche","9":"tag-bandes-annonces","10":"tag-box-office","11":"tag-cinema","12":"tag-disney","13":"tag-divertissement","14":"tag-entertainment","15":"tag-festival-dannecy","16":"tag-film","17":"tag-films","18":"tag-fr","19":"tag-france","20":"tag-movies","21":"tag-salles"},"share_on_mastodon":{"url":"https:\/\/pubeurope.com\/@fr\/114693274559917890","error":""},"_links":{"self":[{"href":"https:\/\/www.europesays.com\/fr\/wp-json\/wp\/v2\/posts\/180903","targetHints":{"allow":["GET"]}}],"collection":[{"href":"https:\/\/www.europesays.com\/fr\/wp-json\/wp\/v2\/posts"}],"about":[{"href":"https:\/\/www.europesays.com\/fr\/wp-json\/wp\/v2\/types\/post"}],"author":[{"embeddable":true,"href":"https:\/\/www.europesays.com\/fr\/wp-json\/wp\/v2\/users\/2"}],"replies":[{"embeddable":true,"href":"https:\/\/www.europesays.com\/fr\/wp-json\/wp\/v2\/comments?post=180903"}],"version-history":[{"count":0,"href":"https:\/\/www.europesays.com\/fr\/wp-json\/wp\/v2\/posts\/180903\/revisions"}],"wp:featuredmedia":[{"embeddable":true,"href":"https:\/\/www.europesays.com\/fr\/wp-json\/wp\/v2\/media\/180904"}],"wp:attachment":[{"href":"https:\/\/www.europesays.com\/fr\/wp-json\/wp\/v2\/media?parent=180903"}],"wp:term":[{"taxonomy":"category","embeddable":true,"href":"https:\/\/www.europesays.com\/fr\/wp-json\/wp\/v2\/categories?post=180903"},{"taxonomy":"post_tag","embeddable":true,"href":"https:\/\/www.europesays.com\/fr\/wp-json\/wp\/v2\/tags?post=180903"}],"curies":[{"name":"wp","href":"https:\/\/api.w.org\/{rel}","templated":true}]}}