{"id":180909,"date":"2025-06-16T13:29:13","date_gmt":"2025-06-16T13:29:13","guid":{"rendered":"https:\/\/www.europesays.com\/fr\/180909\/"},"modified":"2025-06-16T13:29:13","modified_gmt":"2025-06-16T13:29:13","slug":"heritage-dhugues-aufray-sa-femme-murielle-de-45-ans-sa-cadette-ne-fait-pas-partie-de-ses-donations","status":"publish","type":"post","link":"https:\/\/www.europesays.com\/fr\/180909\/","title":{"rendered":"H\u00e9ritage d&rsquo;Hugues Aufray : sa femme Murielle de 45 ans sa cadette ne fait pas partie de ses donations"},"content":{"rendered":"<p>Pour de nombreuses c\u00e9l\u00e9brit\u00e9s ayant des enfants, <strong>la<br \/>\nquestion de l&rsquo;h\u00e9ritage est d\u00e9licate.<\/strong> Et pour cause, celui<br \/>\ndu clan Hallyday ou encore plus r\u00e9cemment de la famille Delon,<br \/>\nmontre \u00e0 quel point la transmission d\u2019un patrimoine peut faire<br \/>\n\u00e9clater une famille tout enti\u00e8re. Une situation que veut absolument<br \/>\n\u00e9viter Hugues Aufray, qui avait pr\u00e9cis\u00e9 sur le plateau de Face \u00e0<br \/>\nHanouna, le samedi 27 avril 2024, avoir tout pr\u00e9vu pour sa fin de<br \/>\nvie. <a href=\"https:\/\/www.closermag.fr\/people\/hugues-aufray-pendant-trois-ans-ce-choix-etonnant-au-debut-de-sa-relation-avec-sa-femme-murielle-3427534\" rel=\"nofollow noopener\" target=\"_blank\"><br \/>\nSa premi\u00e8re femme,<\/a> d\u00e9c\u00e9d\u00e9e, partageait avec lui une maison, \u00e0<br \/>\nMarnes-la-Coquette.\u00a0<\/p>\n<p>A la mort de son \u00e9pouse, le chanteur a alors pris la d\u00e9cision de<br \/>\nla vendre. Un choix qu\u2019il ne regrette pas. \u00ab\u00a0Quand je vois les<br \/>\nhistoires Johnny et Delon je ne supporte pas. [&#8230;] Je [l&rsquo;ai]<br \/>\nvendue \u00e0 un certain prix et j&rsquo;ai donn\u00e9 tout l&rsquo;argent \u00e0 mes enfants<br \/>\npour <strong>qu&rsquo;ils fassent des travaux pour pouvoir faire une<br \/>\nferme o\u00f9 on ferait des chambres d&rsquo;h\u00f4tes.\u00a0\u00bb\u00a0<\/strong><\/p>\n<p>Hugues Aufray se confie sur son h\u00e9ritage<\/p>\n<p>C\u2019est donc de son vivant que le chanteur a d\u00e9cid\u00e9 de l\u00e9guer<br \/>\nquelques-uns de ses biens. \u00ab\u00a0J&rsquo;ai tout donn\u00e9 \u00e0 mes enfants. Ma<br \/>\nfille Marie y habite maintenant, et je suis tr\u00e8s heureux qu&rsquo;elle<br \/>\nsoit l\u00e0 !\u201d.<\/p>\n<blockquote class=\"twitter-tweet\"><p><a class=\"twitter-link\" rel=\"noindex, nofollow noopener\" href=\"https:\/\/twitter.com\/TPMP\/status\/1784293634499547547\" target=\"_blank\"><\/p><\/blockquote>\n<p>Aujourd\u2019hui, il veut penser \u00e0 <a href=\"https:\/\/www.closermag.fr\/people\/je-me-suis-un-peu-sacrifiee-la-jeune-epouse-dhugues-aufray-livre-sa-verite-sur-leur-histoire-damour-3280956\" rel=\"nofollow noopener\" target=\"_blank\"><br \/>\nMurielle,<\/a> <a href=\"https:\/\/www.closermag.fr\/people\/je-me-suis-un-peu-sacrifiee-la-jeune-epouse-dhugues-aufray-livre-sa-verite-sur-leur-histoire-damour-3280956\" rel=\"nofollow noopener\" target=\"_blank\"><br \/>\nson \u00e9pouse<\/a>. <strong>\u00ab\u00a0Maintenant je travaille pour<br \/>\nelle\u00a0\u00bb<\/strong>, avait-il confi\u00e9. <strong>De <a href=\"https:\/\/www.closermag.fr\/people\/hugues-aufray-comment-murielle-son-epouse-de-45-ans-sa-cadette-a-vecu-des-annees-dans-lombre-de-sa-femme-3554921?mrfhud=true\" rel=\"nofollow noopener\" target=\"_blank\"><br \/>\n45 ans sa cadette<\/a>, cette femme lui permet de rester en forme<br \/>\n:<\/strong>\u00a0\u00ab Le fait d\u2019avoir quelqu\u2019un de tr\u00e8s jeune \u00e0 mes<br \/>\nc\u00f4t\u00e9s me fait beaucoup de bien \u00bb.\u00a0<\/p>\n<p>A 95 ans, le chanteur est tr\u00e8s en<br \/>\nforme<\/p>\n<p>A 95ans, le chanteur ne souhaite qu\u2019une chose : <strong>profiter<br \/>\nencore et encore de la vie.<\/strong> Et pour cela, il a pris une<br \/>\ngrande d\u00e9cision :\u00a0 \u00ab Tout est miraculeux. J\u2019ai beaucoup de<br \/>\nchance, mais je suis aussi raisonnable. J\u2019ai compris qu\u2019il fallait<br \/>\nne pas fumer, j\u2019ai arr\u00eat\u00e9. J\u2019ai, comme tout le monde, bu de<br \/>\nl\u2019alcool mais j\u2019ai aussi arr\u00eat\u00e9 tout \u00e7a. Et le r\u00e9sultat\u2026 Vous le<br \/>\nvoyez \u00bb, confiait-il sur le plateau de T\u00e9l\u00e9matin.\u00a0<\/p>\n<p>Et surtout, <a href=\"https:\/\/www.closermag.fr\/people\/un-effet-tres-positif-hugues-aufray-tres-en-forme-a-94-ans-il-devoile-les-secrets-de-son-hygiene-de-vie-3362704\" rel=\"nofollow noopener\" target=\"_blank\"><br \/>\nHugues Aufray prend le temps de vivre<\/a>. <strong>\u00ab Le secret,<br \/>\nc\u2019est que je n\u2019en ai pas justement ! \u00c7a serait trop facile de dire<br \/>\nque c\u2019est \u00e7a, ou \u00e7a, ou \u00e7a. C\u2019est un ensemble de choses, une fa\u00e7on<br \/>\nde vivre. \u00bb,<\/strong> confiait-il dans Bonjour !. L\u2019artiste<br \/>\navoue tout de m\u00eame \u00e9couter attentivement ses m\u00e9decins : \u00ab On<br \/>\nm\u2019a demand\u00e9 de diminuer le sucre. Je le fais avec beaucoup de<br \/>\ndifficult\u00e9s. \u00bb\u00a0<\/p>\n<p><script async src=\"https:\/\/platform.twitter.com\/widgets.js\" charset=\"utf-8\"><\/script><\/p>\n","protected":false},"excerpt":{"rendered":"Pour de nombreuses c\u00e9l\u00e9brit\u00e9s ayant des enfants, la question de l&rsquo;h\u00e9ritage est d\u00e9licate. Et pour cause, celui du&hellip;\n","protected":false},"author":2,"featured_media":180910,"comment_status":"","ping_status":"","sticky":false,"template":"","format":"standard","meta":{"footnotes":""},"categories":[8],"tags":[548,58,59,1011,27,2840,6055],"class_list":{"0":"post-180909","1":"post","2":"type-post","3":"status-publish","4":"format-standard","5":"has-post-thumbnail","7":"category-divertissement","8":"tag-article-simple","9":"tag-divertissement","10":"tag-entertainment","11":"tag-fr","12":"tag-france","13":"tag-hugues-aufray","14":"tag-republishing"},"share_on_mastodon":{"url":"https:\/\/pubeurope.com\/@fr\/114693286439720436","error":""},"_links":{"self":[{"href":"https:\/\/www.europesays.com\/fr\/wp-json\/wp\/v2\/posts\/180909","targetHints":{"allow":["GET"]}}],"collection":[{"href":"https:\/\/www.europesays.com\/fr\/wp-json\/wp\/v2\/posts"}],"about":[{"href":"https:\/\/www.europesays.com\/fr\/wp-json\/wp\/v2\/types\/post"}],"author":[{"embeddable":true,"href":"https:\/\/www.europesays.com\/fr\/wp-json\/wp\/v2\/users\/2"}],"replies":[{"embeddable":true,"href":"https:\/\/www.europesays.com\/fr\/wp-json\/wp\/v2\/comments?post=180909"}],"version-history":[{"count":0,"href":"https:\/\/www.europesays.com\/fr\/wp-json\/wp\/v2\/posts\/180909\/revisions"}],"wp:featuredmedia":[{"embeddable":true,"href":"https:\/\/www.europesays.com\/fr\/wp-json\/wp\/v2\/media\/180910"}],"wp:attachment":[{"href":"https:\/\/www.europesays.com\/fr\/wp-json\/wp\/v2\/media?parent=180909"}],"wp:term":[{"taxonomy":"category","embeddable":true,"href":"https:\/\/www.europesays.com\/fr\/wp-json\/wp\/v2\/categories?post=180909"},{"taxonomy":"post_tag","embeddable":true,"href":"https:\/\/www.europesays.com\/fr\/wp-json\/wp\/v2\/tags?post=180909"}],"curies":[{"name":"wp","href":"https:\/\/api.w.org\/{rel}","templated":true}]}}