{"id":18091,"date":"2025-04-11T19:38:18","date_gmt":"2025-04-11T19:38:18","guid":{"rendered":"https:\/\/www.europesays.com\/fr\/18091\/"},"modified":"2025-04-11T19:38:18","modified_gmt":"2025-04-11T19:38:18","slug":"stephane-plaza-evince-des-grosses-tetes-cette-video-de-karine-le-marchand-qui-risque-de-ne-pas-lui-plaire","status":"publish","type":"post","link":"https:\/\/www.europesays.com\/fr\/18091\/","title":{"rendered":"St\u00e9phane Plaza \u00e9vinc\u00e9 des \u00ab\u00a0Grosses T\u00eates\u00a0\u00bb, cette vid\u00e9o de Karine Le Marchand qui risque de ne pas lui plaire"},"content":{"rendered":"<p>Une soir\u00e9e endiabl\u00e9e, sans son \u00e9ternel acolyte. Ce jeudi 10 avril 2025, <a href=\"https:\/\/www.public.fr\/tag\/karine-le-marchand\" rel=\"nofollow noopener\" target=\"_blank\">Karine Le Marchand<\/a> a pu partager un agr\u00e9able moment avec ses coll\u00e8gues des <strong>\u00ab\u00a0Grosses T\u00eates\u00a0\u00bb<\/strong>. <a href=\"https:\/\/vsd.fr\/tag\/laurent-ruquier\/\" rel=\"nofollow noopener\" target=\"_blank\">Laurent Ruquier<\/a>, Marc-Antoine Le Bret, ou encore Florian Gazan. N\u00e9anmoins, <a href=\"https:\/\/www.public.fr\/tag\/stephane-plaza\" rel=\"nofollow noopener\" target=\"_blank\">St\u00e9phane Plaza<\/a> n\u2019\u00e9tait pas pr\u00e9sent.<\/p>\n<p>Pour rappel, l\u2019embl\u00e9matique animateur de M6 a en effet quitt\u00e9 l\u2019\u00e9quipe qui officie chaque jour RTL et avec laquelle il collaborait depuis 2016, depuis quelques mois. Il expliquait en partie ce choix lors de son proc\u00e8s \u00e0 Paris pour \u00ab\u00a0violences habituelles\u00a0\u00bb sur une ancienne compagne, entre 2018 et 2022.<\/p>\n<p>St\u00e9phane Plaza condamn\u00e9 et \u00e9vinc\u00e9<\/p>\n<p>\u00ab\u00a0Faire de l\u2019humour quand on a quelque chose qui nous mange l\u2019int\u00e9rieur, quand on a quelque chose qui n\u2019est pas r\u00e9gl\u00e9, je ne trouve pas \u00e7a tr\u00e8s honn\u00eate\u00a0\u00bb, a-t-il justifi\u00e9 lors de son proc\u00e8s.\u00a0<\/p>\n<p>De son c\u00f4t\u00e9, Laurent Ruquier, \u00e0 la t\u00eate des <strong>\u00ab\u00a0Grosses T\u00eates\u00a0\u00bb<\/strong>, donnait d\u00e9j\u00e0 des \u00ab\u00a0explications\u00a0\u00bb sur l\u2019absence de son chroniqueur en septembre 2024. N\u00e9anmoins, le journaliste \u00e9voquait un tournage : \u00ab\u00a0St\u00e9phane n\u2019est pas revenu depuis la rentr\u00e9e. Il \u00e9tait en tournage sur un t\u00e9l\u00e9film. Toute d\u00e9cision serait pr\u00e9matur\u00e9e\u00a0\u00bb.<\/p>\n<p>St\u00e9phane Plaza se trouvait bel et bien en tournage dans l&rsquo;Aveyron pour\u00a0<strong>\u00ab\u00a0En cavale\u00a0\u00bb<\/strong> avec Mich\u00e8le Bernier. Toutefois, une source r\u00e9v\u00e9lait \u00e0 20 Minutes :\u00a0\u00ab\u00a0Il n\u2019est sans doute pas pr\u00e8s de revenir dans l\u2019\u00e9mission, o\u00f9 les personnalit\u00e9s sont dans l\u2019autod\u00e9rision ou font des blagues sur leurs vies. Pas parce que Laurent Ruquier l\u2019aurait d\u00e9cid\u00e9, il n\u2019est pas du genre \u00e0 l\u00e2cher les gens, mais parce que St\u00e9phane n\u2019aura pas envie de s\u2019exposer\u00a0\u00bb.<\/p>\n<p>L&rsquo;animateur, absent d&rsquo;une soir\u00e9e avec \u00ab\u00a0Les Grosses T\u00eates\u00a0\u00bb<\/p>\n<p>De fait, depuis sa condamnation \u00e0 douze mois d\u2019emprisonnement avec sursis, pour laquelle l\u2019agent immobilier a fait appel, celui-ci n\u2019appara\u00eet plus m\u00e9diatiquement. Ses \u00e9missions ont disparu de M6 et ses plateformes, et il n\u2019officie plus \u00e0 la radio.<\/p>\n<p>C\u2019est pourquoi, lorsque ses coll\u00e8gues des <strong>\u00ab\u00a0Grosses T\u00eates\u00a0\u00bb<\/strong> organisent une soir\u00e9e dans un restaurant, ne pas y retrouver St\u00e9phane Plaza n\u2019est pas anormal. La preuve, avec la story partag\u00e9e par Karine Le Marchand ce jeudi 10 avril 2025.<\/p>\n<p>Avec ses coll\u00e8gues des <strong>\u00ab\u00a0Grosses T\u00eates\u00a0\u00bb<\/strong>, l\u2019animatrice de <strong>\u00ab\u00a0L\u2019amour est dans le pr\u00e9\u00a0\u00bb<\/strong> a pass\u00e9 une soir\u00e9e endiabl\u00e9e. Comme nous pouvons le d\u00e9couvrir dans la vid\u00e9o partag\u00e9e, nous pouvons retrouver Laurent Ruquier, Marc-Antoine Le Bret, ou encore Florian Gazan, chanter le c\u00e9l\u00e8bre titre de La Petite Culotte, <strong>\u00ab\u00a0La Goffa Lolita\u00a0\u00bb<\/strong>. Certains reprenant aussi le titre debout sur les chaises du restaurant dans lequel ils d\u00eenaient.\u00a0<\/p>\n<p><img loading=\"lazy\" decoding=\"async\" width=\"581\" height=\"1024\" src=\"data:image\/svg+xml,%3Csvg%20xmlns=\" http:=\"\" alt=\"St\u00e9phane Plaza \u00e9vinc\u00e9 des &quot;Grosses T\u00eates&quot;, cette vid\u00e9o de Karine Le Marchand qui risque de ne pas lui plaire\" data-lazy- data-lazy- data-lazy-src=\"https:\/\/www.europesays.com\/fr\/wp-content\/uploads\/2025\/04\/Capture-decran-2025-04-11-a-13.24.44-581x1024.jpg\"\/><\/p>\n<p>Screenshot<\/p>\n<p>      Mentionn\u00e9s dans cet article<\/p>\n<p>\u00c0 lire aussi<\/p>\n","protected":false},"excerpt":{"rendered":"Une soir\u00e9e endiabl\u00e9e, sans son \u00e9ternel acolyte. Ce jeudi 10 avril 2025, Karine Le Marchand a pu partager&hellip;\n","protected":false},"author":2,"featured_media":18092,"comment_status":"","ping_status":"","sticky":false,"template":"","format":"standard","meta":{"footnotes":""},"categories":[1356],"tags":[58,59,1011,27,5413,7216,2700,7221,252,1364],"class_list":{"0":"post-18091","1":"post","2":"type-post","3":"status-publish","4":"format-standard","5":"has-post-thumbnail","7":"category-television","8":"tag-divertissement","9":"tag-entertainment","10":"tag-fr","11":"tag-france","12":"tag-karine-le-marchand","13":"tag-les-grosses-tetes","14":"tag-rtl","15":"tag-stephane-plaza","16":"tag-television","17":"tag-tv"},"share_on_mastodon":{"url":"https:\/\/pubeurope.com\/@fr\/114321025015615415","error":""},"_links":{"self":[{"href":"https:\/\/www.europesays.com\/fr\/wp-json\/wp\/v2\/posts\/18091","targetHints":{"allow":["GET"]}}],"collection":[{"href":"https:\/\/www.europesays.com\/fr\/wp-json\/wp\/v2\/posts"}],"about":[{"href":"https:\/\/www.europesays.com\/fr\/wp-json\/wp\/v2\/types\/post"}],"author":[{"embeddable":true,"href":"https:\/\/www.europesays.com\/fr\/wp-json\/wp\/v2\/users\/2"}],"replies":[{"embeddable":true,"href":"https:\/\/www.europesays.com\/fr\/wp-json\/wp\/v2\/comments?post=18091"}],"version-history":[{"count":0,"href":"https:\/\/www.europesays.com\/fr\/wp-json\/wp\/v2\/posts\/18091\/revisions"}],"wp:featuredmedia":[{"embeddable":true,"href":"https:\/\/www.europesays.com\/fr\/wp-json\/wp\/v2\/media\/18092"}],"wp:attachment":[{"href":"https:\/\/www.europesays.com\/fr\/wp-json\/wp\/v2\/media?parent=18091"}],"wp:term":[{"taxonomy":"category","embeddable":true,"href":"https:\/\/www.europesays.com\/fr\/wp-json\/wp\/v2\/categories?post=18091"},{"taxonomy":"post_tag","embeddable":true,"href":"https:\/\/www.europesays.com\/fr\/wp-json\/wp\/v2\/tags?post=18091"}],"curies":[{"name":"wp","href":"https:\/\/api.w.org\/{rel}","templated":true}]}}