{"id":180911,"date":"2025-06-16T13:30:17","date_gmt":"2025-06-16T13:30:17","guid":{"rendered":"https:\/\/www.europesays.com\/fr\/180911\/"},"modified":"2025-06-16T13:30:17","modified_gmt":"2025-06-16T13:30:17","slug":"bon-plan-les-ecouteurs-sans-fil-sony-wf-1000xm5-noir-5-etoiles-a-19999-e-17","status":"publish","type":"post","link":"https:\/\/www.europesays.com\/fr\/180911\/","title":{"rendered":"Bon plan \u2013 Les \u00e9couteurs sans fil Sony WF-1000XM5 Noir \u00ab\u00a05 \u00e9toiles\u00a0\u00bb \u00e0 199,99\u00a0\u20ac (-17%)"},"content":{"rendered":"<p>Mod\u00e8le concern\u00e9<\/p>\n<p class=\"ed__a-p ed__bdy__l\">Ce contenu porte sp\u00e9cifiquement sur le mod\u00e8le : Noir. D&rsquo;autres d\u00e9clinaisons existent et leurs prix sont indiqu\u00e9s dans les onglets du tableau ci-dessous.<\/p>\n<p class=\"ed__a-p ed__bdy__l\">Les WF-1000XM5 sont les nouveaux fers de lance de la gamme d\u2019\u00e9couteurs de Sony. Ils ont la lourde t\u00e2che de r\u00e9it\u00e9rer l\u2019exploit des excellents <a href=\"https:\/\/www.lesnumeriques.com\/intra-ecouteur-true-wireless\/sony-wf-1000xm4-p63783\/test.html\" title=\"\u00c9couteurs sans fil Sony WF-1000XM4 : l&#039;\u00e9lite des true wireless \u00e0 r\u00e9duction de bruit se trouve de nouveaux ambassadeurs\" rel=\"nofollow noopener\" target=\"_blank\">WF-1000XM4<\/a> et de redevenir les rois incontest\u00e9s du march\u00e9. Un but qu\u2019ils parviennent \u00e0 toucher du bout des doigts.<\/p>\n<p>Points forts<\/p>\n<ul class=\"is--plus\">\n<li>Rendu sonore incroyablement pr\u00e9cis et dynamique.<br \/>&#13;<\/li>\n<li>Sc\u00e8ne sonore spacieuse et naturelle.<br \/>&#13;<\/li>\n<li>R\u00e9duction de bruit redoutable.<br \/>&#13;<\/li>\n<li>Bonnes sensations de confort.<br \/>&#13;<\/li>\n<li>Autonomie colossale pour des \u00e9couteurs true wireless.<br \/>&#13;<\/li>\n<li>Nombreuses fonctionnalit\u00e9s avanc\u00e9es.<\/li>\n<\/ul>\n<p>\nPoints faibles<\/p>\n<ul class=\"is--minus\">\n<li>Forte sensation d\u2019intrusion dans le canal auditif.<br \/>&#13;<\/li>\n<li>Captation vocale d\u00e9cevante.<br \/>&#13;<\/li>\n<li>Mode d\u2019\u00e9coute des sons environnants qui manque de naturel.<br \/>&#13;<\/li>\n<li>Commandes non modifiables.<\/li>\n<\/ul>\n<p>        Publicit\u00e9, votre contenu continue ci-dessous<\/p>\n<p class=\"ed__a-p ed__bdy__l\">Comme leurs pr\u00e9d\u00e9cesseurs, les WF-1000XM5 parviennent sans probl\u00e8me \u00e0 se hisser parmi les meilleurs \u00e9couteurs true wireless du march\u00e9. Ils ont presque tout pour eux\u00a0: une signature sonore toujours aussi \u00e9patante, une autonomie gargantuesque et la meilleure r\u00e9duction de bruit rencontr\u00e9e \u00e0 ce jour sur des \u00e9couteurs. Ils s\u2019imposent donc comme un mod\u00e8le de choix, \u00e0 moins que vous soyez sensible \u00e0 la forte intrusion qu\u2019ils provoquent, ou que vous soyez \u00e0 la recherche d\u2019un bon kit mains-libres, ce qui leur co\u00fbte d\u2019ailleurs la premi\u00e8re marche du podium.<\/p>\n<p class=\"ed__a-p ed__bdy__l\">NB : La baisse de prix rapport\u00e9e est calcul\u00e9e en comparant le prix le plus bas du jour avec la moyenne des prix les plus bas pratiqu\u00e9s par tous les marchands pour le produit le mois dernier, avec des r\u00e8gles de s\u00e9curit\u00e9 pour \u00e9carter les prix des boutiques dont la politique en mati\u00e8re de TVA n\u2019est pas claire (dites boutiques \u201cgrises\u201d, typiquement en cas d\u2019import de Chine).<\/p>\n<p>En alternative<\/p>\n<p class=\"ed__a-p ed__bdy__l\">Trois ans apr\u00e8s leur sortie, les <a href=\"https:\/\/www.lesnumeriques.com\/intra-ecouteur-true-wireless\/apple-airpods-pro-p54603\/test.html\" title=\"\u00c9couteurs sans fil AirPods Pro : le coup de tonnerre sign\u00e9 Apple\" rel=\"nofollow noopener\" target=\"_blank\">premiers AirPods Pro<\/a> commen\u00e7aient s\u00e9rieusement \u00e0 souffrir de la concurrence. Ces AirPods Pro 2 relancent ainsi Apple dans la course avec une r\u00e9duction de bruit redoutable, un rendu sonore remarquable et un mode Transparence Adaptative tout simplement bluffant. Les AirPods Pro 2 sont \u00e9galement des mod\u00e8les de confort et disposent du meilleur kit mains-libres embarqu\u00e9 sur des \u00e9couteurs true wireless \u00e0 ce jour. Bref, si vous d\u00e9tenez un iPhone, vous pouvez foncer t\u00eate baiss\u00e9e\u00a0!<\/p>\n<p>        Publicit\u00e9, votre contenu continue ci-dessous<\/p>\n","protected":false},"excerpt":{"rendered":"Mod\u00e8le concern\u00e9 Ce contenu porte sp\u00e9cifiquement sur le mod\u00e8le : Noir. D&rsquo;autres d\u00e9clinaisons existent et leurs prix sont&hellip;\n","protected":false},"author":2,"featured_media":180912,"comment_status":"","ping_status":"","sticky":false,"template":"","format":"standard","meta":{"footnotes":""},"categories":[7],"tags":[1011,27,43,40,41,39,42,44],"class_list":{"0":"post-180911","1":"post","2":"type-post","3":"status-publish","4":"format-standard","5":"has-post-thumbnail","7":"category-sciences-et-technologies","8":"tag-fr","9":"tag-france","10":"tag-science","11":"tag-science-and-technology","12":"tag-sciences","13":"tag-sciences-et-technologies","14":"tag-technologies","15":"tag-technology"},"share_on_mastodon":{"url":"https:\/\/pubeurope.com\/@fr\/114693290719276411","error":""},"_links":{"self":[{"href":"https:\/\/www.europesays.com\/fr\/wp-json\/wp\/v2\/posts\/180911","targetHints":{"allow":["GET"]}}],"collection":[{"href":"https:\/\/www.europesays.com\/fr\/wp-json\/wp\/v2\/posts"}],"about":[{"href":"https:\/\/www.europesays.com\/fr\/wp-json\/wp\/v2\/types\/post"}],"author":[{"embeddable":true,"href":"https:\/\/www.europesays.com\/fr\/wp-json\/wp\/v2\/users\/2"}],"replies":[{"embeddable":true,"href":"https:\/\/www.europesays.com\/fr\/wp-json\/wp\/v2\/comments?post=180911"}],"version-history":[{"count":0,"href":"https:\/\/www.europesays.com\/fr\/wp-json\/wp\/v2\/posts\/180911\/revisions"}],"wp:featuredmedia":[{"embeddable":true,"href":"https:\/\/www.europesays.com\/fr\/wp-json\/wp\/v2\/media\/180912"}],"wp:attachment":[{"href":"https:\/\/www.europesays.com\/fr\/wp-json\/wp\/v2\/media?parent=180911"}],"wp:term":[{"taxonomy":"category","embeddable":true,"href":"https:\/\/www.europesays.com\/fr\/wp-json\/wp\/v2\/categories?post=180911"},{"taxonomy":"post_tag","embeddable":true,"href":"https:\/\/www.europesays.com\/fr\/wp-json\/wp\/v2\/tags?post=180911"}],"curies":[{"name":"wp","href":"https:\/\/api.w.org\/{rel}","templated":true}]}}