{"id":180917,"date":"2025-06-16T13:34:10","date_gmt":"2025-06-16T13:34:10","guid":{"rendered":"https:\/\/www.europesays.com\/fr\/180917\/"},"modified":"2025-06-16T13:34:10","modified_gmt":"2025-06-16T13:34:10","slug":"voici-les-sujets-et-les-corriges-en-serie-generale-du-lundi-16-juin","status":"publish","type":"post","link":"https:\/\/www.europesays.com\/fr\/180917\/","title":{"rendered":"voici les sujets et les corrig\u00e9s en s\u00e9rie g\u00e9n\u00e9rale du lundi 16\u00a0juin"},"content":{"rendered":"<p>        <img decoding=\"async\" loading=\"lazy\" src=\"https:\/\/www.europesays.com\/fr\/wp-content\/uploads\/2025\/06\/a9ed520_1658596334026-5c92e941240000f7054defcf.jpeg\"  width=\"728\" height=\"364\" alt=\"Le bac de philo vient juste de toucher \u00e0 sa fin, et les sujets et leurs corrig\u00e9s sont d\u00e9sormais accessibles en ligne.\"\/>  <\/p>\n<p>AFP<\/p>\n<p>Le bac de philo vient juste de toucher \u00e0 sa fin, et les sujets et leurs corrig\u00e9s sont d\u00e9sormais accessibles en ligne.<\/p>\n<p class=\"asset asset-text\">BAC 2025\u00a0&#8211; \u00c7a, c\u2019est fait. <a href=\"https:\/\/www.huffingtonpost.fr\/life\/article\/bac-de-philo-2025-decouvrez-le-sujet-en-serie-generale-du-lundi-16-juin_251392.html\" target=\"_blank\" rel=\"noopener\">La premi\u00e8re \u00e9preuve du bac<\/a>, pour les bacheliers de 2025, s\u2019est termin\u00e9e \u00e0 midi apr\u00e8s quatre heures de philosophie intense. Alors que l\u2019examen vient juste de toucher \u00e0 sa fin, les sujets et <a href=\"https:\/\/www.huffingtonpost.fr\/france\/article\/sujets-du-bac-philo-2025-dans-les-coulisses-de-fabrication-des-corriges-publies-des-la-fin-des-epreuves-clx1_251228.html\" target=\"_blank\" rel=\"noopener\">leurs corrig\u00e9s sont d\u00e9sormais accessibles en ligne<\/a>.<\/p>\n<p class=\"asset asset-text\">En s\u00e9rie g\u00e9n\u00e9rale, parmi les 17\u00a0notions au programme de philosophie en terminale, les futurs bacheliers ont eu le choix entre un sujet de dissertation sur la technique (\u00ab\u00a0Notre avenir d\u00e9pend-il de la technique\u00a0?\u00a0\u00bb) et sur la v\u00e9rit\u00e9 (\u00ab\u00a0La v\u00e9rit\u00e9 est-elle toujours convaincante\u00a0?\u00a0\u00bb), ainsi qu\u2019un commentaire de texte de John Rawls tir\u00e9 de la c\u00e9l\u00e8bre Th\u00e9orie de la justice.<\/p>\n<p class=\"asset asset-text\">Vous sortez juste de l\u2019\u00e9preuve et vous demandez si vous avez manipul\u00e9 les bonnes r\u00e9f\u00e9rences\u00a0? Votre enfant passait son bac de philo ce matin et vous vous demandez ce que vous auriez fait \u00e0 sa place\u00a0? Retrouvez les corrig\u00e9s de l\u2019\u00e9preuve ci-dessous.<\/p>\n<p>    Sujets et corrig\u00e9s du bac de philosophie 2025       <\/p>\n<p> La lecture de ce contenu est susceptible d\u2019entra\u00eener un d\u00e9p\u00f4t de cookies de la part de l\u2019op\u00e9rateur tiers qui l\u2019h\u00e9berge. Compte-tenu des choix que vous avez exprim\u00e9s en mati\u00e8re de d\u00e9p\u00f4t de cookies, nous avons bloqu\u00e9 l\u2019affichage de ce contenu. Si vous souhaitez y acc\u00e9der, vous devez accepter la cat\u00e9gorie de cookies \u201cContenus tiers\u201d en cliquant sur le bouton ci-dessous. <\/p>\n<p> Lire la Vid\u00e9o        <\/p>\n<p class=\"asset asset-text\">Les lyc\u00e9ens vont pouvoir se reposer et reprendre des forces cet apr\u00e8s-midi avant d\u2019encha\u00eener sur la suite de leurs examens les 17, 18\u00a0et 19\u00a0juin\u00a02025, selon leurs sp\u00e9cialit\u00e9s et leurs options. Les \u00e9preuves du Grand oral auront lieu quant \u00e0 elles du 23\u00a0juin au 2\u00a0juillet. Les r\u00e9sultats tomberont le 4\u00a0juillet\u00a02025, et permettront aux \u00e9l\u00e8ves de savoir s\u2019ils doivent se remettre aux r\u00e9visions pour pr\u00e9parer les rattrapages, ou se concentrer sur les \u00e9tapes d\u2019admission en \u00e9tudes sup\u00e9rieures <a href=\"https:\/\/www.huffingtonpost.fr\/france\/article\/parcoursup-admission-liste-d-attente-ou-refus-les-premiers-resultats-vont-tomber_250784.html\" target=\"_blank\" rel=\"noopener\">via Parcoursup<\/a>.<\/p>\n<p class=\"asset asset-text\">Retrouvez tous les\u00a0sujets et corrig\u00e9s du bac 2025\u00a0sur\u00a0<a href=\"https:\/\/www.studyrama.com\/\" target=\"_blank\" rel=\"noopener\" title=\"Nouvelle fen\u00eatre\">Studyrama.com<\/a><\/p>\n","protected":false},"excerpt":{"rendered":"AFP Le bac de philo vient juste de toucher \u00e0 sa fin, et les sujets et leurs corrig\u00e9s&hellip;\n","protected":false},"author":2,"featured_media":180918,"comment_status":"","ping_status":"","sticky":false,"template":"","format":"standard","meta":{"footnotes":""},"categories":[2],"tags":[11,31780,31781,3867,1011,27,5656,12,31857],"class_list":{"0":"post-180917","1":"post","2":"type-post","3":"status-publish","4":"format-standard","5":"has-post-thumbnail","7":"category-actualites","8":"tag-actualites","9":"tag-bac-2025","10":"tag-bac-de-philo","11":"tag-baccalaureat","12":"tag-fr","13":"tag-france","14":"tag-life","15":"tag-news","16":"tag-vie-lyceenne"},"share_on_mastodon":{"url":"https:\/\/pubeurope.com\/@fr\/114693306222339769","error":""},"_links":{"self":[{"href":"https:\/\/www.europesays.com\/fr\/wp-json\/wp\/v2\/posts\/180917","targetHints":{"allow":["GET"]}}],"collection":[{"href":"https:\/\/www.europesays.com\/fr\/wp-json\/wp\/v2\/posts"}],"about":[{"href":"https:\/\/www.europesays.com\/fr\/wp-json\/wp\/v2\/types\/post"}],"author":[{"embeddable":true,"href":"https:\/\/www.europesays.com\/fr\/wp-json\/wp\/v2\/users\/2"}],"replies":[{"embeddable":true,"href":"https:\/\/www.europesays.com\/fr\/wp-json\/wp\/v2\/comments?post=180917"}],"version-history":[{"count":0,"href":"https:\/\/www.europesays.com\/fr\/wp-json\/wp\/v2\/posts\/180917\/revisions"}],"wp:featuredmedia":[{"embeddable":true,"href":"https:\/\/www.europesays.com\/fr\/wp-json\/wp\/v2\/media\/180918"}],"wp:attachment":[{"href":"https:\/\/www.europesays.com\/fr\/wp-json\/wp\/v2\/media?parent=180917"}],"wp:term":[{"taxonomy":"category","embeddable":true,"href":"https:\/\/www.europesays.com\/fr\/wp-json\/wp\/v2\/categories?post=180917"},{"taxonomy":"post_tag","embeddable":true,"href":"https:\/\/www.europesays.com\/fr\/wp-json\/wp\/v2\/tags?post=180917"}],"curies":[{"name":"wp","href":"https:\/\/api.w.org\/{rel}","templated":true}]}}