{"id":180938,"date":"2025-06-16T13:45:17","date_gmt":"2025-06-16T13:45:17","guid":{"rendered":"https:\/\/www.europesays.com\/fr\/180938\/"},"modified":"2025-06-16T13:45:17","modified_gmt":"2025-06-16T13:45:17","slug":"grenoble-la-fin-de-ce-dispositif-est-benefique-pour-les-commercants-ils-etaient-invisibles","status":"publish","type":"post","link":"https:\/\/www.europesays.com\/fr\/180938\/","title":{"rendered":"Grenoble. La fin de ce dispositif est b\u00e9n\u00e9fique pour les commer\u00e7ants : \u00ab\u00a0Ils \u00e9taient invisibles\u00a0\u00bb"},"content":{"rendered":"<p>            Par<br \/>\n        <strong><br \/>\n            <a href=\"https:\/\/actu.fr\/auteur\/julien-sournies\" title=\"Consulter tous les articles de Julien Sournies\" target=\"_blank\" rel=\"noopener\">Julien Sournies<\/a><br \/>\n        <\/strong><\/p>\n<p>        Publi\u00e9 le<\/p>\n<p>            16 juin 2025 \u00e0 13h53        <\/p>\n<p>Exp\u00e9riment\u00e9 <a href=\"https:\/\/actu.fr\/auvergne-rhone-alpes\/grenoble_38185\/grenoble-pourquoi-les-habitants-de-la-metro-recevront-ils-moins-de-publicites-en-2022_48084253.html\" target=\"_blank\" rel=\"noopener\">depuis trois ans<\/a>, le dispositif <strong>\u00ab\u2009Oui Pub\u2009\u00bb<\/strong>, interdisant le d\u00e9p\u00f4t de publicit\u00e9s dans les bo\u00eetes aux lettres ne disposant pas de ce sticker, n\u2019a pas \u00e9t\u00e9 reconduit par le gouvernement en mai dernier. Ainsi, il est possible pour tous les habitants de <a href=\"https:\/\/actu.fr\/grenoble\/\" target=\"_blank\" rel=\"noopener\">Grenoble<\/a> (<a href=\"https:\/\/actu.fr\/auvergne-rhone-alpes\/isere_38\" target=\"_blank\" rel=\"noopener\">Is\u00e8re<\/a>) de recevoir \u00e0 nouveau des catalogues publicitaires et autres flyers promotionnels.<\/p>\n<p class=\" wall-content\">Alors que Lionel Coiffard, vice-pr\u00e9sident de Grenoble-Alpes M\u00e9tropole en charge de la collecte et de la valorisation des d\u00e9chets, a fait part de son indignation\u00a0<a href=\"https:\/\/actu.fr\/auvergne-rhone-alpes\/grenoble_38185\/grenoble-le-coup-de-gueule-de-cet-elu-sur-le-retour-des-pubs-dans-les-boites-aux-lettres_62615147.html\" target=\"_blank\" rel=\"noopener\">sur les r\u00e9seaux sociaux<\/a> \u00e0 la suite de l\u2019abandon de ce dispositif, estimant, entre autres, qu\u2019il a permis de r\u00e9duire drastiquement la quantit\u00e9 de d\u00e9chets papiers, les acteurs li\u00e9s \u00e0 l\u2019imprim\u00e9 publicitaire ont tenu \u00e0 <strong>prendre le contre-pied<\/strong>.<\/p>\n<p>\u00ab\u2009Non, il n\u2019est pas souhaitable de g\u00e9n\u00e9raliser le Oui Pub\u2009\u00bb<\/p>\n<p class=\" wall-content\">\u00ab\u2009Au d\u00e9triment de son commerce de proximit\u00e9 et en privil\u00e9giant la publicit\u00e9 num\u00e9rique qui ne b\u00e9n\u00e9ficie qu\u2019aux grandes plateformes \u00e9trang\u00e8res comme Shein, la position exprim\u00e9e par M. Coiffard semble s\u2019\u00e9carter des conclusions \u00e9tablies par l\u2019ADEME (Agence de la transition \u00e9cologique, NDLR), et n\u00e9glige certaines dimensions fondamentales de l\u2019exp\u00e9rimentation Oui Pub\u2009\u00bb, d\u00e9noncent Lo\u00efc Verley et Arnaud Dubin, portes-paroles du Cercle d\u2019Alli\u00e9s.<\/p>\n<blockquote class=\"ac-article-quote wall-content\">\n<p>Non, il n\u2019est pas souhaitable de g\u00e9n\u00e9raliser le Oui Pub alors m\u00eame que l\u2019ADEME a d\u00e9montr\u00e9 dans son rapport d\u2019\u00e9valuation qu\u2019on ne peut pas \u00ab conclure qu\u2019un moindre recours au papier et un usage accru du num\u00e9rique serait moins polluant \u00bb.<\/p>\n<p>    <strong>Portes-paroles du Cercle d\u2019Alli\u00e9s<\/strong>\n            <\/p><\/blockquote>\n<p>\u00ab\u2009Nos commerces n\u2019ont gu\u00e8re d\u2019autres options que l\u2019imprim\u00e9 publicitaire\u2009\u00bb<\/p>\n<p class=\" wall-content\">Surtout, selon le regroupement informel de l\u2019ensemble des acteurs \u00e9conomiques li\u00e9s \u00e0 l\u2019imprim\u00e9 publicitaire et au papier, la disparition de \u00ab\u2009Oui Pub\u2009\u00bb s\u2019av\u00e8re finalement <strong>b\u00e9n\u00e9fique aux commerces grenoblois<\/strong>, secteur en grande difficult\u00e9 ces derni\u00e8res ann\u00e9es.<\/p>\n<p class=\" wall-content\">\u00ab\u2009L\u2019imprim\u00e9 publicitaire, a contrario des propos de monsieur Coiffard, repr\u00e9sente bien plus que du\u2009\u00a0\u00bbg\u00e2chis de papier\u00a0\u00bb. Nos commerces, \u00e0 taille humaine et proches des habitants, n\u2019ont gu\u00e8re d\u2019autres options que l\u2019imprim\u00e9 publicitaire pour attirer les consommateurs dans leurs boutiques et cr\u00e9er du trafic en magasin, alors que Grenoble a 12\u2009% de ses commerces vacants\u2009\u00bb, avancent les portes-paroles du Cercle d\u2019Alli\u00e9s.<\/p>\n<p>\u00ab\u2009Oui Pub\u2009\u00bb invisibilisait les commerces<\/p>\n<p class=\" wall-content\">Et ces derniers de poursuivre\u2009: \u00ab\u2009Le Oui Pub les a forc\u00e9s sur les zones exp\u00e9rimentales \u00e0 rentrer dans l\u2019ar\u00e8ne de la publicit\u00e9 en ligne o\u00f9 ils sont <strong>invisibles<\/strong>, en reportant leurs campagnes vers les grandes plateformes num\u00e9riques \u2013 souvent \u00e9trang\u00e8res \u2013 dont le mod\u00e8le est opaque, peu cr\u00e9ateur d\u2019emplois locaux, et dont l\u2019empreinte carbone reste peu mesur\u00e9e.\u2009\u00bb<\/p>\n<blockquote class=\"ac-article-quote wall-content\">\n<p>Nous appelons donc monsieur Coiffard \u00e0 sortir de la logique du bannissement pour entrer dans celle du dialogue ouvert et constructif avec la fili\u00e8re papier, pour trouver des solutions viables qui r\u00e9pondent aux exigences de chacun, aux attentes des consommateurs et \u00e0 la vitalit\u00e9 de nos centres-villes.<\/p>\n<p>    <strong>Portes-paroles du Cercle d&rsquo;Alli\u00e9s<\/strong>\n            <\/p><\/blockquote>\n<p class=\" wall-content\">De fait, le dispositif ayant \u00e9t\u00e9 abandonn\u00e9, les habitants qui ne souhaitent pas recevoir d\u2019imprim\u00e9s publicitaires doivent de nouveau apposer la mention <strong>\u00ab\u2009Stop Pub\u2009\u00bb<\/strong> sur leur bo\u00eete aux lettres.<\/p>\n<p class=\" wall-content\">Suivez toute l\u2019actualit\u00e9 de vos villes et m\u00e9dias favoris en vous inscrivant \u00e0 <a href=\"https:\/\/moncompte.actu.fr\" title=\"D\u00e9couvez Mon Actu\" rel=\"nofollow noopener\" data-trk=\"{&quot;cta&quot;:{&quot;action&quot;:&quot;https:\\\/\\\/moncompte.actu.fr&quot;,&quot;category&quot;:&quot;mon compte&quot;,&quot;from&quot;:&quot;article footer&quot;,&quot;name&quot;:&quot;Mon actu&quot;,&quot;type&quot;:&quot;cta&quot;}}\" target=\"_blank\">Mon Actu<\/a>.<\/p>\n<ul class=\"ac-article-tag wall-content\">\n<li><a href=\"https:\/\/actu.fr\/tag\/ecologie\" data-trk=\"{&quot;cta&quot;:{&quot;action&quot;:&quot;Ecologie&quot;,&quot;category&quot;:&quot;tag&quot;,&quot;from&quot;:&quot;article footer&quot;,&quot;name&quot;:&quot;Ecologie&quot;,&quot;type&quot;:&quot;cta&quot;}}\" target=\"_blank\" rel=\"noopener\">#Ecologie<\/a><\/li>\n<li><a href=\"https:\/\/actu.fr\/tag\/grenoble-alpes-metropole\" data-trk=\"{&quot;cta&quot;:{&quot;action&quot;:&quot;Grenoble-Alpes M\\u00e9tropole&quot;,&quot;category&quot;:&quot;tag&quot;,&quot;from&quot;:&quot;article footer&quot;,&quot;name&quot;:&quot;Grenoble-Alpes M\\u00e9tropole&quot;,&quot;type&quot;:&quot;cta&quot;}}\" target=\"_blank\" rel=\"noopener\">#Grenoble-Alpes M\u00e9tropole<\/a><\/li>\n<\/ul>\n","protected":false},"excerpt":{"rendered":"Par Julien Sournies Publi\u00e9 le 16 juin 2025 \u00e0 13h53 Exp\u00e9riment\u00e9 depuis trois ans, le dispositif \u00ab\u2009Oui Pub\u2009\u00bb,&hellip;\n","protected":false},"author":2,"featured_media":180939,"comment_status":"","ping_status":"","sticky":false,"template":"","format":"standard","meta":{"footnotes":""},"categories":[9566],"tags":[1111,11,2430,51,33,1777,674,1011,27,2731,19692,12,25],"class_list":{"0":"post-180938","1":"post","2":"type-post","3":"status-publish","4":"format-standard","5":"has-post-thumbnail","7":"category-grenoble","8":"tag-actu","9":"tag-actualites","10":"tag-auvergne-rhone-alpes","11":"tag-ecologie","12":"tag-economie","13":"tag-eu","14":"tag-europe","15":"tag-fr","16":"tag-france","17":"tag-grenoble","18":"tag-grenoble-alpes-metropole","19":"tag-news","20":"tag-republique-francaise"},"share_on_mastodon":{"url":"https:\/\/pubeurope.com\/@fr\/114693349454361228","error":""},"_links":{"self":[{"href":"https:\/\/www.europesays.com\/fr\/wp-json\/wp\/v2\/posts\/180938","targetHints":{"allow":["GET"]}}],"collection":[{"href":"https:\/\/www.europesays.com\/fr\/wp-json\/wp\/v2\/posts"}],"about":[{"href":"https:\/\/www.europesays.com\/fr\/wp-json\/wp\/v2\/types\/post"}],"author":[{"embeddable":true,"href":"https:\/\/www.europesays.com\/fr\/wp-json\/wp\/v2\/users\/2"}],"replies":[{"embeddable":true,"href":"https:\/\/www.europesays.com\/fr\/wp-json\/wp\/v2\/comments?post=180938"}],"version-history":[{"count":0,"href":"https:\/\/www.europesays.com\/fr\/wp-json\/wp\/v2\/posts\/180938\/revisions"}],"wp:featuredmedia":[{"embeddable":true,"href":"https:\/\/www.europesays.com\/fr\/wp-json\/wp\/v2\/media\/180939"}],"wp:attachment":[{"href":"https:\/\/www.europesays.com\/fr\/wp-json\/wp\/v2\/media?parent=180938"}],"wp:term":[{"taxonomy":"category","embeddable":true,"href":"https:\/\/www.europesays.com\/fr\/wp-json\/wp\/v2\/categories?post=180938"},{"taxonomy":"post_tag","embeddable":true,"href":"https:\/\/www.europesays.com\/fr\/wp-json\/wp\/v2\/tags?post=180938"}],"curies":[{"name":"wp","href":"https:\/\/api.w.org\/{rel}","templated":true}]}}