{"id":180950,"date":"2025-06-16T13:51:10","date_gmt":"2025-06-16T13:51:10","guid":{"rendered":"https:\/\/www.europesays.com\/fr\/180950\/"},"modified":"2025-06-16T13:51:10","modified_gmt":"2025-06-16T13:51:10","slug":"une-importante-panne-de-reseau-touche-sfr-en-france-les-alpes-maritimes-et-le-var-concernes","status":"publish","type":"post","link":"https:\/\/www.europesays.com\/fr\/180950\/","title":{"rendered":"Une importante panne de r\u00e9seau touche SFR en France, les Alpes-Maritimes et le Var concern\u00e9s"},"content":{"rendered":"<p>Plus de SMS, pas d&rsquo;internet et appel impossible.\u00a0Une importante panne de r\u00e9seau touchait ce lundi en fin de matin\u00e9e les abonn\u00e9s du r\u00e9seau SFR.\u00a0Les Alpes-Maritimes et le Var sont concern\u00e9s.\u00a0<\/p>\n<p>La panne s&rsquo;est d\u00e9clar\u00e9e aux alentours de 12h. De tr\u00e8s nombreux signalements ont \u00e9t\u00e9 faits sur le site Dowdetector, qui recense les pannes et interruptions en temps r\u00e9el des services tels qu\u2019Internet, les plateformes d\u2019h\u00e9bergement web et les r\u00e9seaux sociaux.<\/p>\n<p>Sur Twitter, de nombreux utilisateurs partageaient leur d\u00e9sarroi.\u00a0<\/p>\n<blockquote class=\"twitter-tweet\">\n<p lang=\"fr\" dir=\"ltr\">euh jsuis le seul qu\u2019a plus de reseau avec SFR ???? je marche au wifi l\u00e0 je capte rien sinon c\u2019est quoi ce delire<\/p>\n<p>\u2014 yaya\ud83d\udc2c (@lebebeworiginel) <a href=\"https:\/\/twitter.com\/lebebeworiginel\/status\/1934558196196360461?ref_src=twsrc%5Etfw\" target=\"_blank\" rel=\"noopener\">June 16, 2025<\/a><\/p><\/blockquote>\n<p>A cette heure, SFR n&rsquo;a pas communiqu\u00e9 sur les raisons de cette panne.\u00a0<\/p>\n<p>                                                                                                                                        <script async src=\"https:\/\/platform.twitter.com\/widgets.js\" charset=\"utf-8\"><\/script><\/p>\n","protected":false},"excerpt":{"rendered":"Plus de SMS, pas d&rsquo;internet et appel impossible.\u00a0Une importante panne de r\u00e9seau touchait ce lundi en fin de&hellip;\n","protected":false},"author":2,"featured_media":180951,"comment_status":"","ping_status":"","sticky":false,"template":"","format":"standard","meta":{"footnotes":""},"categories":[2819],"tags":[1111,11,1777,674,332,1011,27,12,2401,882,25],"class_list":{"0":"post-180950","1":"post","2":"type-post","3":"status-publish","4":"format-standard","5":"has-post-thumbnail","7":"category-nice","8":"tag-actu","9":"tag-actualites","10":"tag-eu","11":"tag-europe","12":"tag-faits-de-societe","13":"tag-fr","14":"tag-france","15":"tag-news","16":"tag-nice","17":"tag-provence-alpes-cote-dazur","18":"tag-republique-francaise"},"share_on_mastodon":{"url":"https:\/\/pubeurope.com\/@fr\/114693372831988431","error":""},"_links":{"self":[{"href":"https:\/\/www.europesays.com\/fr\/wp-json\/wp\/v2\/posts\/180950","targetHints":{"allow":["GET"]}}],"collection":[{"href":"https:\/\/www.europesays.com\/fr\/wp-json\/wp\/v2\/posts"}],"about":[{"href":"https:\/\/www.europesays.com\/fr\/wp-json\/wp\/v2\/types\/post"}],"author":[{"embeddable":true,"href":"https:\/\/www.europesays.com\/fr\/wp-json\/wp\/v2\/users\/2"}],"replies":[{"embeddable":true,"href":"https:\/\/www.europesays.com\/fr\/wp-json\/wp\/v2\/comments?post=180950"}],"version-history":[{"count":0,"href":"https:\/\/www.europesays.com\/fr\/wp-json\/wp\/v2\/posts\/180950\/revisions"}],"wp:featuredmedia":[{"embeddable":true,"href":"https:\/\/www.europesays.com\/fr\/wp-json\/wp\/v2\/media\/180951"}],"wp:attachment":[{"href":"https:\/\/www.europesays.com\/fr\/wp-json\/wp\/v2\/media?parent=180950"}],"wp:term":[{"taxonomy":"category","embeddable":true,"href":"https:\/\/www.europesays.com\/fr\/wp-json\/wp\/v2\/categories?post=180950"},{"taxonomy":"post_tag","embeddable":true,"href":"https:\/\/www.europesays.com\/fr\/wp-json\/wp\/v2\/tags?post=180950"}],"curies":[{"name":"wp","href":"https:\/\/api.w.org\/{rel}","templated":true}]}}