{"id":180954,"date":"2025-06-16T13:53:13","date_gmt":"2025-06-16T13:53:13","guid":{"rendered":"https:\/\/www.europesays.com\/fr\/180954\/"},"modified":"2025-06-16T13:53:13","modified_gmt":"2025-06-16T13:53:13","slug":"la-philo-pas-la-matiere-qui-stresse-le-plus-les-candidats-au-bac","status":"publish","type":"post","link":"https:\/\/www.europesays.com\/fr\/180954\/","title":{"rendered":"La philo, pas la mati\u00e8re qui stresse le plus les candidats au bac"},"content":{"rendered":"<p>Et une de pass\u00e9e\u00a0! Pas l\u2019\u00e9preuve la plus stressante \u00e0 en croire les lyc\u00e9ens \u00e0 la sortie du bac de philo. Il est \u00e0 peine un peu plus de 11\u00a0h devant le lyc\u00e9e Nelson-Mandela, \u00e0 Nantes, et d\u00e9j\u00e0, quelques-uns des candidats ont rendu leur copie. Impressions\u00a0? <strong>\u00ab\u00a0\u00c7a va. Pas tr\u00e8s dur\u00bb,<\/strong> estiment Enaya Younes, 18\u00a0ans et Souad Hougron, 17\u00a0ans. <strong>\u00ab\u00a0Moins pire que ce \u00e0 quoi je m\u2019attendais. Et des sujets que j\u2019avais pleinement r\u00e9vis\u00e9s\u00a0\u00bb,<\/strong> confie Enaya. Solal Perrin-Pfender est sorti une heure apr\u00e8s le d\u00e9but de l\u2019examen. On s\u2019\u00e9tonne.\u00a0La panne s\u00e8che\u00a0? <strong>\u00ab\u00a0Pas du tout. J\u2019ai \u00e9t\u00e9 efficace, je pense.\u00a0\u00bb<\/strong>\u00a0<a href=\"https:\/\/rennes.maville.com\/actu\/actudet_-bac-de-philo-2025-verite-liberte-art...-decouvrez-les-sujets-de-l-epreuve-de-ce-lundi-_54135-6855832_actu.Htm\" target=\"_self\" rel=\"noopener\">En bac techno, il a choisi le sujet sur la justice.<\/a> Un commentaire de texte extrait de la Th\u00e9orie des sentiments moraux, du philosophe anglais Adam Smith. Allissa Di-Nardi, en bac g\u00e9n\u00e9ral, a opt\u00e9 elle aussi pour le commentaire. <strong>\u00ab\u00a0Pas besoin de connaissances particuli\u00e8res pour le commentaire,<\/strong> dit-elle. <strong>Ce qui m\u2019arrange bien.\u00a0\u00bb<\/strong><\/p>\n<p>Plut\u00f4t zen, en tout cas, tout ce petit monde. \u00ab<strong>\u00a0J\u2019ai d\u00e9j\u00e0 14\u00a0de moyenne g\u00e9n\u00e9rale. Il faudrait que j\u2019ai 6 \u00e0 toutes les mati\u00e8res pour avoir 10 et le bac,<\/strong> a calcul\u00e9 Victor Bordeau. <strong> <a href=\"https:\/\/rennes.maville.com\/actu\/actudet_--simple-formalite-rite-de-passage-...-mais-a-quoi-sert-encore-le-bac-aujourd-hui-_54135-6854727_actu.Htm\" target=\"_self\" rel=\"noopener\">Le bac, on sait d\u00e9j\u00e0 qu\u2019on l\u2019a\u00a0\u00bb.<\/a> <\/strong><\/p>\n<p>\u00ab\u00a0On est soulag\u00e9\u00a0\u00bb<\/p>\n<p>Pas la mati\u00e8re qui les inqui\u00e8te le plus, semble-t-il.<strong> \u00ab\u00a0C\u2019est tellement subjectif, de toute fa\u00e7on, avec plein de notions, que c\u2019est vraiment difficile de faire des pronostics\u00bb,<\/strong> estime Enaya.<strong> \u00ab\u00a0Toujours un peu quitte ou double,<\/strong> abonde un petit groupe de copines, Mila Herry, Elina Zhu et Lia Veillaux.<strong> On n\u2019est jamais tr\u00e8s s\u00fbr de ce qu\u2019on rend. Mais bon, l\u00e0, on est soulag\u00e9\u00a0\u00bb.<\/strong><\/p>\n<p>Si la mati\u00e8re int\u00e9resse, malgr\u00e9 tout, elle n\u2019est pas celle \u00e0 laquelle il consacre le plus de temps de travail.<strong> \u00ab\u00a0Il faut, plus que les autres disciplines, un bon prof, pour qu\u2019il rende le cours int\u00e9ressant,<\/strong> estime Souad. <strong>Car c\u2019est une mati\u00e8re qui n\u00e9cessite du d\u00e9bat, de l\u2019\u00e9change. C\u2019est une mati\u00e8re vivante.\u00a0\u00bb<\/strong>,<\/p>\n<p>Il semble loin, en tout cas, le temps o\u00f9 l\u2019\u00e9preuve de philo \u00e9tait redout\u00e9e et marquait le d\u00e9but d\u2019un marathon \u00e9prouvant. <strong>\u00ab\u00a0Ce qu\u2019on vise, l\u00e0, c\u2019est la mention\u00a0\u00bb,<\/strong> commentent plusieurs des lyc\u00e9ens. L\u2019apr\u00e8s-bac, beaucoup le connaissent d\u00e9j\u00e0. Enaya, Souad et les autres sont d\u00e9j\u00e0 fix\u00e9s sur le sort. Et plut\u00f4t content. Les \u00e9l\u00e8ves rencontr\u00e9s ce lundi ont tous obtenu la formation qu\u2019ils souhaitaient. Depuis janvier, m\u00eame, pour certains. Comme Alissa, candidate pour un bachelor son et musique, hors Parcoursup.<\/p>\n<p>\u00a0<\/p>\n","protected":false},"excerpt":{"rendered":"Et une de pass\u00e9e\u00a0! Pas l\u2019\u00e9preuve la plus stressante \u00e0 en croire les lyc\u00e9ens \u00e0 la sortie du&hellip;\n","protected":false},"author":2,"featured_media":180955,"comment_status":"","ping_status":"","sticky":false,"template":"","format":"standard","meta":{"footnotes":""},"categories":[2818],"tags":[1111,11,3050,427,1777,674,1011,27,17001,766,12,2636,31859,25,31860],"class_list":{"0":"post-180954","1":"post","2":"type-post","3":"status-publish","4":"format-standard","5":"has-post-thumbnail","7":"category-nantes","8":"tag-actu","9":"tag-actualites","10":"tag-bac","11":"tag-candidats","12":"tag-eu","13":"tag-europe","14":"tag-fr","15":"tag-france","16":"tag-matiere","17":"tag-nantes","18":"tag-news","19":"tag-pays-de-la-loire","20":"tag-philo","21":"tag-republique-francaise","22":"tag-stresse"},"share_on_mastodon":{"url":"https:\/\/pubeurope.com\/@fr\/114693380932139681","error":""},"_links":{"self":[{"href":"https:\/\/www.europesays.com\/fr\/wp-json\/wp\/v2\/posts\/180954","targetHints":{"allow":["GET"]}}],"collection":[{"href":"https:\/\/www.europesays.com\/fr\/wp-json\/wp\/v2\/posts"}],"about":[{"href":"https:\/\/www.europesays.com\/fr\/wp-json\/wp\/v2\/types\/post"}],"author":[{"embeddable":true,"href":"https:\/\/www.europesays.com\/fr\/wp-json\/wp\/v2\/users\/2"}],"replies":[{"embeddable":true,"href":"https:\/\/www.europesays.com\/fr\/wp-json\/wp\/v2\/comments?post=180954"}],"version-history":[{"count":0,"href":"https:\/\/www.europesays.com\/fr\/wp-json\/wp\/v2\/posts\/180954\/revisions"}],"wp:featuredmedia":[{"embeddable":true,"href":"https:\/\/www.europesays.com\/fr\/wp-json\/wp\/v2\/media\/180955"}],"wp:attachment":[{"href":"https:\/\/www.europesays.com\/fr\/wp-json\/wp\/v2\/media?parent=180954"}],"wp:term":[{"taxonomy":"category","embeddable":true,"href":"https:\/\/www.europesays.com\/fr\/wp-json\/wp\/v2\/categories?post=180954"},{"taxonomy":"post_tag","embeddable":true,"href":"https:\/\/www.europesays.com\/fr\/wp-json\/wp\/v2\/tags?post=180954"}],"curies":[{"name":"wp","href":"https:\/\/api.w.org\/{rel}","templated":true}]}}