{"id":180968,"date":"2025-06-16T14:00:16","date_gmt":"2025-06-16T14:00:16","guid":{"rendered":"https:\/\/www.europesays.com\/fr\/180968\/"},"modified":"2025-06-16T14:00:16","modified_gmt":"2025-06-16T14:00:16","slug":"orbit-culture-en-concert-a-lille-et-a-paris-en-novembre-2025-news-rockurlife","status":"publish","type":"post","link":"https:\/\/www.europesays.com\/fr\/180968\/","title":{"rendered":"Orbit Culture : en concert \u00e0 Lille et \u00e0 Paris en novembre 2025 ! &#8211; News &#8211; RockUrLife"},"content":{"rendered":"<p>Apr\u00e8s avoir annonc\u00e9 son nouvel album\u00a0<strong>Death Above Life<\/strong> et d\u00e9voil\u00e9 un single gla\u00e7ant du m\u00eame nom,\u00a0<strong>Orbit Culture<\/strong> passe \u00e0 la vitesse sup\u00e9rieure : le quatuor su\u00e9dois donnera deux concerts exceptionnels en <strong>France<\/strong> cet automne !<\/p>\n<p>Rendez-vous le <strong>5 novembre au Splendid (Lille)<\/strong> e le lendemain, le <strong>6 novembre 2025 au Bataclan (Paris)<\/strong>.<\/p>\n<p>L\u2019occasion id\u00e9ale de d\u00e9couvrir en live la nouvelle \u00e8re du groupe, plus sombre, cin\u00e9matographique et visc\u00e9rale que jamais. Attendez-vous \u00e0 un show lourd de sens, port\u00e9 par des titres puissants et une atmosph\u00e8re pesante \u00e0 souhait. Une exp\u00e9rience \u00e0 ne pas manquer pour les amateurs de death metal m\u00e9lodique \u00e0 haute intensit\u00e9.<\/p>\n<p>Mise en vente des billets ce vendredi 20 juin \u00e0 11h <a href=\"https:\/\/ow.ly\/NrCb50W9SEM\" target=\"_blank\" rel=\"noopener\">ici<\/a>.<\/p>\n<p><img loading=\"lazy\" decoding=\"async\" width=\"1024\" height=\"576\" src=\"https:\/\/www.europesays.com\/fr\/wp-content\/uploads\/2025\/06\/IMG_0827-1024x576.jpeg\" alt=\"\" class=\"wp-image-223293\"\/><\/p>\n","protected":false},"excerpt":{"rendered":"Apr\u00e8s avoir annonc\u00e9 son nouvel album\u00a0Death Above Life et d\u00e9voil\u00e9 un single gla\u00e7ant du m\u00eame nom,\u00a0Orbit Culture passe&hellip;\n","protected":false},"author":2,"featured_media":180969,"comment_status":"","ping_status":"","sticky":false,"template":"","format":"standard","meta":{"footnotes":""},"categories":[2815],"tags":[1111,11,18543,1777,674,1011,27,811,31861,1307,12,31738,626,25],"class_list":{"0":"post-180968","1":"post","2":"type-post","3":"status-publish","4":"format-standard","5":"has-post-thumbnail","7":"category-lille","8":"tag-actu","9":"tag-actualites","10":"tag-bataclan","11":"tag-eu","12":"tag-europe","13":"tag-fr","14":"tag-france","15":"tag-hauts-de-france","16":"tag-le-splendid","17":"tag-lille","18":"tag-news","19":"tag-orbit-culture","20":"tag-paris","21":"tag-republique-francaise"},"share_on_mastodon":{"url":"https:\/\/pubeurope.com\/@fr\/114693408337834971","error":""},"_links":{"self":[{"href":"https:\/\/www.europesays.com\/fr\/wp-json\/wp\/v2\/posts\/180968","targetHints":{"allow":["GET"]}}],"collection":[{"href":"https:\/\/www.europesays.com\/fr\/wp-json\/wp\/v2\/posts"}],"about":[{"href":"https:\/\/www.europesays.com\/fr\/wp-json\/wp\/v2\/types\/post"}],"author":[{"embeddable":true,"href":"https:\/\/www.europesays.com\/fr\/wp-json\/wp\/v2\/users\/2"}],"replies":[{"embeddable":true,"href":"https:\/\/www.europesays.com\/fr\/wp-json\/wp\/v2\/comments?post=180968"}],"version-history":[{"count":0,"href":"https:\/\/www.europesays.com\/fr\/wp-json\/wp\/v2\/posts\/180968\/revisions"}],"wp:featuredmedia":[{"embeddable":true,"href":"https:\/\/www.europesays.com\/fr\/wp-json\/wp\/v2\/media\/180969"}],"wp:attachment":[{"href":"https:\/\/www.europesays.com\/fr\/wp-json\/wp\/v2\/media?parent=180968"}],"wp:term":[{"taxonomy":"category","embeddable":true,"href":"https:\/\/www.europesays.com\/fr\/wp-json\/wp\/v2\/categories?post=180968"},{"taxonomy":"post_tag","embeddable":true,"href":"https:\/\/www.europesays.com\/fr\/wp-json\/wp\/v2\/tags?post=180968"}],"curies":[{"name":"wp","href":"https:\/\/api.w.org\/{rel}","templated":true}]}}