{"id":18097,"date":"2025-04-11T19:41:07","date_gmt":"2025-04-11T19:41:07","guid":{"rendered":"https:\/\/www.europesays.com\/fr\/18097\/"},"modified":"2025-04-11T19:41:07","modified_gmt":"2025-04-11T19:41:07","slug":"hausse-des-cas-de-chikungunya-deux-fois-plus-darrets-maladies-a-la-reunion","status":"publish","type":"post","link":"https:\/\/www.europesays.com\/fr\/18097\/","title":{"rendered":"Hausse des cas de Chikungunya\u00a0: deux fois plus d\u2019arr\u00eats maladies \u00e0 La R\u00e9union\u00a0!"},"content":{"rendered":"<p>Les ravages de l\u2019\u00e9pid\u00e9mie du Chikungunya \u00e0 La R\u00e9unions, selon le derniers chiffres de l\u2019ARS nous sommes \u00e0 6 289 cas  confirm\u00e9s en une semaine. Depuis le mois de mars, le nombre d\u2019arr\u00eats maladies a doubl\u00e9 \u00e0 La R\u00e9union. Les absences sont remarqu\u00e9es au sein des soci\u00e9t\u00e9s et entreprises de l\u2019\u00eele.<\/p>\n<p style=\"text-align: justify;\">Dans un centre commercial, la majorit\u00e9 des postes sont touch\u00e9s par une augmentation des arr\u00eats maladies caus\u00e9e par le chikungunya.\u00a0<\/p>\n<p><strong>Une r\u00e9organisation\u00a0<\/strong><\/p>\n<p style=\"text-align: justify;\">Aur\u00e9lie est responsable du secteur boulangerie, viennoiserie et p\u00e2tisserie. Avec la hausse des arr\u00eats maladies \u00e0 cause du chikungunya, elle a d\u00fb r\u00e9organiser son \u00e9quipe\u00a0: \u00ab\u00a0Il a fallu trouver des solutions au d\u00e9but. J\u2019ai des coll\u00e8gues qui sont venus en renfort au niveau de la boulangerie et p\u00e2tisserie\u00a0\u00bb.\u00a0<\/p>\n<p style=\"text-align: justify;\">Jacques lui est poissonnier, il a contract\u00e9 le virus et a \u00e9t\u00e9 arr\u00eat\u00e9 pendant une semaine. Durant son absence, il a p\u00fb \u00eatre remplac\u00e9, la poissonnerie a continu\u00e9 \u00e0 tourner\u00a0: \u00ab\u00a0On trouve toujours un moyen pour se faire remplacer par la direction. Apr\u00e8s je pense que c\u2019est normal quand des personnes tombent malade\u00a0\u00bb.<\/p>\n<p style=\"text-align: justify;\">La direction estime que 30% des absences sont d\u00fb \u00e0 ce motif\u00a0: \u00ab\u00a0On a d\u00fb faire face \u00e0 une r\u00e9organisation en interne et faire appel \u00e0 des CDD pour des remplacements\u00a0\u00bb, souligne\u00a0\u00a0Lydie B\u00e8gue responsable de magasin.<\/p>\n<p><strong>Deux fois plus d\u2019arr\u00eats maladies\u00a0<\/strong><\/p>\n<p style=\"text-align: justify;\">La CGSS constate \u00e9galement une hausse des arr\u00eats maladies proportionnelle au nombre de cas signal\u00e9s de chikungunya\u00a0: \u00ab\u00a0On est sur une tendance tr\u00e8s positive et tr\u00e8s dynamique. Depuis le mois de mars il y a une augmentation et qui s\u2019est acc\u00e9l\u00e9r\u00e9e ces derni\u00e8res semaines avec une augmentation multipli\u00e9e par deux au mois d\u2019avril\u00a0\u00bb, pr\u00e9cise\u00a0Thierry Bies\u00a0Directeur Sant\u00e9 de la CGSS R\u00e9union.<\/p>\n<p style=\"text-align: justify;\">Selon les professionnels de sant\u00e9, le pic \u00e9pid\u00e9mique devrait \u00eatre atteint \u00e0 la mi-avril. La CGSS s\u2019attend \u00e0 une poursuite des arr\u00eats maladies d\u2019ici l\u00e0.\u00a0<\/p>\n","protected":false},"excerpt":{"rendered":"Les ravages de l\u2019\u00e9pid\u00e9mie du Chikungunya \u00e0 La R\u00e9unions, selon le derniers chiffres de l\u2019ARS nous sommes \u00e0&hellip;\n","protected":false},"author":2,"featured_media":18098,"comment_status":"","ping_status":"","sticky":false,"template":"","format":"standard","meta":{"footnotes":""},"categories":[10],"tags":[47,6443,1011,27,72,6335,1922,6336,7224,71,104],"class_list":{"0":"post-18097","1":"post","2":"type-post","3":"status-publish","4":"format-standard","5":"has-post-thumbnail","7":"category-sante","8":"tag-actualite","9":"tag-chikungunya","10":"tag-fr","11":"tag-france","12":"tag-health","13":"tag-home-page","14":"tag-info","15":"tag-la-reunion","16":"tag-newsletter-soir","17":"tag-sante","18":"tag-societe"},"share_on_mastodon":{"url":"https:\/\/pubeurope.com\/@fr\/114321036651889936","error":""},"_links":{"self":[{"href":"https:\/\/www.europesays.com\/fr\/wp-json\/wp\/v2\/posts\/18097","targetHints":{"allow":["GET"]}}],"collection":[{"href":"https:\/\/www.europesays.com\/fr\/wp-json\/wp\/v2\/posts"}],"about":[{"href":"https:\/\/www.europesays.com\/fr\/wp-json\/wp\/v2\/types\/post"}],"author":[{"embeddable":true,"href":"https:\/\/www.europesays.com\/fr\/wp-json\/wp\/v2\/users\/2"}],"replies":[{"embeddable":true,"href":"https:\/\/www.europesays.com\/fr\/wp-json\/wp\/v2\/comments?post=18097"}],"version-history":[{"count":0,"href":"https:\/\/www.europesays.com\/fr\/wp-json\/wp\/v2\/posts\/18097\/revisions"}],"wp:featuredmedia":[{"embeddable":true,"href":"https:\/\/www.europesays.com\/fr\/wp-json\/wp\/v2\/media\/18098"}],"wp:attachment":[{"href":"https:\/\/www.europesays.com\/fr\/wp-json\/wp\/v2\/media?parent=18097"}],"wp:term":[{"taxonomy":"category","embeddable":true,"href":"https:\/\/www.europesays.com\/fr\/wp-json\/wp\/v2\/categories?post=18097"},{"taxonomy":"post_tag","embeddable":true,"href":"https:\/\/www.europesays.com\/fr\/wp-json\/wp\/v2\/tags?post=18097"}],"curies":[{"name":"wp","href":"https:\/\/api.w.org\/{rel}","templated":true}]}}