{"id":180991,"date":"2025-06-16T14:13:08","date_gmt":"2025-06-16T14:13:08","guid":{"rendered":"https:\/\/www.europesays.com\/fr\/180991\/"},"modified":"2025-06-16T14:13:08","modified_gmt":"2025-06-16T14:13:08","slug":"apres-lukraine-vladimir-poutine-sen-prendra-t-il-a-un-pays-de-lotan","status":"publish","type":"post","link":"https:\/\/www.europesays.com\/fr\/180991\/","title":{"rendered":"Apr\u00e8s l\u2019Ukraine, Vladimir Poutine s\u2019en prendra-t-il \u00e0 un pays de l\u2019Otan ?"},"content":{"rendered":"\n<p>Dans quelle mesure Vladimir Poutine se pr\u00e9pare-t-il \u00e0 entrer en guerre contre l\u2019Alliance atlantique (Otan)\u00a0? s\u2019interroge, lundi 16\u00a0juin, le correspondant \u00e0 Bruxelles <a class=\"ithalc\" data-ithal=\"lien_externe\" data-ithalc=\"[nav_article]\" target=\"_blank\" href=\"https:\/\/clubz.bg\/162716\" rel=\"noopener\">du magazine en ligne bulgare <strong>Club Z<\/strong><\/a><strong>.<\/strong><\/p>\n<p>\u201cDepuis vendredi [13\u00a0juin], cette question plane dans l\u2019ombre d\u2019une nouvelle guerre qui se profile au Proche-Orient. Mais elle resurgira avec plus de force la semaine prochaine, lorsque les chefs d\u2019\u00c9tat et de gouvernement des alli\u00e9s occidentaux se r\u00e9uniront \u00e0 La\u00a0Haye\u201d les 24\u00a0et 25\u00a0juin pour le prochain sommet de l\u2019Otan, estime-t-il.<\/p>\n<p>Selon Club Z, bon nombre de responsables et d\u2019experts europ\u00e9ens ne se font pas d\u2019illusions sur les vis\u00e9es bellicistes du Kremlin. Mais leurs voix seront-elles suffisamment entendues dans le contexte de l\u2019escalade entre Isra\u00ebl et l\u2019Iran\u00a0?<\/p>\n<p> \u201cPetits hommes verts\u201d <\/p>\n<p>La semaine derni\u00e8re, ce sont les propos du chef des services secrets allemands (BND), Bruno Kahl \u2013 qui s\u2019appr\u00eate \u00e0 quitter prochainement ses fonctions pour devenir le prochain ambassadeur de Berlin pr\u00e8s le Saint-Si\u00e8ge \u2013, qui ont trouv\u00e9 un large \u00e9cho dans la presse bulgare.<\/p>\n<p>Selon lui, Moscou pourrait lancer une provocation dans les pays Baltes sous le pr\u00e9texte de \u201cprot\u00e9ger la population russophone\u201d, \u00e0 l\u2019instar de l\u2019op\u00e9ration men\u00e9e par le Kremlin pour annexer la Crim\u00e9e, en 2014,<a class=\"ithalc\" data-ithal=\"lien_externe\" data-ithalc=\"[nav_article]\" target=\"_blank\" href=\"https:\/\/www.mediapool.bg\/putin-gotvi-ataka-sreshtu-baltiyskite-strani-pod-pretekst-zashtita-na-ruskoezichnoto-naselenie-news372097.html\" rel=\"noopener\"> r\u00e9sume le journal en ligne <strong>Mediapool <\/strong>de Sofia<\/a>.<\/p>\n<p>Comme \u00e0 l\u2019\u00e9poque, Vladimir Poutine pourrait envoyer des \u201cpetits hommes verts\u201d, par exemple en<\/p>\n","protected":false},"excerpt":{"rendered":"Dans quelle mesure Vladimir Poutine se pr\u00e9pare-t-il \u00e0 entrer en guerre contre l\u2019Alliance atlantique (Otan)\u00a0? s\u2019interroge, lundi 16\u00a0juin,&hellip;\n","protected":false},"author":2,"featured_media":180992,"comment_status":"","ping_status":"","sticky":false,"template":"","format":"standard","meta":{"footnotes":""},"categories":[1590],"tags":[11,9043,1777,674,1892,131,12,136,132,220,135],"class_list":{"0":"post-180991","1":"post","2":"type-post","3":"status-publish","4":"format-standard","5":"has-post-thumbnail","7":"category-ukraine","8":"tag-actualites","9":"tag-bulgarie","10":"tag-eu","11":"tag-europe","12":"tag-gu00e9opolitique","13":"tag-guerre-en-ukraine","14":"tag-news","15":"tag-otan","16":"tag-russie","17":"tag-ukraine","18":"tag-vladimir-poutine"},"share_on_mastodon":{"url":"https:\/\/pubeurope.com\/@fr\/114693459446192263","error":""},"_links":{"self":[{"href":"https:\/\/www.europesays.com\/fr\/wp-json\/wp\/v2\/posts\/180991","targetHints":{"allow":["GET"]}}],"collection":[{"href":"https:\/\/www.europesays.com\/fr\/wp-json\/wp\/v2\/posts"}],"about":[{"href":"https:\/\/www.europesays.com\/fr\/wp-json\/wp\/v2\/types\/post"}],"author":[{"embeddable":true,"href":"https:\/\/www.europesays.com\/fr\/wp-json\/wp\/v2\/users\/2"}],"replies":[{"embeddable":true,"href":"https:\/\/www.europesays.com\/fr\/wp-json\/wp\/v2\/comments?post=180991"}],"version-history":[{"count":0,"href":"https:\/\/www.europesays.com\/fr\/wp-json\/wp\/v2\/posts\/180991\/revisions"}],"wp:featuredmedia":[{"embeddable":true,"href":"https:\/\/www.europesays.com\/fr\/wp-json\/wp\/v2\/media\/180992"}],"wp:attachment":[{"href":"https:\/\/www.europesays.com\/fr\/wp-json\/wp\/v2\/media?parent=180991"}],"wp:term":[{"taxonomy":"category","embeddable":true,"href":"https:\/\/www.europesays.com\/fr\/wp-json\/wp\/v2\/categories?post=180991"},{"taxonomy":"post_tag","embeddable":true,"href":"https:\/\/www.europesays.com\/fr\/wp-json\/wp\/v2\/tags?post=180991"}],"curies":[{"name":"wp","href":"https:\/\/api.w.org\/{rel}","templated":true}]}}