{"id":180996,"date":"2025-06-16T14:16:18","date_gmt":"2025-06-16T14:16:18","guid":{"rendered":"https:\/\/www.europesays.com\/fr\/180996\/"},"modified":"2025-06-16T14:16:18","modified_gmt":"2025-06-16T14:16:18","slug":"un-medecin-syrien-condamne-pour-crimes-contre-lhumanite-en-allemagne-liberation","status":"publish","type":"post","link":"https:\/\/www.europesays.com\/fr\/180996\/","title":{"rendered":"un m\u00e9decin syrien condamn\u00e9 pour crimes contre l\u2019humanit\u00e9 en Allemagne \u2013 Lib\u00e9ration"},"content":{"rendered":"<p class=\"sc-ksZaOG ehjQrN text-element\">Alaa Moussa a pu exercer en Allemagne comme chirurgien orthop\u00e9dique cinq ans durant, avant que son pass\u00e9 ne le rattrape. Accus\u00e9 de tortures d\u2019opposants au r\u00e9gime de <a href=\"https:\/\/www.liberation.fr\/international\/moyen-orient\/syrie-bachar-al-assad-du-boucher-de-damas-au-dictateur-dechu-20241208_HJ7FC75KF5FX5M3SIIDA6KLYHY\/\" target=\"_blank\" rel=\"noreferrer nofollow noopener\" title=\"https:\/\/www.liberation.fr\/international\/moyen-orient\/syrie-bachar-al-assad-du-boucher-de-damas-au-dictateur-dechu-20241208_HJ7FC75KF5FX5M3SIIDA6KLYHY\/\">Bachar al-Assad<\/a>, le m\u00e9decin syrien a \u00e9t\u00e9 condamn\u00e9 \u00e0 la prison \u00e0 vie ce lundi 16 juin par <a href=\"https:\/\/www.liberation.fr\/planete\/2020\/04\/22\/en-allemagne-un-proces-historique-pour-deux-tortionnaires-du-regime-syrien_1786114\/\" target=\"_blank\" rel=\"noreferrer nofollow noopener\" title=\"https:\/\/www.liberation.fr\/planete\/2020\/04\/22\/en-allemagne-un-proces-historique-pour-deux-tortionnaires-du-regime-syrien_1786114\/\">la justice allemande<\/a> apr\u00e8s un proc\u00e8s-fleuve de plus de trois ans \u00e0 Francfort.<\/p>\n<p class=\"sc-ksZaOG ehjQrN text-element\">Arriv\u00e9 outre-Rhin en 2015, Alaa Moussa a travaill\u00e9 jusqu\u2019\u00e0 son arrestation, en 2020. C\u2019est gr\u00e2ce aux t\u00e9moignages d\u2019autres r\u00e9fugi\u00e9s syriens qui l\u2019ont reconnu que l\u2019homme a pu \u00eatre jug\u00e9 pour de <a href=\"https:\/\/www.liberation.fr\/planete\/2019\/10\/25\/torture-en-syrie-les-tabassages-se-deroulaient-deux-fois-par-jour_1759843\/\" target=\"_blank\" rel=\"noreferrer nofollow noopener\" title=\"https:\/\/www.liberation.fr\/planete\/2019\/10\/25\/torture-en-syrie-les-tabassages-se-deroulaient-deux-fois-par-jour_1759843\/\">multiples crimes sur des d\u00e9tenus<\/a> dans des h\u00f4pitaux militaires de Damas et de Homs durant la guerre civile en Syrie.<\/p>\n<p class=\"sc-ksZaOG ehjQrN text-element\">Ag\u00e9 de 40 ans, il a r\u00e9fut\u00e9 toutes les accusations, parmi lesquelles celles d\u2019avoir mis le feu aux parties g\u00e9nitales d\u2019un adolescent et d\u2019avoir administr\u00e9 une injection l\u00e9tale \u00e0 un d\u00e9tenu qui avait r\u00e9sist\u00e9 aux coups. En rendant son verdict le juge Christoph Kollera affirm\u00e9 qu\u2019Alaa Moussa \u00aba tu\u00e9 deux personnes et bless\u00e9 gri\u00e8vement neuf autres\u00bb, rappelant que ces actes commis en 2011 et 2012 \u00abs\u2019inscrivaient dans la r\u00e9action brutale du r\u00e9gime dictatorial et injuste d\u2019Assad\u00bb aux manifestations des <a href=\"https:\/\/www.liberation.fr\/international\/moyen-orient\/offensives-rebelles-en-syrie-qui-controle-quoi-20241204_5DVFDDUIB5FXFL2DL4NPJMIFAQ\/\" target=\"_blank\" rel=\"noreferrer nofollow noopener\" title=\"https:\/\/www.liberation.fr\/international\/moyen-orient\/offensives-rebelles-en-syrie-qui-controle-quoi-20241204_5DVFDDUIB5FXFL2DL4NPJMIFAQ\/\">opposants<\/a>. Le juge a \u00e9galement d\u00e9nonc\u00e9 \u00abune violation massive des droits de l\u2019homme\u00bb par l\u2019accus\u00e9 et soulign\u00e9 que le verdict \u00e9tait aussi une fa\u00e7on de montrer \u00abque la souffrance des victimes n\u2019est pas oubli\u00e9e\u00bb.<\/p>\n<p class=\"sc-ksZaOG ehjQrN text-element\">\u00abOutre les difficult\u00e9s inh\u00e9rentes \u00e0 un d\u00e9lai de douze ans [entre les faits commis et le proc\u00e8s, ndlr], le r\u00e9gime syrien a tent\u00e9 jusqu\u2019\u00e0 <a href=\"https:\/\/www.liberation.fr\/plus\/numeros-speciaux\/retro-2024-en-syrie-les-douze-jours-qui-ont-conduit-a-la-chute-de-bachar-al-assad-20241228_LK6SWOSVKNAMZAMH6DKNFG6ZS4\/\" target=\"_blank\" rel=\"nofollow noopener\" title=\"https:\/\/www.liberation.fr\/plus\/numeros-speciaux\/retro-2024-en-syrie-les-douze-jours-qui-ont-conduit-a-la-chute-de-bachar-al-assad-20241228_LK6SWOSVKNAMZAMH6DKNFG6ZS4\/\">sa chute [en d\u00e9cembre 2024<\/a>] d\u2019exercer une influence sur la proc\u00e9dure\u00bb allemande, a d\u00e9nonc\u00e9 le juge, \u00e9voquant des menaces sur des proches des t\u00e9moins.<\/p>\n<p class=\"sc-ksZaOG ehjQrN text-element\">Le juge Christoph Koller a n\u00e9anmoins averti lors de son verdict : \u00abAucun tortionnaire, quel que soit le lieu o\u00f9 il a commis son crime, ne peut \u00eatre certain d\u2019\u00e9chapper \u00e0 la justice. Il devra toujours s\u2019attendre \u00e0 \u00eatre puni pour ses actes.\u00bb<\/p>\n<p class=\"sc-ksZaOG ehjQrN text-element\">Etant donn\u00e9 la gravit\u00e9 des faits, la condamnation \u00e0 la perp\u00e9tuit\u00e9 d\u2019Alaa Moussa a \u00e9t\u00e9 assortie d\u2019une peine de s\u00fbret\u00e9 pour une dur\u00e9e encore ind\u00e9termin\u00e9e qui sera d\u00e9cid\u00e9e au bout de quinze ans d\u2019incarc\u00e9ration.<\/p>\n<p class=\"sc-ksZaOG ehjQrN text-element\">Lors de son proc\u00e8s commenc\u00e9 le 19 janvier 2022, entour\u00e9 de hautes mesures de s\u00e9curit\u00e9, Alaa Moussa avait \u00e9t\u00e9 confront\u00e9 \u00e0 plus d\u2019une cinquantaine de t\u00e9moins et d\u2019anciennes victimes. Certains \u00e9taient venus \u00e0 la barre le visage masqu\u00e9, et beaucoup avaient fait \u00e9tat de menaces et d\u2019intimidation \u00e0 l\u2019encontre de leur famille rest\u00e9e au pays alors que l\u2019ombre des services secrets syriens planait sur les audiences.<\/p>\n<p class=\"sc-ksZaOG ehjQrN text-element\">Une situation qui s\u2019est d\u00e9tendue apr\u00e8s la chute, durant le proc\u00e8s, <a href=\"https:\/\/www.liberation.fr\/international\/moyen-orient\/il-a-senti-letau-se-resserrer-quand-poutine-na-plus-repondu-a-ses-appels-le-recit-des-derniers-jours-dassad-en-syrie-par-un-de-ses-conseillers-20250110_VXXYZJYUBJEPPJLYUYTR4BBDZY\/\" target=\"_blank\" rel=\"nofollow noopener\" title=\"https:\/\/www.liberation.fr\/international\/moyen-orient\/il-a-senti-letau-se-resserrer-quand-poutine-na-plus-repondu-a-ses-appels-le-recit-des-derniers-jours-dassad-en-syrie-par-un-de-ses-conseillers-20250110_VXXYZJYUBJEPPJLYUYTR4BBDZY\/\">du dictateur Bachar al-Assad, renvers\u00e9 en d\u00e9cembre 2024<\/a> et d\u00e9sormais r\u00e9fugi\u00e9 en Russie. Parmi les t\u00e9moins, un ancien lieutenant d\u2019Alep, \u00e2g\u00e9 aujourd\u2019hui d\u2019une quarantaine d\u2019ann\u00e9es, emprisonn\u00e9 apr\u00e8s avoir refus\u00e9 de tirer sur des manifestants en novembre 2011. Il avait affirm\u00e9 avoir vu Alaa Moussa effectuer des injections \u00e0 des malades allong\u00e9s sur le sol. Ces derniers sont morts peu apr\u00e8s dans l\u2019h\u00f4pital militaire o\u00f9 il s\u00e9vissait.<\/p>\n<p class=\"sc-ksZaOG ehjQrN text-element\">L\u2019Allemagne a d\u00e9j\u00e0 poursuivi et jug\u00e9 des auteurs de crimes contre l\u2019humanit\u00e9 et de crimes de guerre commis hors de son territoire, notamment des Syriens et des Irakiens, au nom du principe juridique de comp\u00e9tence universelle. Deux semaines plus t\u00f4t, la justice allemande a ainsi condamn\u00e9 \u00e0 la prison \u00e0 vie un ancien chef d\u2019une milice syrienne soutenant l\u2019ex-pr\u00e9sident Bachar al-Assad, reconnu coupable notamment de meurtre, d\u2019actes de torture et de s\u00e9questration entre 2012 et 2014.<\/p>\n<p class=\"sc-ksZaOG ehjQrN text-element\">Lors du premier proc\u00e8s au monde sur des exactions du r\u00e9gime de Bachar al-Assad, qui s\u2019est \u00e9galement tenu en Allemagne, <a href=\"https:\/\/www.liberation.fr\/international\/crimes-du-regime-syrien-un-ex-colonel-condamne-a-la-prison-a-vie-en-allemagne-20220113_5ORGT42NUZHGBEK7LBM7UPJFE4\/\" target=\"_blank\" rel=\"noreferrer nofollow noopener\" title=\"https:\/\/www.liberation.fr\/international\/crimes-du-regime-syrien-un-ex-colonel-condamne-a-la-prison-a-vie-en-allemagne-20220113_5ORGT42NUZHGBEK7LBM7UPJFE4\/\">Anwar Raslan<\/a>, un ex-grad\u00e9 des services de renseignement syriens, avait \u00e9t\u00e9 condamn\u00e9 en janvier 2022 \u00e0 la prison \u00e0 vie pour le meurtre de 27 prisonniers et des faits de torture sur au moins 4 000 autres, en 2011 et 2012, dans la prison Al-Khatib. Des proc\u00e8s sur les crimes commis en Syrie ont \u00e9galement eu lieu ailleurs en Europe, notamment en France et en Su\u00e8de.<\/p>\n<p class=\"sc-ksZaOG ehjQrN text-element\">A total, le conflit en Syrie, d\u00e9clench\u00e9 par des protestations pacifiques violemment r\u00e9prim\u00e9es en 2011, a fait plus d\u2019un demi-million de morts, d\u00e9plac\u00e9 des millions de personnes et ravag\u00e9 l\u2019\u00e9conomie et les infrastructures du pays.<\/p>\n","protected":false},"excerpt":{"rendered":"Alaa Moussa a pu exercer en Allemagne comme chirurgien orthop\u00e9dique cinq ans durant, avant que son pass\u00e9 ne&hellip;\n","protected":false},"author":2,"featured_media":180997,"comment_status":"","ping_status":"","sticky":false,"template":"","format":"standard","meta":{"footnotes":""},"categories":[1587],"tags":[11,672,14393,1804,1805,1803,1777,674,1801,12,1802,32],"class_list":{"0":"post-180996","1":"post","2":"type-post","3":"status-publish","4":"format-standard","5":"has-post-thumbnail","7":"category-allemagne","8":"tag-actualites","9":"tag-allemagne","10":"tag-bachar-al-assad","11":"tag-bundesrepublik-deutschland","12":"tag-de","13":"tag-deutschland","14":"tag-eu","15":"tag-europe","16":"tag-germany","17":"tag-news","18":"tag-republique-federale-dallemagne","19":"tag-syrie"},"share_on_mastodon":{"url":"https:\/\/pubeurope.com\/@fr\/114693471250433752","error":""},"_links":{"self":[{"href":"https:\/\/www.europesays.com\/fr\/wp-json\/wp\/v2\/posts\/180996","targetHints":{"allow":["GET"]}}],"collection":[{"href":"https:\/\/www.europesays.com\/fr\/wp-json\/wp\/v2\/posts"}],"about":[{"href":"https:\/\/www.europesays.com\/fr\/wp-json\/wp\/v2\/types\/post"}],"author":[{"embeddable":true,"href":"https:\/\/www.europesays.com\/fr\/wp-json\/wp\/v2\/users\/2"}],"replies":[{"embeddable":true,"href":"https:\/\/www.europesays.com\/fr\/wp-json\/wp\/v2\/comments?post=180996"}],"version-history":[{"count":0,"href":"https:\/\/www.europesays.com\/fr\/wp-json\/wp\/v2\/posts\/180996\/revisions"}],"wp:featuredmedia":[{"embeddable":true,"href":"https:\/\/www.europesays.com\/fr\/wp-json\/wp\/v2\/media\/180997"}],"wp:attachment":[{"href":"https:\/\/www.europesays.com\/fr\/wp-json\/wp\/v2\/media?parent=180996"}],"wp:term":[{"taxonomy":"category","embeddable":true,"href":"https:\/\/www.europesays.com\/fr\/wp-json\/wp\/v2\/categories?post=180996"},{"taxonomy":"post_tag","embeddable":true,"href":"https:\/\/www.europesays.com\/fr\/wp-json\/wp\/v2\/tags?post=180996"}],"curies":[{"name":"wp","href":"https:\/\/api.w.org\/{rel}","templated":true}]}}