{"id":1810,"date":"2025-04-04T02:26:10","date_gmt":"2025-04-04T02:26:10","guid":{"rendered":"https:\/\/www.europesays.com\/fr\/1810\/"},"modified":"2025-04-04T02:26:10","modified_gmt":"2025-04-04T02:26:10","slug":"thelma-passe-aux-aveux-et-teyssier","status":"publish","type":"post","link":"https:\/\/www.europesays.com\/fr\/1810\/","title":{"rendered":"Thelma passe aux aveux et Teyssier &#8230;"},"content":{"rendered":"<p class=\"tls__ed-content__exc\">Le 3 avril dans Ici tout commence<br \/>\n(TF1, 18h35), Teyssier se l\u00e2che pour remonter le moral de Constance<br \/>\net Thelma dit la v\u00e9rit\u00e9 \u00e0 la chef Listrac\u2026<\/p>\n<p>Dans l\u2019\u00e9pisode d\u2019<a href=\"https:\/\/www.telestar.fr\/serie-tv\/ici-tout-commence\" rel=\"nofollow noopener\" target=\"_blank\">Ici tout<br \/>\ncommence<\/a> du jeudi 3 avril 2025, Jasmine (Zo\u00ef S\u00e9verin) est<br \/>\nsur les nerfs. Tom (Tom Darmon) et sa nouvelle conqu\u00eate sont sous<br \/>\nla douche depuis 45 minutes, et elle va finir par \u00eatre en retard si<br \/>\nelle ne peut pas acc\u00e9der \u00e0 la salle de bain. <strong>Elle ne<br \/>\nsupporte plus les aventures de son colocataire\u00a0!<\/strong> Plus<br \/>\ntard, Milan (Gabriel R\u00e9hs\u00e9) va voir Jasmine dans le parc et se<br \/>\nplaint de Tom. Depuis quelques jours, <strong>leur colocataire fait<br \/>\ntellement de bruit avec ses conqu\u00eates<\/strong> qu\u2019il n\u2019arrive pas \u00e0<br \/>\ndormir ! Install\u00e9e un peu plus loin, Billie (Margaux Aguilar)<br \/>\nentend toute la conversation.<\/p>\n<p>Jasmine et Milan d\u00e9cident d\u2019organiser une intervention aupr\u00e8s de<br \/>\nTom. Ils lui font part des nuisances qu\u2019il leur impose avec ses<br \/>\nnombreuses conqu\u00eates, et lui demandent de ralentir le rythme.<br \/>\nPlut\u00f4t que de s\u2019excuser, <strong>Tom s\u2019arrange pour attiser leur<br \/>\npiti\u00e9 en d\u00e9clarant que s\u2019il fait \u00e7a, c\u2019est parce qu\u2019il se sent tr\u00e8s<br \/>\nseul<\/strong> et cherche l\u2019amour. Jasmine et Milan culpabilisent,<br \/>\nce qui fait beaucoup rire Jim (Loan Becmont). Vu sa bio Tinder,<br \/>\n<strong>Tom s\u2019est moqu\u00e9 d\u2019eux !<\/strong><\/p>\n<p>Teyssier se l\u00e2che pour remonter le moral de Constance<\/p>\n<p>Pour remonter le moral de Constance (<a href=\"https:\/\/www.telestar.fr\/serie-tv\/on-etait-empotes!-sabine-perraud-ici-tout-commence-raconte-ses-scenes-charnelles-avec-benjamin-baroche-752471\" rel=\"nofollow noopener\" target=\"_blank\">Sabine<br \/>\nPerraud<\/a>), qui vit tr\u00e8s mal son interdiction d\u2019exercer le m\u00e9tier<br \/>\nd\u2019infirmi\u00e8re, <strong>Teyssier (Benjamin Baroche) lui propose de<br \/>\nplanter un citronnier dans le jardin.<\/strong> Constance est tr\u00e8s<br \/>\ntouch\u00e9e par les efforts de son mari, qui d\u00e9teste le jardinage plus<br \/>\nque tout\u00a0! Malheureusement, la s\u00e9ance de jardinage tourne mal.<br \/>\nTeyssier n\u2019arr\u00eate pas de critiquer ce que fait Constance, ce qui la<br \/>\nstresse \u00e9norm\u00e9ment. Elle lui sugg\u00e8re de retourner travailler.<\/p>\n<p>D\u00e9pit\u00e9, Teyssier retourne \u00e0 l\u2019Institut et tombe sur Ga\u00ebtan<br \/>\n(Terence Telle) et Joachim (Janis Abrikh). Il leur demande de<br \/>\nprendre leur apr\u00e8s-midi pour l\u2019aider \u00e0 remonter le moral de<br \/>\nConstance. Finalement, <strong>tout le monde se met \u00e0 jour au ping<br \/>\npong dans le salon avec des po\u00eales \u00e0 frire !<\/strong><\/p>\n<p>Solal confronte Thelma au sujet de son p\u00e8re<\/p>\n<p>De bon matin, Solal (<a href=\"https:\/\/www.telestar.fr\/serie-tv\/ici-tout-commence\/ici-tout-commence-qui-est-benjamin-douba-paris-l-acteur-qui-joue-solal-634201\" rel=\"nofollow noopener\" target=\"_blank\">Benjamin<br \/>\nDouba-Paris<\/a>) appelle sa m\u00e8re pour prendre de ses nouvelles.<br \/>\n<strong>Celle-ci lui confirme que son p\u00e8re a bien rencontr\u00e9<br \/>\nquelqu\u2019un d\u2019autre.<\/strong> C\u2019est pour elle qu\u2019il l\u2019a quitt\u00e9e, mais<br \/>\nelle ne veut pas lui donner son identit\u00e9. Solal est de plus en plus<br \/>\npersuad\u00e9 qu\u2019<strong>il s\u2019agit de Thelma (Elyorissa)\u2026<\/strong> Pour<br \/>\nen avoir le c\u0153ur net, il va confronter l\u00a0\u00bbint\u00e9ress\u00e9e et lui demande<br \/>\ndepuis combien de temps elle a une histoire avec son p\u00e8re.<br \/>\nT<strong>helma lui assure que rien ne se passe avec<br \/>\nEdouard<\/strong> (Mark Grosy), mais Solal est persuad\u00e9 qu\u2019elle<br \/>\nment. Il lui hurle de dire la v\u00e9rit\u00e9, ce qui force Claire<br \/>\n(Catherine Marchal) \u00e0 intervenir pour les s\u00e9parer.<\/p>\n<p>Boulevers\u00e9e, Thelma demande \u00e0 Edouard Fayet de la retrouver au<br \/>\ncaf\u00e9 de la place. Elle lui fait part des doutes de Solal, qui pense<br \/>\nqu\u2019elle est sa ma\u00eetresse. <strong>Edouard pense que le moment est<br \/>\nvenu de dire toute la v\u00e9rit\u00e9 \u00e0 Solal,<\/strong> m\u00eame si Thelma pense<br \/>\nque cela va g\u00e2cher sa vie\u2026 De retour \u00e0 l\u2019Institut, Thelma va voir<br \/>\nSolal et lui explique s\u2019est tourn\u00e9 vers Edouard parce qu\u2019elle avait<br \/>\nbesoin d\u2019argent. Elle essaye de lui en dire plus, mais elle n\u2019y<br \/>\narrive pas\u2026<\/p>\n<p>Thelma passe aux aveux<\/p>\n<p>Au m\u00eame moment, Olivia (Virginie Caliari) se rend dans le bureau<br \/>\nde Teyssier pour y chercher le dossier de Thelma. Elle aimerait<br \/>\ncontacter ses parents pour leur dire que leur fille a besoin<br \/>\nd\u2019aide. Dans le dossier, elle d\u00e9couvre que <strong>les frais de<br \/>\nscolarit\u00e9 de la jeune femme ont \u00e9t\u00e9 pay\u00e9s par une soci\u00e9t\u00e9\u00a0: EF<br \/>\nSARL. S\u2019agit-il d\u2019Edouard Fayet\u00a0?<\/strong><\/p>\n<p>En fin de journ\u00e9e, Olivia aper\u00e7oit Thelma en train de pleurer<br \/>\ndans un coin de l\u2019Institut. Elle lui parle de la rumeur qu\u2019elle a<br \/>\nentendue au sujet d\u2019elle et Edouard Fayet, et Thelma lui assure<br \/>\nqu\u2019elle est fausse. Olivia la croit, mais elle lui demande de lui<br \/>\nexpliquer pourquoi Fayet a pay\u00e9 ses frais de scolarit\u00e9.<br \/>\n<strong>Thelma r\u00e9pond qu\u2019elle a menti sur tout, depuis le<br \/>\nd\u00e9but\u2026<\/strong><\/p>\n","protected":false},"excerpt":{"rendered":"Le 3 avril dans Ici tout commence (TF1, 18h35), Teyssier se l\u00e2che pour remonter le moral de Constance&hellip;\n","protected":false},"author":2,"featured_media":1811,"comment_status":"","ping_status":"","sticky":false,"template":"","format":"standard","meta":{"footnotes":""},"categories":[8],"tags":[548,58,59,1011,27,620],"class_list":{"0":"post-1810","1":"post","2":"type-post","3":"status-publish","4":"format-standard","5":"has-post-thumbnail","7":"category-divertissement","8":"tag-article-simple","9":"tag-divertissement","10":"tag-entertainment","11":"tag-fr","12":"tag-france","13":"tag-ici-tout-commence"},"share_on_mastodon":{"url":"https:\/\/pubeurope.com\/@fr\/114277330783403314","error":""},"_links":{"self":[{"href":"https:\/\/www.europesays.com\/fr\/wp-json\/wp\/v2\/posts\/1810","targetHints":{"allow":["GET"]}}],"collection":[{"href":"https:\/\/www.europesays.com\/fr\/wp-json\/wp\/v2\/posts"}],"about":[{"href":"https:\/\/www.europesays.com\/fr\/wp-json\/wp\/v2\/types\/post"}],"author":[{"embeddable":true,"href":"https:\/\/www.europesays.com\/fr\/wp-json\/wp\/v2\/users\/2"}],"replies":[{"embeddable":true,"href":"https:\/\/www.europesays.com\/fr\/wp-json\/wp\/v2\/comments?post=1810"}],"version-history":[{"count":0,"href":"https:\/\/www.europesays.com\/fr\/wp-json\/wp\/v2\/posts\/1810\/revisions"}],"wp:featuredmedia":[{"embeddable":true,"href":"https:\/\/www.europesays.com\/fr\/wp-json\/wp\/v2\/media\/1811"}],"wp:attachment":[{"href":"https:\/\/www.europesays.com\/fr\/wp-json\/wp\/v2\/media?parent=1810"}],"wp:term":[{"taxonomy":"category","embeddable":true,"href":"https:\/\/www.europesays.com\/fr\/wp-json\/wp\/v2\/categories?post=1810"},{"taxonomy":"post_tag","embeddable":true,"href":"https:\/\/www.europesays.com\/fr\/wp-json\/wp\/v2\/tags?post=1810"}],"curies":[{"name":"wp","href":"https:\/\/api.w.org\/{rel}","templated":true}]}}