{"id":181009,"date":"2025-06-16T14:24:08","date_gmt":"2025-06-16T14:24:08","guid":{"rendered":"https:\/\/www.europesays.com\/fr\/181009\/"},"modified":"2025-06-16T14:24:08","modified_gmt":"2025-06-16T14:24:08","slug":"joueurs-de-lusap-agresses-chemise-tachee-de-sang-comment-lapres-match-a-degenere","status":"publish","type":"post","link":"https:\/\/www.europesays.com\/fr\/181009\/","title":{"rendered":"joueurs de l\u2019USAP agress\u00e9s, chemise tach\u00e9e de sang&#8230;, comment l\u2019apr\u00e8s-match a d\u00e9g\u00e9n\u00e9r\u00e9"},"content":{"rendered":"<p>Le pr\u00e9sident de l\u2019USAP, Fran\u00e7ois Rivi\u00e8re, a r\u00e9v\u00e9l\u00e9 les heurts qui ont suivi l\u2019Access-match ProD2\/Top14. Des supporters grenoblois auraient agress\u00e9 des joueurs catalans, samedi au stade des Alpes.<\/p>\n<p class=\"fig-paragraph\"><a href=\"http:\/\/www.lefigaro.fr\/sports\/rugby\/top-14\/rugby-au-bout-du-suspense-perpignan-s-impose-a-grenoble-et-sauve-sa-place-en-top-14-20250614\" data-fig-type=\"NewsFlash\" data-gtm-custom-categorie=\"navigation\" data-gtm-custom-action=\"crossclick\" data-gtm-custom-label=\"Contextuel\" data-gtm-event=\"customEventSPE\" data-fig-domain=\"LEFIGARO\" rel=\"nofollow noopener\" target=\"_blank\">La victoire de l\u2019USAP<\/a>\u00a0sur la pelouse de Grenoble (11-13), samedi au stade des Alpes, a \u00e9t\u00e9\u00a0<a href=\"http:\/\/www.lefigaro.fr\/sports\/rugby\/top-14\/grenoble-perpignan-les-crs-interviennent-pour-mettre-fin-a-des-bagarres-en-supporters-20250614\" data-fig-type=\"NewsFlash\" data-gtm-custom-categorie=\"navigation\" data-gtm-custom-action=\"crossclick\" data-gtm-custom-label=\"Contextuel\" data-gtm-event=\"customEventSPE\" data-fig-domain=\"LEFIGARO\" rel=\"nofollow noopener\" target=\"_blank\">suivie d\u2019incidents sur le terrain<\/a>. Des \u00e9chauffour\u00e9es entre supporters des deux \u00e9quipes ont n\u00e9cessit\u00e9 l\u2019intervention de CRS qui ont rapidement ramen\u00e9 le calme.<\/p>\n<p class=\"fig-paragraph\">Mais le pr\u00e9sident du club catalan,\u00a0<a href=\"https:\/\/www.lindependant.fr\/2025\/06\/15\/top-14-jai-deux-joueurs-qui-se-sont-fait-poursuivre-jusqua-lentree-des-vestiaires-lusap-reagit-aux-incidents-apres-laccess-match-a-grenoble-12763955.php\" target=\"_blank\" rel=\"nofollow noopener\" data-gtm-custom-categorie=\"navigation\" data-gtm-custom-action=\"crossclick\" data-gtm-custom-label=\"Contextuel\" data-gtm-event=\"customEventSPE\">Fran\u00e7ois Rivi\u00e8re, a confi\u00e9 \u00e0 L\u2019Ind\u00e9pendant<\/a>\u00a0qu\u2019il y a eu \u00e9galement des d\u00e9rapages de la part de supporters grenoblois envers ses joueurs. \u00abJ\u2019ai deux joueurs qui se sont fait poursuivre jusqu\u2019\u00e0 l\u2019entr\u00e9e des vestiaires. C\u2019\u00e9taient des gars qui, pourtant, \u00e9taient dans la zone des vestiaires, donc une zone contr\u00f4l\u00e9e, mais qui voulaient en d\u00e9coudre avec mes joueurs. C\u2019est incroyable, je n\u2019ai jamais vu \u00e7a\u00a0!\u00bb<\/p>\n<blockquote class=\"fig-quote&#10;    \">\n<p class=\"fig-quote__text\">J\u2019ai rarement vu dans ma carri\u00e8re une hostilit\u00e9 pareille.\u00a0<\/p>\n<p>            Fran\u00e7ois Rivi\u00e8re, pr\u00e9sident de l\u2019USAP\n    <\/p><\/blockquote>\n<p class=\"fig-paragraph\">Selon les informations du quotidien r\u00e9gional, Tommaso Allan, l\u2019ouvreur italien qui a donn\u00e9 la victoire \u00e0 l\u2019USAP \u00e0 trois minutes du coup de sifflet final, aurait, en particulier, \u00e9t\u00e9 pris \u00e0 partie.<\/p>\n<p class=\"fig-paragraph\">\u00abJe suis navr\u00e9 de cette ambiance qui n\u2019en est pas une. J\u2019ai rarement vu dans ma carri\u00e8re une hostilit\u00e9 pareille. J\u2019ai \u00e9t\u00e9 frapp\u00e9 par cette ambiance, frapp\u00e9 de voir que tu avais des CRS qui \u00e9taient oblig\u00e9s de rentrer casqu\u00e9s sur un terrain de rugby, poursuit Fran\u00e7ois Rivi\u00e8re. Ma chemise a \u00e9t\u00e9 enti\u00e8rement tach\u00e9e de sang, parce que je suis venu pr\u00eater secours \u00e0 des supporters en difficult\u00e9&#8230;\u00bb<\/p>\n","protected":false},"excerpt":{"rendered":"Le pr\u00e9sident de l\u2019USAP, Fran\u00e7ois Rivi\u00e8re, a r\u00e9v\u00e9l\u00e9 les heurts qui ont suivi l\u2019Access-match ProD2\/Top14. Des supporters grenoblois&hellip;\n","protected":false},"author":2,"featured_media":181010,"comment_status":"","ping_status":"","sticky":false,"template":"","format":"standard","meta":{"footnotes":""},"categories":[1416],"tags":[525,4590,1981,2313,814,1011,27,2731,955,3464,4589,2311,1980,479,1468,2259,60,478,2310,2312,14988],"class_list":{"0":"post-181009","1":"post","2":"type-post","3":"status-publish","4":"format-standard","5":"has-post-thumbnail","7":"category-rugby","8":"tag-calendrier","9":"tag-championnat-france","10":"tag-classement","11":"tag-clermont","12":"tag-direct","13":"tag-fr","14":"tag-france","15":"tag-grenoble","16":"tag-match","17":"tag-perpignan","18":"tag-phase-finale","19":"tag-racing","20":"tag-resultats","21":"tag-rugby","22":"tag-rugby-football","23":"tag-score","24":"tag-sports","25":"tag-top-14","26":"tag-toulon","27":"tag-toulouse","28":"tag-usap"},"share_on_mastodon":{"url":"https:\/\/pubeurope.com\/@fr\/114693502639311408","error":""},"_links":{"self":[{"href":"https:\/\/www.europesays.com\/fr\/wp-json\/wp\/v2\/posts\/181009","targetHints":{"allow":["GET"]}}],"collection":[{"href":"https:\/\/www.europesays.com\/fr\/wp-json\/wp\/v2\/posts"}],"about":[{"href":"https:\/\/www.europesays.com\/fr\/wp-json\/wp\/v2\/types\/post"}],"author":[{"embeddable":true,"href":"https:\/\/www.europesays.com\/fr\/wp-json\/wp\/v2\/users\/2"}],"replies":[{"embeddable":true,"href":"https:\/\/www.europesays.com\/fr\/wp-json\/wp\/v2\/comments?post=181009"}],"version-history":[{"count":0,"href":"https:\/\/www.europesays.com\/fr\/wp-json\/wp\/v2\/posts\/181009\/revisions"}],"wp:featuredmedia":[{"embeddable":true,"href":"https:\/\/www.europesays.com\/fr\/wp-json\/wp\/v2\/media\/181010"}],"wp:attachment":[{"href":"https:\/\/www.europesays.com\/fr\/wp-json\/wp\/v2\/media?parent=181009"}],"wp:term":[{"taxonomy":"category","embeddable":true,"href":"https:\/\/www.europesays.com\/fr\/wp-json\/wp\/v2\/categories?post=181009"},{"taxonomy":"post_tag","embeddable":true,"href":"https:\/\/www.europesays.com\/fr\/wp-json\/wp\/v2\/tags?post=181009"}],"curies":[{"name":"wp","href":"https:\/\/api.w.org\/{rel}","templated":true}]}}