{"id":181011,"date":"2025-06-16T14:25:09","date_gmt":"2025-06-16T14:25:09","guid":{"rendered":"https:\/\/www.europesays.com\/fr\/181011\/"},"modified":"2025-06-16T14:25:09","modified_gmt":"2025-06-16T14:25:09","slug":"atp-novak-djokovic-roger-federer-etait-le-plus-talentueux-le-plus-beau-a-regarder-alors-que-nadal-etait-a-loppose-jetais-quelque-part-entre-les-deux-mais-je-penchais-davantage-vers-rafa","status":"publish","type":"post","link":"https:\/\/www.europesays.com\/fr\/181011\/","title":{"rendered":"ATP > Novak Djokovic : \u00ab\u00a0Roger Federer \u00e9tait le plus talentueux, le plus beau \u00e0 regarder alors que Nadal \u00e9tait \u00e0 l&rsquo;oppos\u00e9. J&rsquo;\u00e9tais quelque part entre les deux, mais je penchais davantage vers Rafa\u00a0\u00bb"},"content":{"rendered":"<p>R\u00e9cemment invit\u00e9 d\u2019une \u00e9mis\u00adsion t\u00e9l\u00e9\u00advis\u00e9e en Serbie, Novak Djokovic a abord\u00e9 de nombreux sujets comme les diff\u00e9\u00adrences de style entre chaque membre du Big 3, auquel il appar\u00adte\u00adnait avec Roger Federer et Rafael Nadal quand ces deux derniers jouaient encore.\u00a0<\/p>\n<p>Et si Nole a reconnu assez logi\u00adque\u00adment se sentir plus proche de la mani\u00e8re de jouer de l\u2019Espagnol, il n\u2019a pas manqu\u00e9 de rappeler son admi\u00adra\u00adtion pour le jeu du Suisse.\u00a0<\/p>\n<blockquote class=\"twitter-tweet\">\n<p lang=\"en\" dir=\"ltr\">\u00ab\u202fFederer is the most talented one, the most beau\u00adtiful to watch. He moved lightly, so elegantly, so effi\u00adciently. <\/p>\n<p>Nadal was the oppo\u00adsite extreme\u00a0: domi\u00adnated physi\u00adcally. I was somew\u00adhere in between but I leaned more towards Nadal\u00a0: more sliding, more running, baseline\u2010focused play.\u202f\u00bb <a href=\"https:\/\/t.co\/j4xy2YwpeS\" data-wpel-link=\"external\" target=\"_blank\" rel=\"nofollow external noopener\">pic.twitter.com\/j4xy2YwpeS<\/a><\/p>\n<p>\u2014 Dan Gernez (@GernezDan) <a href=\"https:\/\/twitter.com\/GernezDan\/status\/1934182526337319111?ref_src=twsrc%5Etfw\" data-wpel-link=\"external\" target=\"_blank\" rel=\"nofollow external noopener\">June 15,\u00a02025<\/a><\/p><\/blockquote>\n<p><strong>\u00ab\u202fFederer est le plus talen\u00adtueux, le plus beau \u00e0 regarder. Il se d\u00e9pla\u00ad\u00e7ait avec l\u00e9g\u00e8\u00adret\u00e9, \u00e9l\u00e9gance et effi\u00adca\u00adcit\u00e9. Nadal \u00e9tait \u00e0 l\u2019op\u00adpos\u00e9\u00a0: il domi\u00adnait physi\u00adque\u00adment. J\u2019\u00e9tais quelque part entre les deux, mais je penchais davan\u00adtage vers Nadal\u00a0: plus de glis\u00adsades, plus de courses, un jeu centr\u00e9 sur la ligne de fond. Chacun d\u2019entre nous avait ses propres carac\u00adt\u00e9\u00adris\u00adtiques et, au fil du temps, nos riva\u00adlit\u00e9s ont \u00e9volu\u00e9 et se sont renfor\u00adc\u00e9es. Nous le disons toujours, tous les trois, et je sais qu\u2019ils l\u2019ont dit aussi. Gr\u00e2ce \u00e0 ces riva\u00adlit\u00e9s, nous avons tous contribu\u00e9 \u00e0 la crois\u00adsance des uns et des autres en tant que joueurs de tennis et en tant que personnes.\u202f\u00bb<\/strong><\/p>\n<p class=\"post-published-date\" style=\"color: silver; font-size: 75%; text-align: left;\">Publi\u00e9 le lundi 16 juin 2025 \u00e0 15:40<\/p>\n<p><script async src=\"https:\/\/platform.twitter.com\/widgets.js\" charset=\"utf-8\"><\/script><\/p>\n","protected":false},"excerpt":{"rendered":"R\u00e9cemment invit\u00e9 d\u2019une \u00e9mis\u00adsion t\u00e9l\u00e9\u00advis\u00e9e en Serbie, Novak Djokovic a abord\u00e9 de nombreux sujets comme les diff\u00e9\u00adrences de&hellip;\n","protected":false},"author":2,"featured_media":21049,"comment_status":"","ping_status":"","sticky":false,"template":"","format":"standard","meta":{"footnotes":""},"categories":[1415],"tags":[105,2199,1011,27,1960,60,1467],"class_list":{"0":"post-181011","1":"post","2":"type-post","3":"status-publish","4":"format-standard","5":"has-post-thumbnail","7":"category-tennis","8":"tag-djokovic","9":"tag-federer","10":"tag-fr","11":"tag-france","12":"tag-nadal","13":"tag-sports","14":"tag-tennis"},"share_on_mastodon":{"url":"https:\/\/pubeurope.com\/@fr\/114693506530628373","error":""},"_links":{"self":[{"href":"https:\/\/www.europesays.com\/fr\/wp-json\/wp\/v2\/posts\/181011","targetHints":{"allow":["GET"]}}],"collection":[{"href":"https:\/\/www.europesays.com\/fr\/wp-json\/wp\/v2\/posts"}],"about":[{"href":"https:\/\/www.europesays.com\/fr\/wp-json\/wp\/v2\/types\/post"}],"author":[{"embeddable":true,"href":"https:\/\/www.europesays.com\/fr\/wp-json\/wp\/v2\/users\/2"}],"replies":[{"embeddable":true,"href":"https:\/\/www.europesays.com\/fr\/wp-json\/wp\/v2\/comments?post=181011"}],"version-history":[{"count":0,"href":"https:\/\/www.europesays.com\/fr\/wp-json\/wp\/v2\/posts\/181011\/revisions"}],"wp:featuredmedia":[{"embeddable":true,"href":"https:\/\/www.europesays.com\/fr\/wp-json\/wp\/v2\/media\/21049"}],"wp:attachment":[{"href":"https:\/\/www.europesays.com\/fr\/wp-json\/wp\/v2\/media?parent=181011"}],"wp:term":[{"taxonomy":"category","embeddable":true,"href":"https:\/\/www.europesays.com\/fr\/wp-json\/wp\/v2\/categories?post=181011"},{"taxonomy":"post_tag","embeddable":true,"href":"https:\/\/www.europesays.com\/fr\/wp-json\/wp\/v2\/tags?post=181011"}],"curies":[{"name":"wp","href":"https:\/\/api.w.org\/{rel}","templated":true}]}}