{"id":181016,"date":"2025-06-16T14:29:09","date_gmt":"2025-06-16T14:29:09","guid":{"rendered":"https:\/\/www.europesays.com\/fr\/181016\/"},"modified":"2025-06-16T14:29:09","modified_gmt":"2025-06-16T14:29:09","slug":"cyclisme-elfstedenronde-paul-magnier-je-ne-savais-pas-qui-etait-le-vainqueur-mais","status":"publish","type":"post","link":"https:\/\/www.europesays.com\/fr\/181016\/","title":{"rendered":"Cyclisme. Elfstedenronde &#8211; Paul Magnier : \u00abJe ne savais pas qui \u00e9tait le vainqueur mais&#8230;\u00bb"},"content":{"rendered":"<p>Si cette journ\u00e9e de dimanche inoubliable pour le cyclisme fran\u00e7ais a \u00e9t\u00e9 sublim\u00e9e par les deux victoires en WorldTour de <strong>Lenny Martinez<\/strong> (Bahrain Victorious) sur le <strong>Dauphin\u00e9<\/strong> puis de <strong>Romain Gr\u00e9goire<\/strong> (Groupama-FDJ) en Suisse, c&rsquo;est bien <strong>Paul Magnier<\/strong> qui avait lanc\u00e9 ce festival de la jeunesse tricolore en remportant le\u00a0<strong><a href=\"https:\/\/www.cyclismactu.net\/..\/news-elfstedenronde-route-paul-magnier-s-impose-devant-philipsen-a-photo-finish-88370.html\" target=\"_blank\" rel=\"nofollow noopener\">Tour des Onze Villes<\/a><\/strong>\u00a0(Elfstedenronde en version originale) un peu plus t\u00f4t ! Sur un nuage en ce mois de juin et d\u00e9cid\u00e9ment inarr\u00eatable, le sprinteur is\u00e9rois\u00a0r\u00e9alise un week-end de r\u00eave avec un doubl\u00e9 et encha\u00eene m\u00eame son 3e succ\u00e8s en l&rsquo;espace de huit jours sur le sol belge, apr\u00e8s\u00a0la\u00a0<strong>Fl\u00e8che de Heist <\/strong>et\u00a0<strong><strong><a href=\"https:\/\/www.cyclismactu.net\/..\/news-a-travers-hageland-route-paul-magnier-pas-facile-avec-autant-d-alpecin-88364.html\" rel=\"nofollow noopener\" target=\"_blank\">\u00c0 Travers le Hageland<\/a><\/strong><\/strong>. La p\u00e9pite du Wolfpack s&rsquo;est cette fois-ci offert le scalp de <strong>Jasper Philipsen<\/strong>\u00a0(Alpecin-Deceuninck) au terme d&rsquo;un sprint final haletant, seulement d\u00e9partag\u00e9 avec le Belge\u00a0de quelques millim\u00e8tres \u00e0 la photo-finish.<\/p>\n<p>Vid\u00e9o &#8211; Paul Magnier avait remport\u00e9 A Travers le Hageland samedi Lire la suite de l&rsquo;article&#13;<\/p>\n<p>\u00a0<\/p>\n<p>&#13;<br \/>\n\u00ab\u00a0Ravi d&rsquo;encha\u00eener deux victoires cons\u00e9cutives&#8230;\u00a0J&rsquo;esp\u00e8re que \u00e7a va continuer comme \u00e7a\u00a0\u00bb&#13;<\/p>\n<p>Le premier Fran\u00e7ais en 80 ans \u00e0 remporter cette classique \u00e9tait forc\u00e9ment aux anges apr\u00e8s l&rsquo;officialisation de sa 3e victoire de suite, survenue suite \u00e0 de longues minutes d&rsquo;attente. \u00ab\u00a0Je suis vraiment heureux de remporter une nouvelle victoire.\u00a0Je n&rsquo;avais plus de poisson-pilote dans le final,\u00a0ce qui a rendu la mise en place difficile, c&rsquo;\u00e9tait un peu chaotique et intense mais j&rsquo;ai au final, r\u00e9ussi \u00e0 me d\u00e9brouiller. C&rsquo;\u00e9tait difficile avec le vent de face mais j&rsquo;ai r\u00e9ussi \u00e0 arriver avec la vitesse n\u00e9cessaire dans les derniers m\u00e8tres. Mon\u00a0\u00e9quipe a fait un excellent travail, et je lui en suis reconnaissant. Au sprint, j&rsquo;ai tout donn\u00e9, et m\u00eame si je ne savais pas qui \u00e9tait le vainqueur, j&rsquo;avais un bon pressentiment. Je suis ravi d&rsquo;encha\u00eener deux victoires cons\u00e9cutives, c&rsquo;\u00e9tait un excellent week-end pour nous.\u00a0Je suis content de mes sensations. J&rsquo;esp\u00e8re que \u00e7a va continuer comme \u00e7a\u00a0\u00bb, a conclu <strong>Paul Magnier<\/strong>.<\/p>\n<p>Tour des Onze Villes &#8211; Classement g\u00e9n\u00e9ral<\/p>\n","protected":false},"excerpt":{"rendered":"Si cette journ\u00e9e de dimanche inoubliable pour le cyclisme fran\u00e7ais a \u00e9t\u00e9 sublim\u00e9e par les deux victoires en&hellip;\n","protected":false},"author":2,"featured_media":181017,"comment_status":"","ping_status":"","sticky":false,"template":"","format":"standard","meta":{"footnotes":""},"categories":[1411],"tags":[1154,207,31586,211,1011,27,209,60,210,212,208,213],"class_list":{"0":"post-181016","1":"post","2":"type-post","3":"status-publish","4":"format-standard","5":"has-post-thumbnail","7":"category-cyclisme","8":"tag-cycling","9":"tag-cyclisme","10":"tag-elfstedenronde","11":"tag-ffc","12":"tag-fr","13":"tag-france","14":"tag-route","15":"tag-sports","16":"tag-tour-de-france","17":"tag-uci","18":"tag-velo","19":"tag-world-tour"},"share_on_mastodon":{"url":"https:\/\/pubeurope.com\/@fr\/114693522451356994","error":""},"_links":{"self":[{"href":"https:\/\/www.europesays.com\/fr\/wp-json\/wp\/v2\/posts\/181016","targetHints":{"allow":["GET"]}}],"collection":[{"href":"https:\/\/www.europesays.com\/fr\/wp-json\/wp\/v2\/posts"}],"about":[{"href":"https:\/\/www.europesays.com\/fr\/wp-json\/wp\/v2\/types\/post"}],"author":[{"embeddable":true,"href":"https:\/\/www.europesays.com\/fr\/wp-json\/wp\/v2\/users\/2"}],"replies":[{"embeddable":true,"href":"https:\/\/www.europesays.com\/fr\/wp-json\/wp\/v2\/comments?post=181016"}],"version-history":[{"count":0,"href":"https:\/\/www.europesays.com\/fr\/wp-json\/wp\/v2\/posts\/181016\/revisions"}],"wp:featuredmedia":[{"embeddable":true,"href":"https:\/\/www.europesays.com\/fr\/wp-json\/wp\/v2\/media\/181017"}],"wp:attachment":[{"href":"https:\/\/www.europesays.com\/fr\/wp-json\/wp\/v2\/media?parent=181016"}],"wp:term":[{"taxonomy":"category","embeddable":true,"href":"https:\/\/www.europesays.com\/fr\/wp-json\/wp\/v2\/categories?post=181016"},{"taxonomy":"post_tag","embeddable":true,"href":"https:\/\/www.europesays.com\/fr\/wp-json\/wp\/v2\/tags?post=181016"}],"curies":[{"name":"wp","href":"https:\/\/api.w.org\/{rel}","templated":true}]}}