{"id":181020,"date":"2025-06-16T14:31:10","date_gmt":"2025-06-16T14:31:10","guid":{"rendered":"https:\/\/www.europesays.com\/fr\/181020\/"},"modified":"2025-06-16T14:31:10","modified_gmt":"2025-06-16T14:31:10","slug":"trooping-the-colour-2025-ce-message-feroce-de-william-et-kate-destine-au-prince-harry","status":"publish","type":"post","link":"https:\/\/www.europesays.com\/fr\/181020\/","title":{"rendered":"Trooping the Colour 2025 : ce message f\u00e9roce de William et Kate destin\u00e9 au prince Harry"},"content":{"rendered":"<p class=\"p1\"><strong>Harry et William refusent de s&rsquo;adresser la<br \/>\nparole<\/strong> depuis le Megxit. La famille royale britannique a<br \/>\nferm\u00e9 ses portes aux Sussex, tr\u00e8s critiques \u00e0 son \u00e9gard. Le plus<br \/>\njeune fils de Charles III ne manque d&rsquo;ailleurs pas une occasion de<br \/>\ntacler son grand-fr\u00e8re, raillant par exemple sa calvitie avanc\u00e9e<br \/>\ndans ses m\u00e9moires abrasives, Le Suppl\u00e9ant.<\/p>\n<p class=\"p1\">Face aux attaques r\u00e9it\u00e9r\u00e9es de Harry et Meghan,<br \/>\n<strong>les Windsor font la sourde oreille<\/strong>. Personne ne<br \/>\nsemble v\u00e9ritablement oeuvrer en faveur d&rsquo;une r\u00e9conciliation. Le mot<br \/>\nd&rsquo;ordre reste l&rsquo;unit\u00e9 dans l&rsquo;adversit\u00e9. William et Kate en ont fait<br \/>\nla d\u00e9monstration pas plus tard que ce week-end, <strong>lors<br \/>\ndu<\/strong> <a href=\"https:\/\/www.closermag.fr\/royautes\/trooping-the-colour-2025-le-prince-william-meconnaissable-en-tenue-militaire-3554860\" rel=\"nofollow noopener\" target=\"_blank\"><br \/>\nTrooping the Colour<\/a>.<\/p>\n<p><img aria-describedby=\"caption-attachment-3555290\" itemprop=\"thumbnailUrl\" decoding=\"async\" loading=\"lazy\" class=\"size-full wp-image-3555290 img-responsive\" src=\"https:\/\/www.europesays.com\/fr\/wp-content\/uploads\/2025\/06\/prince-harry-photo.jpg\" alt=\"Prince Harry\" width=\"1775\" height=\"2471\"\/> \u00a9 Bestimage<\/p>\n<p id=\"caption-attachment-3555290\" class=\"wp-caption-text\">Prince<br \/>\nHarry, petit fr\u00e8re de William<\/p>\n<p>Trooping the Colour 2025 : William et Kate s&rsquo;adressent<br \/>\ndiscr\u00e8tement \u00e0 Harry<\/p>\n<p class=\"p2\">Sollicit\u00e9e par nos confr\u00e8res du Daily Mail,<br \/>\nJudi James affirme que le comportement affich\u00e9 par le prince de<br \/>\nGalles, sa femme et ses enfants lors de la parade avait pour but de<br \/>\n<strong>d\u00e9mentir certaines all\u00e9gations de<\/strong> <a href=\"https:\/\/www.closermag.fr\/royautes\/meghan-et-harry-cette-clause-de-divorce-dans-leur-contrat-3554504\" rel=\"nofollow noopener\" target=\"_blank\"><br \/>\nHarry<\/a>. \u00ab\u00a0L&rsquo;affirmation de Harry selon laquelle les membres<br \/>\nde la famille royale ne sont pas v\u00e9ritablement libres de choisir<br \/>\nleur mode de vie semble avoir \u00e9t\u00e9 d\u00e9mentie par le comportement et<br \/>\nle langage corporel de <strong>George, Charlotte et<br \/>\nLouis<\/strong>\u00ab\u00a0, affirme l&rsquo;expert.<\/p>\n<p class=\"p2\">George, Charlotte et Louis <strong>ont affich\u00e9 un<br \/>\nlarge sourire<\/strong> samedi dernier. \u00ab\u00a0Les enfants semblent<br \/>\ns\u2019aimer et adorer leurs parents. Plus important encore, ils<br \/>\nsemblent appr\u00e9cier les sorties officielles\u00a0\u00bb, poursuit Judi<br \/>\nJames. Selon elle, William et Kate peuvent se f\u00e9liciter d&rsquo;avoir<br \/>\ninculqu\u00e9 \u00e0 leurs enfants la joie plut\u00f4t que le devoir. Une mani\u00e8re<br \/>\nd&rsquo;<strong>envoyer un message \u00ab\u00a0f\u00e9roce\u00a0\u00bb \u00e0 Harry qui<br \/>\ns&rsquo;\u00e9vertue \u00e0 tacler la Firme<\/strong> en vain.<\/p>\n<p>Trooping the Colour 2025 : une<br \/>\ndiscussion sur Harry en pleine c\u00e9r\u00e9monie<\/p>\n<p class=\"p1\">Le nom de Harry \u00e9tait sur toutes les l\u00e8vres ce<br \/>\nsamedi. Le Daily Express rapporte ainsi qu&rsquo;un expert<br \/>\nlabial aurait aper\u00e7u <a href=\"https:\/\/www.telestar.fr\/actu_tv\/charles-iii-pascal-praud-souffle-par-une-info-pourtant-bien-connue-il-tombe-de-sa-chaise-1720567\" rel=\"nofollow noopener\" target=\"_blank\"><br \/>\nCharles III<\/a> <strong>en train de parler de son fil<\/strong>s. Le<br \/>\nroi s&rsquo;inqui\u00e9terait d&rsquo;entendre son fils \u00ab\u00a0tout ressasser\u00a0\u00bb.<br \/>\n\u00ab\u00a0Que vas-tu faire ?\u00a0\u00bb, aurait r\u00e9agi Camilla Parker Bowles.<br \/>\nLe monarque, soucieux, aurait promis de <strong>s&rsquo;occuper \u00ab\u00a0t\u00f4t<br \/>\nou tard\u00a0\u00bb de cette affaire \u00ab\u00a0tr\u00e8s<br \/>\ncompliqu\u00e9e\u00a0\u00bb<\/strong>.<\/p>\n<p class=\"p1\">Se sachant observ\u00e9, Charles III aurait ensuite<br \/>\nchuchot\u00e9 \u00e0 sa femme : \u00ab\u00a0Fais signe et souris pour que nous<br \/>\npuissions continuer \u00e0 parler\u00a0\u00bb. Reste \u00e0 savoir s&rsquo;il parviendra<br \/>\n\u00e0 prendre le probl\u00e8me \u00e0 bras le corps et le r\u00e9soudre enfin\u2026<\/p>\n","protected":false},"excerpt":{"rendered":"Harry et William refusent de s&rsquo;adresser la parole depuis le Megxit. La famille royale britannique a ferm\u00e9 ses&hellip;\n","protected":false},"author":2,"featured_media":181021,"comment_status":"","ping_status":"","sticky":false,"template":"","format":"standard","meta":{"footnotes":""},"categories":[1359],"tags":[548,58,59,1011,27,6585,973],"class_list":{"0":"post-181020","1":"post","2":"type-post","3":"status-publish","4":"format-standard","5":"has-post-thumbnail","7":"category-people","8":"tag-article-simple","9":"tag-divertissement","10":"tag-entertainment","11":"tag-fr","12":"tag-france","13":"tag-kate-et-william","14":"tag-people"},"share_on_mastodon":{"url":"https:\/\/pubeurope.com\/@fr\/114693530200794514","error":""},"_links":{"self":[{"href":"https:\/\/www.europesays.com\/fr\/wp-json\/wp\/v2\/posts\/181020","targetHints":{"allow":["GET"]}}],"collection":[{"href":"https:\/\/www.europesays.com\/fr\/wp-json\/wp\/v2\/posts"}],"about":[{"href":"https:\/\/www.europesays.com\/fr\/wp-json\/wp\/v2\/types\/post"}],"author":[{"embeddable":true,"href":"https:\/\/www.europesays.com\/fr\/wp-json\/wp\/v2\/users\/2"}],"replies":[{"embeddable":true,"href":"https:\/\/www.europesays.com\/fr\/wp-json\/wp\/v2\/comments?post=181020"}],"version-history":[{"count":0,"href":"https:\/\/www.europesays.com\/fr\/wp-json\/wp\/v2\/posts\/181020\/revisions"}],"wp:featuredmedia":[{"embeddable":true,"href":"https:\/\/www.europesays.com\/fr\/wp-json\/wp\/v2\/media\/181021"}],"wp:attachment":[{"href":"https:\/\/www.europesays.com\/fr\/wp-json\/wp\/v2\/media?parent=181020"}],"wp:term":[{"taxonomy":"category","embeddable":true,"href":"https:\/\/www.europesays.com\/fr\/wp-json\/wp\/v2\/categories?post=181020"},{"taxonomy":"post_tag","embeddable":true,"href":"https:\/\/www.europesays.com\/fr\/wp-json\/wp\/v2\/tags?post=181020"}],"curies":[{"name":"wp","href":"https:\/\/api.w.org\/{rel}","templated":true}]}}