{"id":181022,"date":"2025-06-16T14:32:09","date_gmt":"2025-06-16T14:32:09","guid":{"rendered":"https:\/\/www.europesays.com\/fr\/181022\/"},"modified":"2025-06-16T14:32:09","modified_gmt":"2025-06-16T14:32:09","slug":"le-musee-a-porte-plainte-lartiste-applaudit-une-performance","status":"publish","type":"post","link":"https:\/\/www.europesays.com\/fr\/181022\/","title":{"rendered":"le mus\u00e9e a port\u00e9 plainte, l\u2019artiste applaudit une \u00abperformance\u00bb"},"content":{"rendered":"<p>Diffus\u00e9es jeudi, les images d\u2019un touriste brisant un meuble en exposition dans un palais italien sont devenues virales. Elles n\u2019ont pas trop afflig\u00e9 son auteur, Nicola Bolla, qui compte s\u2019inspirer de l\u2019incident.<\/p>\n<p class=\"fig-paragraph\">\u00ab\u00a0Le cauchemar de tout mus\u00e9e.\u00a0\u00bb Avec cette l\u00e9gende, le Palazzo Maffei de V\u00e9rone diffusait, jeudi, sur les r\u00e9seaux sociaux,\u00a0<a href=\"http:\/\/www.lefigaro.fr\/culture\/un-couple-detruit-la-chaise-de-van-gogh-en-s-asseyant-dessus-dans-un-musee-italien-20250615\" target=\"_blank\" data-fig-type=\"NewsFlash\" rel=\"noopener\" data-gtm-custom-categorie=\"navigation\" data-gtm-custom-action=\"crossclick\" data-gtm-custom-label=\"Contextuel\" data-gtm-event=\"customEventSPE\" data-fig-domain=\"LEFIGARO\">les images d\u2019un touriste<\/a>\u00a0d\u00e9truisant une chaise en exposition sur laquelle il voulait se faire photographier. Une s\u00e9quence devenue virale. Les deux visiteurs mis en cause se sont enfuis avant que le personnel du mus\u00e9e ne puisse les appr\u00e9hender, et n\u2019ont pas pu \u00eatre identifi\u00e9s.<\/p>\n<p class=\"fig-paragraph\">L\u2019\u00e9tablissement a port\u00e9 plainte contre X, indique l\u2019AFP, mais n\u2019a pas souhait\u00e9 communiquer la valeur de cette \u0153uvre compos\u00e9e de centaines de cristaux de\u00a0<a href=\"http:\/\/madame.lefigaro.fr\/bijoux-et-montres\/des-milliers-de-cristaux-les-4-fabuleuses-tenues-swarovski-au-met-gala-2025-20250506\" target=\"_blank\" data-fig-type=\"Article\" rel=\"noopener\" data-gtm-custom-categorie=\"navigation\" data-gtm-custom-action=\"crossclick\" data-gtm-custom-label=\"Contextuel\" data-gtm-event=\"customEventSPE\" data-fig-domain=\"MADAME\">Swarovski<\/a>, pr\u00e9cisant tout au plus que l\u2019incident avait eu lieu il y a moins d\u2019un mois. Et que le meuble avait depuis \u00e9t\u00e9 restaur\u00e9. Il est de nouveau visible par les visiteurs.<\/p>\n<p>L\u2019artiste inspir\u00e9 par l\u2019incident<\/p>\n<p class=\"fig-paragraph\">Inspir\u00e9 de la chaise paill\u00e9e figurant dans le tableau La Chaise de Vincent avec sa pipe de\u00a0<a href=\"http:\/\/www.lefigaro.fr\/arts-expositions\/van-gogh-etait-completement-heureux-lorsqu-il-peignait-le-peintre-david-hockney-illumine-la-fondation-louis-vuitton-20250407\" target=\"_blank\" data-fig-type=\"Article\" rel=\"noopener\" data-gtm-custom-categorie=\"navigation\" data-gtm-custom-action=\"crossclick\" data-gtm-custom-label=\"Contextuel\" data-gtm-event=\"customEventSPE\" data-fig-domain=\"LEFIGARO\">Van Gogh<\/a>, l\u2019ouvrage a \u00e9t\u00e9 r\u00e9alis\u00e9 par l\u2019artiste Nicola Bolla et acquis en 2022. \u00ab\u00a0Leur geste est extr\u00eame, idiot, mais franchement, je vois aussi un c\u00f4t\u00e9 positif \u00e0 tout cela (&#8230;) Je trouve toujours qu\u2019il y a du bon dans chaque attitude, surtout les plus inconscientes et les plus absurdes. C\u2019est devenu une performance artistique qui a finalement profit\u00e9 au monde de l\u2019art\u00a0\u00bb, a comment\u00e9 Nicola Bolla, interrog\u00e9 par le site d\u2019information italien en ligne\u00a0<a href=\"https:\/\/www.fanpage.it\/stile-e-trend\/moda\/nicola-bolla-sulla-sua-opera-distrutta-gesto-idiota-ma-anche-artistico-una-performance\/\" target=\"_blank\" rel=\"noopener\" data-gtm-custom-categorie=\"navigation\" data-gtm-custom-action=\"crossclick\" data-gtm-custom-label=\"Contextuel\" data-gtm-event=\"customEventSPE\">Fanpage<\/a>.<\/p>\n<p class=\"fig-paragraph\">La vision du meuble ab\u00eem\u00e9 lui a m\u00eame inspir\u00e9 une nouvelle \u0153uvre, qu\u2019il pr\u00e9voit d\u2019intituler La Chaise de Buster Keaton. \u00ab\u00a0J\u2019ai vu l\u2019image de cette chaise tr\u00e8s cubiste, avec tous les pieds pli\u00e9s. Cela m\u2019a rappel\u00e9 le cubisme tch\u00e9coslovaque, qui propose des meubles fabriqu\u00e9s de cette fa\u00e7on, avec tous les pieds pli\u00e9s.\u00a0\u00bb De quoi d\u00e9courager tout touriste de s\u2019y asseoir, fakirs exclus.<\/p>\n","protected":false},"excerpt":{"rendered":"Diffus\u00e9es jeudi, les images d\u2019un touriste brisant un meuble en exposition dans un palais italien sont devenues virales.&hellip;\n","protected":false},"author":2,"featured_media":181023,"comment_status":"","ping_status":"","sticky":false,"template":"","format":"standard","meta":{"footnotes":""},"categories":[1358],"tags":[1348,1384,1385,1386,58,59,2087,1349,638,10449,1011,27,4463,9692,3048,7107,626,31867,12573,510],"class_list":{"0":"post-181022","1":"post","2":"type-post","3":"status-publish","4":"format-standard","5":"has-post-thumbnail","7":"category-arts-et-design","8":"tag-arts","9":"tag-arts-and-design","10":"tag-arts-et-design","11":"tag-design","12":"tag-divertissement","13":"tag-entertainment","14":"tag-evenement","15":"tag-expositions","16":"tag-figaro","17":"tag-figaroscope","18":"tag-fr","19":"tag-france","20":"tag-guide","21":"tag-lieux","22":"tag-musee","23":"tag-musees","24":"tag-paris","25":"tag-verone","26":"tag-vincent-van-gogh","27":"tag-visite"},"share_on_mastodon":{"url":"https:\/\/pubeurope.com\/@fr\/114693534079323762","error":""},"_links":{"self":[{"href":"https:\/\/www.europesays.com\/fr\/wp-json\/wp\/v2\/posts\/181022","targetHints":{"allow":["GET"]}}],"collection":[{"href":"https:\/\/www.europesays.com\/fr\/wp-json\/wp\/v2\/posts"}],"about":[{"href":"https:\/\/www.europesays.com\/fr\/wp-json\/wp\/v2\/types\/post"}],"author":[{"embeddable":true,"href":"https:\/\/www.europesays.com\/fr\/wp-json\/wp\/v2\/users\/2"}],"replies":[{"embeddable":true,"href":"https:\/\/www.europesays.com\/fr\/wp-json\/wp\/v2\/comments?post=181022"}],"version-history":[{"count":0,"href":"https:\/\/www.europesays.com\/fr\/wp-json\/wp\/v2\/posts\/181022\/revisions"}],"wp:featuredmedia":[{"embeddable":true,"href":"https:\/\/www.europesays.com\/fr\/wp-json\/wp\/v2\/media\/181023"}],"wp:attachment":[{"href":"https:\/\/www.europesays.com\/fr\/wp-json\/wp\/v2\/media?parent=181022"}],"wp:term":[{"taxonomy":"category","embeddable":true,"href":"https:\/\/www.europesays.com\/fr\/wp-json\/wp\/v2\/categories?post=181022"},{"taxonomy":"post_tag","embeddable":true,"href":"https:\/\/www.europesays.com\/fr\/wp-json\/wp\/v2\/tags?post=181022"}],"curies":[{"name":"wp","href":"https:\/\/api.w.org\/{rel}","templated":true}]}}