{"id":181033,"date":"2025-06-16T14:39:12","date_gmt":"2025-06-16T14:39:12","guid":{"rendered":"https:\/\/www.europesays.com\/fr\/181033\/"},"modified":"2025-06-16T14:39:12","modified_gmt":"2025-06-16T14:39:12","slug":"angel-gomes-et-la-politique-des-chaussures-noires","status":"publish","type":"post","link":"https:\/\/www.europesays.com\/fr\/181033\/","title":{"rendered":"Angel Gomes et \u00ab\u00a0la politique des chaussures noires\u00a0\u00bb"},"content":{"rendered":"<p><img fetchpriority=\"high\" decoding=\"async\" width=\"620\" height=\"413\" src=\"https:\/\/www.europesays.com\/fr\/wp-content\/uploads\/2025\/06\/Angel-Gomes-620x413.jpg\" alt=\"\" class=\"wp-image-365064\"  \/>Angel Gomes se souvient avec un brin de nostalgie ses plus jeunes ann\u00e9es.<\/p>\n<p>Alors qu\u2019il va bient\u00f4t rejoindre l\u2019<a href=\"https:\/\/sportune.20minutes.fr\/olympique-de-marseille-om\" target=\"_blank\" rel=\"noopener\">Olympique de Marseille<\/a> dans le cadre d\u2019un transfert d\u2019agent libre depuis le <a href=\"https:\/\/sportune.20minutes.fr\/losc-lille-losc\" target=\"_blank\" rel=\"noopener\">LOSC Lille<\/a> (le club phoc\u00e9en a officialis\u00e9 un accord de principe avec le milieu de terrain anglais), Angel Gomes s\u2019est entretenu avec la <a href=\"https:\/\/www.bbc.com\/sport\/football\/articles\/c8xgxv9pye0o\" target=\"_blank\" rel=\"noopener\">BBC<\/a>.<\/p>\n<p>Angle Gomes a fait ses classes \u00e0 Manchester United<\/p>\n<p>Il \u00e9voque ses ann\u00e9es de formation entre les murs du centre de <a href=\"https:\/\/sportune.20minutes.fr\/manchester-united\" target=\"_blank\" rel=\"noopener\">Manchester United<\/a> et parle de l\u2019humilit\u00e9 qui doit accompagner chaque apprenti footballeur chez les Red Devils en \u00e9voquant notamment deux exemples pr\u00e9cis. Le premier est un rappel aux jeunes pouces de l\u2019h\u00e9ritage tr\u00e8s fort des anciens du club et du poids des responsabilit\u00e9s qu\u2019ont assum\u00e9 ceux qui portent le rouge maillot mancunien. \u00ab\u00a0D\u00e8s que vous entrez dans le club, les entra\u00eeneurs vous racontent l\u2019histoire du club\u00a0\u00bb, explique le joueur de 24 ans.<\/p>\n<p>Des apprentis footballeurs sur un m\u00eame pied d\u2019\u00e9galit\u00e9<\/p>\n<p>L\u2019autre est plus anecdotique mais somme toute r\u00e9v\u00e9lateur de l\u2019\u00e9tat d\u2019esprit attendu par un les talents en formation : tous doivent porter des chaussures d\u2019une m\u00eame couleur noire. Sans marque ni couleur apparente. C\u2019est une fa\u00e7on pour leurs \u00e9ducateurs de les placer sur un m\u00eame pied d\u2019\u00e9galit\u00e9 et de leur apprendre l\u2019humilit\u00e9.<\/p>\n<p>\u00ab\u00a0Vous jouiez contre d\u2019autres \u00e9quipes qui affichaient des crampons color\u00e9s que vous vouliez aussi porter car ce sont celles de vos idoles\u00a0\u00bb, se rappelle Gomes. Qui en convient : \u00ab\u00a0En y repensant maintenant, c\u2019\u00e9tait parfait parce qu\u2019ils voulaient que tout le monde soit pareil\u00a0\u00bb. O\u00f9 comment mieux illustrer par l\u2019exemple l\u2019expression d\u2019\u00eatre \u00ab\u00a0sur un m\u00eame pied d\u2019\u00e9galit\u00e9\u00a0\u00bb\u2026<\/p>\n","protected":false},"excerpt":{"rendered":"Angel Gomes se souvient avec un brin de nostalgie ses plus jeunes ann\u00e9es. Alors qu\u2019il va bient\u00f4t rejoindre&hellip;\n","protected":false},"author":2,"featured_media":181034,"comment_status":"","ping_status":"","sticky":false,"template":"","format":"standard","meta":{"footnotes":""},"categories":[9],"tags":[23665,1011,27,149,60],"class_list":{"0":"post-181033","1":"post","2":"type-post","3":"status-publish","4":"format-standard","5":"has-post-thumbnail","7":"category-sports","8":"tag-angel-gomes","9":"tag-fr","10":"tag-france","11":"tag-om","12":"tag-sports"},"share_on_mastodon":{"url":"https:\/\/pubeurope.com\/@fr\/114693561699136708","error":""},"_links":{"self":[{"href":"https:\/\/www.europesays.com\/fr\/wp-json\/wp\/v2\/posts\/181033","targetHints":{"allow":["GET"]}}],"collection":[{"href":"https:\/\/www.europesays.com\/fr\/wp-json\/wp\/v2\/posts"}],"about":[{"href":"https:\/\/www.europesays.com\/fr\/wp-json\/wp\/v2\/types\/post"}],"author":[{"embeddable":true,"href":"https:\/\/www.europesays.com\/fr\/wp-json\/wp\/v2\/users\/2"}],"replies":[{"embeddable":true,"href":"https:\/\/www.europesays.com\/fr\/wp-json\/wp\/v2\/comments?post=181033"}],"version-history":[{"count":0,"href":"https:\/\/www.europesays.com\/fr\/wp-json\/wp\/v2\/posts\/181033\/revisions"}],"wp:featuredmedia":[{"embeddable":true,"href":"https:\/\/www.europesays.com\/fr\/wp-json\/wp\/v2\/media\/181034"}],"wp:attachment":[{"href":"https:\/\/www.europesays.com\/fr\/wp-json\/wp\/v2\/media?parent=181033"}],"wp:term":[{"taxonomy":"category","embeddable":true,"href":"https:\/\/www.europesays.com\/fr\/wp-json\/wp\/v2\/categories?post=181033"},{"taxonomy":"post_tag","embeddable":true,"href":"https:\/\/www.europesays.com\/fr\/wp-json\/wp\/v2\/tags?post=181033"}],"curies":[{"name":"wp","href":"https:\/\/api.w.org\/{rel}","templated":true}]}}