{"id":18105,"date":"2025-04-11T19:45:10","date_gmt":"2025-04-11T19:45:10","guid":{"rendered":"https:\/\/www.europesays.com\/fr\/18105\/"},"modified":"2025-04-11T19:45:10","modified_gmt":"2025-04-11T19:45:10","slug":"retraites-meme-la-cour-des-comptes-alerte-sur-les-dangers-dun-recul-de-lage-legal","status":"publish","type":"post","link":"https:\/\/www.europesays.com\/fr\/18105\/","title":{"rendered":"Retraites\u00a0: m\u00eame la Cour des comptes alerte sur les dangers d\u2019un recul de l\u2019\u00e2ge l\u00e9gal"},"content":{"rendered":"<p>Le recul de l\u2019\u00e2ge de d\u00e9part en retraite nuit aux plus vuln\u00e9rables, et ce n\u2019est pas une officine gauchiste qui l\u2019affirme, mais la<a href=\"https:\/\/www.humanite.fr\/social-et-economie\/cour-des-comptes\/retraites-pourquoi-la-methode-bayrou-inquiete-les-syndicats\" rel=\"nofollow noopener\" target=\"_blank\"> tr\u00e8s lib\u00e9rale Cour des comptes<\/a>, dans son dernier rapport. Les auteurs y examinent les effets sur l\u2019emploi des pr\u00e9c\u00e9dents reculs de l\u2019\u00e2ge l\u00e9gal. \u00c0 l\u2019arriv\u00e9e, il n\u2019y a pas de \u00ab\u00a0scoop\u00a0\u00bb particulier, mais une confirmation (bienvenue) de ce qu\u2019ont d\u00e9montr\u00e9 de nombreux chercheurs au cours des ann\u00e9es pr\u00e9c\u00e9dentes.<\/p>\n<p>Durant la d\u00e9cennie 2010, sous l\u2019effet notamment de la r\u00e9forme sarkozyste de 2010 (passage de 60 \u00e0 62\u00a0ans), l\u2019\u00e2ge moyen de d\u00e9part \u00e0 la retraite a augment\u00e9 de 2,1 ann\u00e9es, explique la Cour. \u00ab\u00a0Un moyen d\u2019\u00e9tudier l\u2019impact de ce recul sur les parcours professionnels est de regarder s\u2019il a correspondu \u00e0 un allongement du temps dans l\u2019emploi, au ch\u00f4mage ou en invalidit\u00e9 pour les personnes concern\u00e9es, poursuivent les auteurs. En moyenne, dans l\u2019ensemble de la population, ce recul s\u2019est accompagn\u00e9 d\u2019un allongement d\u20191 an et 7 mois du temps pass\u00e9 en emploi. <a href=\"https:\/\/www.humanite.fr\/social-et-economie\/cour-des-comptes\/reforme-des-retraites-le-rapport-de-la-cour-des-comptes-est-un-dementi-cinglant-aux-chiffres-farfelus-retenus-par-le-premier-ministre-se-felicite-sophie-binet\" rel=\"nofollow noopener\" target=\"_blank\">Ce constat masque<\/a> cependant des disparit\u00e9s importantes entre cat\u00e9gories socio-professionnelles.\u00a0\u00bb<\/p>\n<p>Les ouvriers les plus impact\u00e9s<\/p>\n<p>En effet, il n\u2019y a rien de m\u00e9canique \u00e0 ce qu\u2019un recul de l\u2019\u00e2ge l\u00e9gal  augmente <\/p>\n","protected":false},"excerpt":{"rendered":"Le recul de l\u2019\u00e2ge de d\u00e9part en retraite nuit aux plus vuln\u00e9rables, et ce n\u2019est pas une officine&hellip;\n","protected":false},"author":2,"featured_media":18106,"comment_status":"","ping_status":"","sticky":false,"template":"","format":"standard","meta":{"footnotes":""},"categories":[6],"tags":[35,33,34,1011,27,7226],"class_list":{"0":"post-18105","1":"post","2":"type-post","3":"status-publish","4":"format-standard","5":"has-post-thumbnail","7":"category-economie","8":"tag-business","9":"tag-economie","10":"tag-economy","11":"tag-fr","12":"tag-france","13":"tag-ru00e9forme-des-retraites"},"share_on_mastodon":{"url":"https:\/\/pubeurope.com\/@fr\/114321052345297927","error":""},"_links":{"self":[{"href":"https:\/\/www.europesays.com\/fr\/wp-json\/wp\/v2\/posts\/18105","targetHints":{"allow":["GET"]}}],"collection":[{"href":"https:\/\/www.europesays.com\/fr\/wp-json\/wp\/v2\/posts"}],"about":[{"href":"https:\/\/www.europesays.com\/fr\/wp-json\/wp\/v2\/types\/post"}],"author":[{"embeddable":true,"href":"https:\/\/www.europesays.com\/fr\/wp-json\/wp\/v2\/users\/2"}],"replies":[{"embeddable":true,"href":"https:\/\/www.europesays.com\/fr\/wp-json\/wp\/v2\/comments?post=18105"}],"version-history":[{"count":0,"href":"https:\/\/www.europesays.com\/fr\/wp-json\/wp\/v2\/posts\/18105\/revisions"}],"wp:featuredmedia":[{"embeddable":true,"href":"https:\/\/www.europesays.com\/fr\/wp-json\/wp\/v2\/media\/18106"}],"wp:attachment":[{"href":"https:\/\/www.europesays.com\/fr\/wp-json\/wp\/v2\/media?parent=18105"}],"wp:term":[{"taxonomy":"category","embeddable":true,"href":"https:\/\/www.europesays.com\/fr\/wp-json\/wp\/v2\/categories?post=18105"},{"taxonomy":"post_tag","embeddable":true,"href":"https:\/\/www.europesays.com\/fr\/wp-json\/wp\/v2\/tags?post=18105"}],"curies":[{"name":"wp","href":"https:\/\/api.w.org\/{rel}","templated":true}]}}