{"id":181064,"date":"2025-06-16T14:56:14","date_gmt":"2025-06-16T14:56:14","guid":{"rendered":"https:\/\/www.europesays.com\/fr\/181064\/"},"modified":"2025-06-16T14:56:14","modified_gmt":"2025-06-16T14:56:14","slug":"saint-egreve-la-fete-de-la-musique-debute-mardi","status":"publish","type":"post","link":"https:\/\/www.europesays.com\/fr\/181064\/","title":{"rendered":"Saint-\u00c9gr\u00e8ve. La f\u00eate de la musique d\u00e9bute mardi"},"content":{"rendered":"<p>\u00c0 Saint-\u00c9gr\u00e8ve, la F\u00eate de la musique durera dix jours, du 17 au 27\u00a0juin. En apoth\u00e9ose le vendredi 20\u00a0juin \u00e0 20\u00a0h, la Compagnie des Gentils va ambiancer le parc de la mairie avec un bal \u00e0 facettes, m\u00e9langeant les styles et les \u00e9poques.<\/p>\n<p> \u25b6 \u2002 Ce <strong>mardi 17\u00a0juin<\/strong> \u00e0 14\u00a0h\u00a030, le Centre hospitalier Alpes-Is\u00e8re (Chai) accueillera Maria Luma, une jardini\u00e8re sonore qui cultive la chanson pop franco-br\u00e9silienne.<\/p>\n<p> \u25b6 \u2002 Le <strong>vendredi 20\u00a0juin<\/strong> de 18\u00a0h \u00e0 20\u00a0h, les \u00e9l\u00e8ves ayant valid\u00e9 leur fin de cycle instrument au conservatoire proposent un concert dans l\u2019auditorium de l\u2019Unisson, avec la participation de Yoan K\u00e9ravis en accompagnement piano. Le m\u00eame jour, d\u00e8s 20\u00a0h, dans le parc de la mairie se tiendra un bal \u00e0 facettes\u00a0: une grande \u201cg\u00e9ode \u00e0 facettes\u201d baignant la piste de danse de lumi\u00e8res, un DJ et trois chanteurs \u00e9tincelants\u00a0de la Compagnie des Gentils. Premi\u00e8re partie assur\u00e9e par l\u2019Unisson, avec les Combos jazz (ados\/adultes), dirig\u00e9e par Gil Lachenal.<\/p>\n<p> \u25b6 \u2002 Le samedi 21\u00a0juin \u00e0 16\u00a0h\u00a045, \u00e0 l\u2019auditorium de l\u2019Unisson, concert du petit orchestre de Montfleury, sous la direction de C\u00e9lia V\u00e9ricel-Guyot.<\/p>\n<p> \u25b6 \u2002 Le lundi 23\u00a0juin de 18\u00a0h\u00a030 \u00e0 19\u00a0h\u00a015, les \u00e9l\u00e8ves des chorales de l\u2019Unisson donnent de la voix sous la direction de Yoan K\u00e9ravis \u00e0 chapelle du Chai.<\/p>\n<p> \u25b6 \u2002 Le mardi 24\u00a0juin de 18\u00a0h \u00e0 19\u00a0h \u00e0 l\u2019auditorium de l\u2019Unisson, les petits \u00e9l\u00e8ves de violon, alto et violoncelle de l\u2019Unisson accompagn\u00e9s par les \u00e9l\u00e8ves pianistes proposent de venir \u00e9couter une prestation musicale qui met les instruments \u00e0 cordes \u00e0 l\u2019honneur.<\/p>\n<p> \u25b6 \u2002 Le <strong>mercredi 25\u00a0juin<\/strong> de 17\u00a0h \u00e0 20\u00a0h\u00a030, L\u2019Unisson se rend dans les quartiers\u00a0: trois lieux, trois concerts. \u00c0 La Monta, au stade rue de Clapi\u00e8res, concert du Petit orchestre d\u2019harmonie (direction Meryem Bensa\u00efd, Olivier Maupas) de 17\u00a0h \u00e0 17\u00a0h\u00a020, de l\u2019ensemble Fanfare (direction Franck Raymond) de 17\u00a0h\u00a020 \u00e0 17\u00a0h\u00a040, du quatuor de saxophones UniSaxs (direction Laurent Bernard) de 17\u00a0h\u00a040 \u00e0 18\u00a0h. Sur la place Nelson-Mandela \u00e0 Rochepleine, l\u2019ensemble musiques du monde (direction Benoit Rey) se produira de 18\u00a0h \u00e0 18\u00a0h\u00a030\u00a0; le Big orchestre d\u2019harmonie (direction Gr\u00e9gory Thivollet) de 18\u00a0h\u00a030 \u00e0 19\u00a0h. Enfin, dans la cour du conservatoire L\u2019Unisson, l\u2019Atelier Impro (direction de Gil Lachenal) jouera de 17\u00a0h\u00a030 \u00e0 18\u00a0h, Combos Padawan et\u00a0Jedi (direction de Cantor Trancard) de 18\u00a0h \u00e0 18\u00a0h\u00a045 et la classe MAO de Nicolas Morant de 18\u00a0h\u00a045 \u00e0 19\u00a0h\u00a030.<\/p>\n<p> \u25b6 \u2002 Le <strong>jeudi 26\u00a0juin<\/strong> de 17\u00a0h \u00e0 20\u00a0h\u00a030, dans la cour de l\u2019Unisson, pr\u00e9sentation des classes d\u2019initiation et d\u2019\u00e9veil musical de Pierre-Yves Bonnet et Sandrine Molina et sc\u00e8ne ouverte.<\/p>\n<p> \u25b6 \u2002 Le <strong>vendredi 27\u00a0juin<\/strong> de 18\u00a0h \u00e0 20\u00a0h, \u00e0 l\u2019auditorium de l\u2019Unisson, une soir\u00e9e chant surprenante sera organis\u00e9e avec la participation de la classe de chant de Carine Schertzer, Sandrine Molina et Viktoriia Voskobo\u00efnikova accompagn\u00e9e musicalement par Yoan K\u00e9ravis, l\u2019atelier technique vocale, dirig\u00e9 par Viktoriia voskobo\u00efnikova et \u00e9galement, en invit\u00e9es, Les Contempor\u2019Elles, ch\u0153ur de femmes \u00e0 voix \u00e9gales.<\/p>\n","protected":false},"excerpt":{"rendered":"\u00c0 Saint-\u00c9gr\u00e8ve, la F\u00eate de la musique durera dix jours, du 17 au 27\u00a0juin. En apoth\u00e9ose le vendredi&hellip;\n","protected":false},"author":2,"featured_media":181065,"comment_status":"","ping_status":"","sticky":false,"template":"","format":"standard","meta":{"footnotes":""},"categories":[9566],"tags":[1111,11,2430,1687,112,1777,674,3326,1011,27,2731,12,25,275,276],"class_list":{"0":"post-181064","1":"post","2":"type-post","3":"status-publish","4":"format-standard","5":"has-post-thumbnail","7":"category-grenoble","8":"tag-actu","9":"tag-actualites","10":"tag-auvergne-rhone-alpes","11":"tag-culture-loisirs","12":"tag-edition-grenoble-agglomeration","13":"tag-eu","14":"tag-europe","15":"tag-fete-locale","16":"tag-fr","17":"tag-france","18":"tag-grenoble","19":"tag-news","20":"tag-republique-francaise","21":"tag-saint-egreve","22":"tag-saint-egreve-et-autour"},"share_on_mastodon":{"url":"https:\/\/pubeurope.com\/@fr\/114693628520220986","error":""},"_links":{"self":[{"href":"https:\/\/www.europesays.com\/fr\/wp-json\/wp\/v2\/posts\/181064","targetHints":{"allow":["GET"]}}],"collection":[{"href":"https:\/\/www.europesays.com\/fr\/wp-json\/wp\/v2\/posts"}],"about":[{"href":"https:\/\/www.europesays.com\/fr\/wp-json\/wp\/v2\/types\/post"}],"author":[{"embeddable":true,"href":"https:\/\/www.europesays.com\/fr\/wp-json\/wp\/v2\/users\/2"}],"replies":[{"embeddable":true,"href":"https:\/\/www.europesays.com\/fr\/wp-json\/wp\/v2\/comments?post=181064"}],"version-history":[{"count":0,"href":"https:\/\/www.europesays.com\/fr\/wp-json\/wp\/v2\/posts\/181064\/revisions"}],"wp:featuredmedia":[{"embeddable":true,"href":"https:\/\/www.europesays.com\/fr\/wp-json\/wp\/v2\/media\/181065"}],"wp:attachment":[{"href":"https:\/\/www.europesays.com\/fr\/wp-json\/wp\/v2\/media?parent=181064"}],"wp:term":[{"taxonomy":"category","embeddable":true,"href":"https:\/\/www.europesays.com\/fr\/wp-json\/wp\/v2\/categories?post=181064"},{"taxonomy":"post_tag","embeddable":true,"href":"https:\/\/www.europesays.com\/fr\/wp-json\/wp\/v2\/tags?post=181064"}],"curies":[{"name":"wp","href":"https:\/\/api.w.org\/{rel}","templated":true}]}}