{"id":181070,"date":"2025-06-16T14:59:10","date_gmt":"2025-06-16T14:59:10","guid":{"rendered":"https:\/\/www.europesays.com\/fr\/181070\/"},"modified":"2025-06-16T14:59:10","modified_gmt":"2025-06-16T14:59:10","slug":"adrien-truffert-quitte-rennes-pour-bournemouth-angleterre-bournemouth","status":"publish","type":"post","link":"https:\/\/www.europesays.com\/fr\/181070\/","title":{"rendered":"Adrien Truffert quitte Rennes pour Bournemouth &#8211; Angleterre &#8211; Bournemouth"},"content":{"rendered":"<p>Un enfant de Rennes <a target=\"_blank\" href=\"https:\/\/www.sofoot.com\/articles\/lorient-bournemouth-strange-connection-france\" rel=\"nofollow noopener\">qui signe \u00e0 Lorient<\/a>\u2026<\/p>\n<p>\u00c0 23 ans, Adrien Truffert quitte Rennes pour Bournemouth, neuvi\u00e8me de Premier League et club d\u00e9tenu par le m\u00eame fonds d\u2019investissement que les Merlus. <strong>Il y a sign\u00e9 un bail de cinq ans, jusqu\u2019en 2030<\/strong>.<\/p>\n<p>Arriv\u00e9 en 2015 au centre de formation rennais avant d\u2019y d\u00e9buter chez les pros en 2020, <strong>le lat\u00e9ral gauche quitte officiellement son cocon breton pour les sir\u00e8nes de la Premier League<\/strong>. L\u2019international fran\u00e7ais (une s\u00e9lection) s\u2019en va apr\u00e8s 191 matchs en rouge et noir et une <a target=\"_blank\" href=\"https:\/\/www.sofoot.com\/articles\/finale-des-jeux-olympique-les-bleus-du-football-laissent-lor-et-les-lauriers-aux-espagnols\" rel=\"nofollow noopener\">m\u00e9daille d\u2019argent ramen\u00e9e des JO de Paris 2024<\/a>.<\/p>\n<p>Un transfert \u00e0 17 millions d\u2019euros<\/p>\n<p>\u00ab\u00a0Il y a des pages qu\u2019on referme avec \u00e9motion, le c\u0153ur serr\u00e9, mais empli de gratitude. Aujourd\u2019hui, c\u2019est l\u2019une d\u2019elles. <strong>Apr\u00e8s dix ann\u00e9es pass\u00e9es au Stade rennais, je m\u2019appr\u00eate \u00e0 tourner une page immense de ma vie<\/strong>\u00a0\u00bb a-t-il indiqu\u00e9 dans un communiqu\u00e9. \u00ab\u202fRennes, ce n\u2019est pas seulement un club. C\u2019est une ville qui m\u2019a accueilli, un endroit o\u00f9 je me suis senti chez moi. Je n\u2019oublierai jamais d\u2019o\u00f9 je viens. \u00bb<\/p>\n<p><strong>Le transfert avoisinerait les 17 millions d\u2019euros<\/strong>, selon Le Parisien. Un joli coup pour les Cherries, et une perte pour Habib Beye, qui avait fait de lui son bras droit et m\u00eame son capitaine.<\/p>\n<p><a target=\"_blank\" href=\"https:\/\/www.sofoot.com\/breves\/mercato-lorenz-assignon-quitte-rennes-pour-signer-a-stuttgart\" rel=\"nofollow noopener\">Et un lat\u00e9ral de plus en moins pour le SRFC<\/a>.<\/p>\n<p>\t\t\t\t\t\t\t\t\t\t<a class=\"lien-connexe\" href=\"https:\/\/www.sofoot.com\/breves\/girondins-de-bordeaux-bixente-lizarazu-cartonne-las-des-as-de-la-finance-gerard-lopez\" rel=\"nofollow noopener\" target=\"_blank\">Bixente Lizarazu cartonne \u00ab\u202fl\u2019as des as de la finance\u202f\u00bb G\u00e9rard Lopez<\/a>\t\t\t\t\t<\/p>\n","protected":false},"excerpt":{"rendered":"Un enfant de Rennes qui signe \u00e0 Lorient\u2026 \u00c0 23 ans, Adrien Truffert quitte Rennes pour Bournemouth, neuvi\u00e8me&hellip;\n","protected":false},"author":2,"featured_media":181071,"comment_status":"","ping_status":"","sticky":false,"template":"","format":"standard","meta":{"footnotes":""},"categories":[2821],"tags":[1111,47,11,61,829,69,65,64,1777,674,63,1011,27,68,66,12,62,70,584,25,67],"class_list":{"0":"post-181070","1":"post","2":"type-post","3":"status-publish","4":"format-standard","5":"has-post-thumbnail","7":"category-rennes","8":"tag-actu","9":"tag-actualite","10":"tag-actualites","11":"tag-actus-football","12":"tag-bretagne","13":"tag-bundesliga","14":"tag-championnats-europeens","15":"tag-equipe-de-france","16":"tag-eu","17":"tag-europe","18":"tag-football","19":"tag-fr","20":"tag-france","21":"tag-ligua","22":"tag-ligue-1","23":"tag-news","24":"tag-news-foot","25":"tag-premier-league","26":"tag-rennes","27":"tag-republique-francaise","28":"tag-serie-a"},"share_on_mastodon":{"url":"https:\/\/pubeurope.com\/@fr\/114693640384854448","error":""},"_links":{"self":[{"href":"https:\/\/www.europesays.com\/fr\/wp-json\/wp\/v2\/posts\/181070","targetHints":{"allow":["GET"]}}],"collection":[{"href":"https:\/\/www.europesays.com\/fr\/wp-json\/wp\/v2\/posts"}],"about":[{"href":"https:\/\/www.europesays.com\/fr\/wp-json\/wp\/v2\/types\/post"}],"author":[{"embeddable":true,"href":"https:\/\/www.europesays.com\/fr\/wp-json\/wp\/v2\/users\/2"}],"replies":[{"embeddable":true,"href":"https:\/\/www.europesays.com\/fr\/wp-json\/wp\/v2\/comments?post=181070"}],"version-history":[{"count":0,"href":"https:\/\/www.europesays.com\/fr\/wp-json\/wp\/v2\/posts\/181070\/revisions"}],"wp:featuredmedia":[{"embeddable":true,"href":"https:\/\/www.europesays.com\/fr\/wp-json\/wp\/v2\/media\/181071"}],"wp:attachment":[{"href":"https:\/\/www.europesays.com\/fr\/wp-json\/wp\/v2\/media?parent=181070"}],"wp:term":[{"taxonomy":"category","embeddable":true,"href":"https:\/\/www.europesays.com\/fr\/wp-json\/wp\/v2\/categories?post=181070"},{"taxonomy":"post_tag","embeddable":true,"href":"https:\/\/www.europesays.com\/fr\/wp-json\/wp\/v2\/tags?post=181070"}],"curies":[{"name":"wp","href":"https:\/\/api.w.org\/{rel}","templated":true}]}}