{"id":181074,"date":"2025-06-16T15:01:17","date_gmt":"2025-06-16T15:01:17","guid":{"rendered":"https:\/\/www.europesays.com\/fr\/181074\/"},"modified":"2025-06-16T15:01:17","modified_gmt":"2025-06-16T15:01:17","slug":"celia-bensalem-ex-ol-lyonnes-rejoint-grace-kazadi-a-strasbourg","status":"publish","type":"post","link":"https:\/\/www.europesays.com\/fr\/181074\/","title":{"rendered":"C\u00e9lia Bensalem (ex-OL Lyonnes) rejoint Grace Kazadi \u00e0 Strasbourg"},"content":{"rendered":"<p>                            <img width=\"770\" height=\"433\" src=\"https:\/\/www.europesays.com\/fr\/wp-content\/uploads\/2025\/06\/Capture-decran-2025-06-16-135846-770x433.jpg\" class=\"attachment-article size-article wp-post-image\" alt=\"C\u00e9lia Bensalem\" decoding=\"async\" fetchpriority=\"high\"  \/><\/p>\n<p>C\u00e9lia Bensalem @Strasbourg<\/p>\n<p>Ancienne joueuse de l&rsquo;OL Lyonnes, C\u00e9lia Bensalem pose ses valises \u00e0 Strasbourg o\u00f9 elle retrouvera une autre Lyonnaise, Grace Kazadi.<\/p>\n<p>Form\u00e9e \u00e0 l\u2019OL Lyonnes, C\u00e9lia <strong>Bensalem<\/strong> a d\u00e9couvert le monde professionnel tr\u00e8s t\u00f4t. Arriv\u00e9e au club en 2011, la milieu de terrain a gravi les \u00e9chelons jusqu\u2019\u00e0 faire ses d\u00e9buts en D1 lors de la saison 2021-2022. Elle n\u2019a disput\u00e9 qu\u2019un seul match avec l\u2019\u00e9quipe premi\u00e8re, lors d&rsquo;une entr\u00e9e de huit petites minutes. Internationale chez les jeunes, elle a connu des s\u00e9lections en \u00e9quipe de France U16 puis U19.<\/p>\n<p>En 2023, elle quitte le Rh\u00f4ne pour rejoindre le Deportivo Toluca, au Mexique. Elle y gagne du temps de jeu, avec une trentaine de matchs disput\u00e9s et trois buts marqu\u00e9s. Elle aura notamment foul\u00e9 la pelouse aux c\u00f4t\u00e9s d&rsquo;une certaine <a href=\"https:\/\/www.olympique-et-lyonnais.com\/mercato-amandine-henry-ex-ol-va-decouvrir-le-mexique,339663.html\" rel=\"nofollow noopener\" target=\"_blank\">Amandine <strong>Henry,<\/strong><\/a> v\u00e9ritable l\u00e9gende de l&rsquo;OL Lyonnes. D\u00e9but 2025, elle revient en France, en pr\u00eat au LOSC. Elle y restera six mois \u00e9voluant en 2e division.<\/p>\n<p>Retour en D1 Arkema pour C\u00e9lia Bensalem<\/p>\n<p>Apr\u00e8s un pr\u00eat relativement concluant \u00e0 Lille, C\u00e9lia <strong>Bensalem<\/strong> va retrouver le chemin de l&rsquo;\u00e9lite du football f\u00e9minin, au RC Strasbourg, 9e du dernier exercice. Le club alsacien a annonc\u00e9 la signature de la jeune joueuse de 20 ans. \u00ab\u00a0C\u00e9lia <strong>Bensalem<\/strong> est Strasbourgeoise. La milieu de terrain internationale U19 rejoint le Racing en provenance de Lille. Elle s&rsquo;est engag\u00e9e pour une saison plus une ann\u00e9e suppl\u00e9mentaire en option.\u00a0\u00bb<\/p>\n<p>Son entra\u00eeneur, <a href=\"https:\/\/www.rcstrasbourgalsace.fr\/celia-bensalem-signe-au-racing\/\" rel=\"nofollow noopener\" target=\"_blank\">Vincent <strong>Nogueira,<\/strong><\/a> livre son regard sur sa recrue. \u201cC\u00e9lia est une milieu de terrain tr\u00e8s intelligente, qui correspond parfaitement au style de jeu que nous souhaitons mettre en place pour la saison \u00e0 venir\u201d. La Fenotte suit ainsi le m\u00eame chemin qu&rsquo;une autre footballeuse form\u00e9e au club, <a href=\"https:\/\/www.olympique-et-lyonnais.com\/mercato-grace-kazadi-ex-ol-lyonnes-signe-a-strasbourg,365910.html\" rel=\"nofollow noopener\" target=\"_blank\">Grace <strong>Kazadi.<\/strong><\/a><\/p>\n","protected":false},"excerpt":{"rendered":"C\u00e9lia Bensalem @Strasbourg Ancienne joueuse de l&rsquo;OL Lyonnes, C\u00e9lia Bensalem pose ses valises \u00e0 Strasbourg o\u00f9 elle retrouvera&hellip;\n","protected":false},"author":2,"featured_media":181075,"comment_status":"","ping_status":"","sticky":false,"template":"","format":"standard","meta":{"footnotes":""},"categories":[2820],"tags":[1111,11,1777,674,31872,1011,27,775,1434,12,25,640],"class_list":{"0":"post-181074","1":"post","2":"type-post","3":"status-publish","4":"format-standard","5":"has-post-thumbnail","7":"category-strasbourg","8":"tag-actu","9":"tag-actualites","10":"tag-eu","11":"tag-europe","12":"tag-ex-ol-lyonnes","13":"tag-fr","14":"tag-france","15":"tag-grand-est","16":"tag-mercato","17":"tag-news","18":"tag-republique-francaise","19":"tag-strasbourg"},"share_on_mastodon":{"url":"https:\/\/pubeurope.com\/@fr\/114693648154241483","error":""},"_links":{"self":[{"href":"https:\/\/www.europesays.com\/fr\/wp-json\/wp\/v2\/posts\/181074","targetHints":{"allow":["GET"]}}],"collection":[{"href":"https:\/\/www.europesays.com\/fr\/wp-json\/wp\/v2\/posts"}],"about":[{"href":"https:\/\/www.europesays.com\/fr\/wp-json\/wp\/v2\/types\/post"}],"author":[{"embeddable":true,"href":"https:\/\/www.europesays.com\/fr\/wp-json\/wp\/v2\/users\/2"}],"replies":[{"embeddable":true,"href":"https:\/\/www.europesays.com\/fr\/wp-json\/wp\/v2\/comments?post=181074"}],"version-history":[{"count":0,"href":"https:\/\/www.europesays.com\/fr\/wp-json\/wp\/v2\/posts\/181074\/revisions"}],"wp:featuredmedia":[{"embeddable":true,"href":"https:\/\/www.europesays.com\/fr\/wp-json\/wp\/v2\/media\/181075"}],"wp:attachment":[{"href":"https:\/\/www.europesays.com\/fr\/wp-json\/wp\/v2\/media?parent=181074"}],"wp:term":[{"taxonomy":"category","embeddable":true,"href":"https:\/\/www.europesays.com\/fr\/wp-json\/wp\/v2\/categories?post=181074"},{"taxonomy":"post_tag","embeddable":true,"href":"https:\/\/www.europesays.com\/fr\/wp-json\/wp\/v2\/tags?post=181074"}],"curies":[{"name":"wp","href":"https:\/\/api.w.org\/{rel}","templated":true}]}}