{"id":181078,"date":"2025-06-16T15:03:11","date_gmt":"2025-06-16T15:03:11","guid":{"rendered":"https:\/\/www.europesays.com\/fr\/181078\/"},"modified":"2025-06-16T15:03:11","modified_gmt":"2025-06-16T15:03:11","slug":"une-coalition-voit-le-jour-pour-sauver-les-requins-et-les-raies","status":"publish","type":"post","link":"https:\/\/www.europesays.com\/fr\/181078\/","title":{"rendered":"une coalition voit le jour pour sauver les requins et les raies"},"content":{"rendered":"<blockquote class=\"wp-block-quote is-layout-flow wp-block-quote-is-layout-flow\">\n<p>La population des requins et des raies aux cycles de reproduction lents a r\u00e9duit de moiti\u00e9 depuis 1970.<\/p>\n<\/blockquote>\n<p>La population des requins et des raies aux cycles de reproduction lents a r\u00e9duit de moiti\u00e9 depuis 1970 et 37,5% de ces quelque 1 200 esp\u00e8ces sont\u00a0consid\u00e9r\u00e9es comme menac\u00e9es d\u2019extinction, selon une \u00e9tude publi\u00e9e fin 2024 dans la revue <a href=\"https:\/\/www.science.org\/doi\/abs\/10.1126\/science.adn1477\" target=\"_blank\" rel=\"noopener\">Science<\/a>.\u00a0<\/p>\n<p>                                            Des animaux embl\u00e9matiques qui disparaissent \u00e0 cause de la surp\u00eache<\/p>\n<p>C\u2019est le cas de l\u2019ange de mer, un requin aux faux airs de raie, si r\u00e9pandu au large de Nice qu\u2019il a donn\u00e9 son nom \u00e0 la Baie des Anges mais qui a d\u00e9sormais quasiment disparu de M\u00e9diterran\u00e9e.\u00a0<\/p>\n<p>Outre les changements climatiques qui modifient les habitats, requins et raies sont essentiellement victimes de la surp\u00eache, qu\u2019ils soient vis\u00e9s pour leurs ailerons dans le cas des requins ou pris accidentellement dans les filets visant d\u2019autres poissons.\u00a0<\/p>\n<p>                                            Des esp\u00e8ces essentielles pour les \u00e9cosyst\u00e8mes aquatiques et la s\u00e9curit\u00e9 sanitaire mondiale<\/p>\n<p>Pourtant, ces grands pr\u00e9dateurs qui arpentent les mers et parfois les grands lacs depuis plus de 400 millions d\u2019ann\u00e9es ont un r\u00f4le essentiel dans les \u00e9cosyst\u00e8mes qu\u2019ils fr\u00e9quentent. Leur survie \u201cest une question de s\u00e9curit\u00e9 alimentaire mondiale\u201d, a lanc\u00e9 Arlette Soudan-Nonault, ministre de l\u2019Environnement du Congo, lors de la pr\u00e9sentation de la coalition en marge du sommet de l\u2019ONU pour l\u2019oc\u00e9an.\u00a0<\/p>\n<p>                                            La sauvegarde de ces animaux marins : un enjeu majeur pour le tourisme<\/p>\n<p>Pour certains pays, ils sont aussi un atout touristique majeur. Aux Maldives, les seules activit\u00e9s de plong\u00e9e au milieu des requins repr\u00e9sentent un chiffre d\u2019affaires annuel de 15 millions de dollars, a t\u00e9moign\u00e9 Thoriq Ibrahim, ministre du Tourisme et de l\u2019Environnement de l\u2019archipel de l\u2019oc\u00e9an Indien.<\/p>\n<p>                                            Des esp\u00e8ces qui sont au centre des croyances des peuples c\u00f4tiers<\/p>\n<p>La navigatrice Isabelle Autissier, pr\u00e9sidente d\u2019honneur de WWF-France, a aussi \u00e9voqu\u00e9 <a href=\"https:\/\/www.peuple-animal.com\/le-roi-des-maoris-veut-que-les-baleines-aient-les-memes-droits-que-les-humains\/\" target=\"_blank\" rel=\"noopener\">leur place de choix dans la spiritualit\u00e9 des peuples c\u00f4tiers<\/a>, et l\u2019\u00e9motion qu\u2019elle-m\u00eame pouvait \u00e9prouver quand une raie manta venait danser sous son bateau ou l\u2019impression \u201cde force et de s\u00e9r\u00e9nit\u00e9\u201d d\u00e9gag\u00e9e par les requins qu\u2019elle a crois\u00e9s.\u00a0<\/p>\n<p>                                            Des mesures pour prot\u00e9ger sur plusieurs fronts les requins et les raies<\/p>\n<p>Pour les sauver, la coalition vise \u00e0 prot\u00e9ger les habitats-cl\u00e9s des requins et des raies \u00e0 travers des plans de gestions sp\u00e9cifiques dans les aires marines prot\u00e9g\u00e9es, \u00e0 lutter contre le commerce ill\u00e9gal, essentiellement <a href=\"https:\/\/www.peuple-animal.com\/la-police-peruvienne-saisit-13-tonne-dailerons-de-requin-destines-a-lasie\/\" target=\"_blank\" rel=\"noopener\">d\u2019ailerons de requins<\/a>, et \u00e0 mettre en \u0153uvre une coordination internationale au sein d\u2019un groupe intergouvernemental.<\/p>\n<p>                <a href=\"https:\/\/www.peuple-animal.com\/le-requin-bleu-le-bourlingueur-des-mers\/\" target=\"_blank\" class=\"gt_sujet\" rel=\"noopener\">&#13;<\/p>\n<p>                &#13;<br \/>\n                    &#13;<br \/>\n                    &#13;<br \/>\n                    &#13;<\/p>\n<p>                &#13;<br \/>\n                    <strong>\u00c0 lire aussi : <\/strong>Le requin bleu : le bourlingueur des mers<br \/>\n            &#13;<br \/>\n        <\/a><\/p>\n<p>                <img decoding=\"async\" src=\"https:\/\/www.europesays.com\/fr\/wp-content\/uploads\/2025\/06\/Tma444-Couv-236x320.jpg\" alt=\"Que faire en vacances avec son chien ?\"\/><\/p>\n<p>            <img decoding=\"async\" src=\"https:\/\/www.europesays.com\/fr\/wp-content\/uploads\/2025\/06\/Tma444-Couv-236x320.jpg\" alt=\"Que faire en vacances avec son chien ?\"\/><\/p>\n<p>                <img decoding=\"async\" src=\"https:\/\/www.peuple-animal.com\/wp-content\/themes\/tma\/public\/img\/logo-magazine-30-millions-amis.svg\" alt=\"Le magazine 30 millions d\u2019amis\"\/>            <\/p>\n<p>Le n\u00b01 de la presse animali\u00e8re<\/p>\n<p>Chaque mois, devenez le meilleur des ma\u00eetres et retrouvez tous nos dossiers et conseils d\u2019expert. <strong>D\u00e9couvrez nos offres num\u00e9riques&#8230;<\/strong><\/p>\n","protected":false},"excerpt":{"rendered":"La population des requins et des raies aux cycles de reproduction lents a r\u00e9duit de moiti\u00e9 depuis 1970.&hellip;\n","protected":false},"author":2,"featured_media":181079,"comment_status":"","ping_status":"","sticky":false,"template":"","format":"standard","meta":{"footnotes":""},"categories":[2819],"tags":[1111,11,1777,674,1011,27,31873,12,2401,12517,882,31874,25],"class_list":{"0":"post-181078","1":"post","2":"type-post","3":"status-publish","4":"format-standard","5":"has-post-thumbnail","7":"category-nice","8":"tag-actu","9":"tag-actualites","10":"tag-eu","11":"tag-europe","12":"tag-fr","13":"tag-france","14":"tag-nageoire-aileron-requin","15":"tag-news","16":"tag-nice","17":"tag-ocean","18":"tag-provence-alpes-cote-dazur","19":"tag-raie","20":"tag-republique-francaise"},"share_on_mastodon":{"url":"https:\/\/pubeurope.com\/@fr\/114693656049474248","error":""},"_links":{"self":[{"href":"https:\/\/www.europesays.com\/fr\/wp-json\/wp\/v2\/posts\/181078","targetHints":{"allow":["GET"]}}],"collection":[{"href":"https:\/\/www.europesays.com\/fr\/wp-json\/wp\/v2\/posts"}],"about":[{"href":"https:\/\/www.europesays.com\/fr\/wp-json\/wp\/v2\/types\/post"}],"author":[{"embeddable":true,"href":"https:\/\/www.europesays.com\/fr\/wp-json\/wp\/v2\/users\/2"}],"replies":[{"embeddable":true,"href":"https:\/\/www.europesays.com\/fr\/wp-json\/wp\/v2\/comments?post=181078"}],"version-history":[{"count":0,"href":"https:\/\/www.europesays.com\/fr\/wp-json\/wp\/v2\/posts\/181078\/revisions"}],"wp:featuredmedia":[{"embeddable":true,"href":"https:\/\/www.europesays.com\/fr\/wp-json\/wp\/v2\/media\/181079"}],"wp:attachment":[{"href":"https:\/\/www.europesays.com\/fr\/wp-json\/wp\/v2\/media?parent=181078"}],"wp:term":[{"taxonomy":"category","embeddable":true,"href":"https:\/\/www.europesays.com\/fr\/wp-json\/wp\/v2\/categories?post=181078"},{"taxonomy":"post_tag","embeddable":true,"href":"https:\/\/www.europesays.com\/fr\/wp-json\/wp\/v2\/tags?post=181078"}],"curies":[{"name":"wp","href":"https:\/\/api.w.org\/{rel}","templated":true}]}}