{"id":181084,"date":"2025-06-16T15:06:13","date_gmt":"2025-06-16T15:06:13","guid":{"rendered":"https:\/\/www.europesays.com\/fr\/181084\/"},"modified":"2025-06-16T15:06:13","modified_gmt":"2025-06-16T15:06:13","slug":"la-circulation-perturbee-sur-le-pont-chaban-delmas","status":"publish","type":"post","link":"https:\/\/www.europesays.com\/fr\/181084\/","title":{"rendered":"la circulation perturb\u00e9e sur le pont Chaban-Delmas"},"content":{"rendered":"<p>            Par<br \/>\n        <strong><br \/>\n            <a href=\"https:\/\/actu.fr\/auteur\/redaction-bordeaux\" title=\"Consulter tous les articles de R\u00e9daction Bordeaux\" target=\"_blank\" rel=\"noopener\">R\u00e9daction Bordeaux<\/a><br \/>\n        <\/strong><\/p>\n<p>        Publi\u00e9 le<\/p>\n<p>            16 juin 2025 \u00e0 16h26        <\/p>\n<p>Leur arriv\u00e9e est toujours appr\u00e9ci\u00e9e dans le port de la Lune. <strong>Trois grands voiliers<\/strong> vont accoster<a href=\"https:\/\/actu.fr\/bordeaux\/\" target=\"_blank\" rel=\"noopener\"> \u00e0 Bordeaux<\/a> \u00e0 l\u2019occasion de la F\u00eate du vin qui a lieu sur les quais du 19 au 22 juin 2025.<\/p>\n<p>La travers\u00e9e impossible sur le pont Chaba,<\/p>\n<p class=\" wall-content\">Mais pour leur permettre de rejoindre le c\u0153ur de la f\u00eate, il faut que <a href=\"https:\/\/actu.fr\/tag\/pont-chaban-delmas\" target=\"_blank\" rel=\"noopener\">le pont Chaban-Delmas soit lev\u00e9.<\/a> Ce sera le cas ce mercredi 18 juin, <strong>entre 9h19 et 10h27.<\/strong> Les trois voiliers El Gale\u00f3n, Le Fran\u00e7ais et Le Pascual Flores sont attendus.<\/p>\n<p class=\" wall-content\"><a href=\"https:\/\/www.instagram.com\/p\/DKwndE-MqRP\/embed\" title=\"Ouvrir le lien sur Instagram\" target=\"_blank\" rel=\"noopener\">Visualiser le contenu sur Instagram<\/a><\/p>\n<p class=\" wall-content\">Le premier est la reproduction d\u2019un <strong>galion espagnol du XVIIe si\u00e8cle,<\/strong> le deuxi\u00e8me un trois-m\u00e2ts barque et le dernier une go\u00e9lette de type pailebot \u00e0 coque en bois. Ils sont <a href=\"https:\/\/www.bordeaux-fete-le-vin.com\/grands-voiliers\" target=\"_blank\" rel=\"noopener\">ouverts \u00e0 la visite<\/a> pendant la F\u00eate du vin.<\/p>\n<p class=\" wall-content\">Initialement programm\u00e9, <strong>le voilier Cuauht\u00e9moc<\/strong> ne sera pas pr\u00e9sent apr\u00e8s le dramatique accident qui a fait <a href=\"https:\/\/actu.fr\/nouvelle-aquitaine\/bordeaux_33063\/attendu-a-bordeaux-le-voilier-qui-a-accidentellement-heurte-un-pont-a-new-york-annule-sa-venue_62657821.html\" target=\"_blank\" rel=\"noopener\">deux morts et 19 bless\u00e9s \u00e0 New-York en mai dernier.<\/a><\/p>\n<p class=\" wall-content\">Attention, le pont sera \u00e0 nouveau lev\u00e9 lundi 23 juin<strong> entre 17h04 et 18h27<\/strong> pour le d\u00e9part des voiliers. La circulation est alors impossible sur le pont Chaban-Delmas, les automobilistes peuvent se diriger vers le <a href=\"https:\/\/actu.fr\/tag\/pont-d-aquitaine\" target=\"_blank\" rel=\"noopener\">pont d\u2019Aquitaine,<\/a> le pont Saint-Jean ou le pont Simone Veil pour franchir la Garonne.\u00a0<\/p>\n<p>Vid\u00e9os : en ce moment sur Actu<\/p>\n<p class=\" wall-content\">Suivez toute l\u2019actualit\u00e9 de vos villes et m\u00e9dias favoris en vous inscrivant \u00e0 <a href=\"https:\/\/moncompte.actu.fr\" title=\"D\u00e9couvez Mon Actu\" rel=\"nofollow noopener\" data-trk=\"{&quot;cta&quot;:{&quot;action&quot;:&quot;https:\\\/\\\/moncompte.actu.fr&quot;,&quot;category&quot;:&quot;mon compte&quot;,&quot;from&quot;:&quot;article footer&quot;,&quot;name&quot;:&quot;Mon actu&quot;,&quot;type&quot;:&quot;cta&quot;}}\" target=\"_blank\">Mon Actu<\/a>.<\/p>\n<p>                    <script async src=\"\/\/www.instagram.com\/embed.js\"><\/script><\/p>\n","protected":false},"excerpt":{"rendered":"Par R\u00e9daction Bordeaux Publi\u00e9 le 16 juin 2025 \u00e0 16h26 Leur arriv\u00e9e est toujours appr\u00e9ci\u00e9e dans le port&hellip;\n","protected":false},"author":2,"featured_media":181085,"comment_status":"","ping_status":"","sticky":false,"template":"","format":"standard","meta":{"footnotes":""},"categories":[2817],"tags":[1111,11,1997,3542,1777,674,1011,27,12,2219,4399,12780,25,104],"class_list":{"0":"post-181084","1":"post","2":"type-post","3":"status-publish","4":"format-standard","5":"has-post-thumbnail","7":"category-bordeaux","8":"tag-actu","9":"tag-actualites","10":"tag-bordeaux","11":"tag-circulation","12":"tag-eu","13":"tag-europe","14":"tag-fr","15":"tag-france","16":"tag-news","17":"tag-nouvelle-aquitaine","18":"tag-pont-chaban-delmas","19":"tag-quais-de-bordeaux","20":"tag-republique-francaise","21":"tag-societe"},"share_on_mastodon":{"url":"https:\/\/pubeurope.com\/@fr\/114693667832614846","error":""},"_links":{"self":[{"href":"https:\/\/www.europesays.com\/fr\/wp-json\/wp\/v2\/posts\/181084","targetHints":{"allow":["GET"]}}],"collection":[{"href":"https:\/\/www.europesays.com\/fr\/wp-json\/wp\/v2\/posts"}],"about":[{"href":"https:\/\/www.europesays.com\/fr\/wp-json\/wp\/v2\/types\/post"}],"author":[{"embeddable":true,"href":"https:\/\/www.europesays.com\/fr\/wp-json\/wp\/v2\/users\/2"}],"replies":[{"embeddable":true,"href":"https:\/\/www.europesays.com\/fr\/wp-json\/wp\/v2\/comments?post=181084"}],"version-history":[{"count":0,"href":"https:\/\/www.europesays.com\/fr\/wp-json\/wp\/v2\/posts\/181084\/revisions"}],"wp:featuredmedia":[{"embeddable":true,"href":"https:\/\/www.europesays.com\/fr\/wp-json\/wp\/v2\/media\/181085"}],"wp:attachment":[{"href":"https:\/\/www.europesays.com\/fr\/wp-json\/wp\/v2\/media?parent=181084"}],"wp:term":[{"taxonomy":"category","embeddable":true,"href":"https:\/\/www.europesays.com\/fr\/wp-json\/wp\/v2\/categories?post=181084"},{"taxonomy":"post_tag","embeddable":true,"href":"https:\/\/www.europesays.com\/fr\/wp-json\/wp\/v2\/tags?post=181084"}],"curies":[{"name":"wp","href":"https:\/\/api.w.org\/{rel}","templated":true}]}}