{"id":181086,"date":"2025-06-16T15:07:16","date_gmt":"2025-06-16T15:07:16","guid":{"rendered":"https:\/\/www.europesays.com\/fr\/181086\/"},"modified":"2025-06-16T15:07:16","modified_gmt":"2025-06-16T15:07:16","slug":"las-des-as-de-la-finance-bixente-lizarazu-charge-gerard-lopez","status":"publish","type":"post","link":"https:\/\/www.europesays.com\/fr\/181086\/","title":{"rendered":"\u00ab L\u2019as des as de la finance \u00bb\u2026 Bixente Lizarazu charge G\u00e9rard Lopez"},"content":{"rendered":"<p><strong>Football &#8211; L\u2019ancien lat\u00e9ral des Girondins a une nouvelle fois critiqu\u00e9 le pr\u00e9sident et propri\u00e9taire du club bordelais<\/strong><\/p>\n<p>Ce n\u2019est pas la premi\u00e8re, et s\u00fbrement pas la derni\u00e8re. <a href=\"https:\/\/www.20minutes.fr\/sport\/football\/4091096-20240515-girondins-bordeaux-zidane-gourcuff-pauleta-regale-bordelais-100-ans-parc-lescure?at_medium=RSS%20feed&amp;at_campaign=ynews&amp;utm_source=yahoo&amp;utm_medium=rss&amp;utm_campaign=news_feed&amp;utm_content=in_article_link\" rel=\"nofollow noopener\" target=\"_blank\" data-ylk=\"slk:Bixente Lizarazu, form\u00e9 aux Girondins de Bordeaux;elm:context_link;itc:0;sec:content-canvas\" class=\"link \">Bixente Lizarazu, form\u00e9 aux Girondins de Bordeaux<\/a>, a une nouvelle fois pris la parole pour critiquer <a href=\"https:\/\/www.20minutes.fr\/sport\/football\/4102005-20240718-bordeaux-bord-disparition-gerard-lopez-veut-donner-faux-espoirs-supporteurs?at_medium=RSS%20feed&amp;at_campaign=ynews&amp;utm_source=yahoo&amp;utm_medium=rss&amp;utm_campaign=news_feed&amp;utm_content=in_article_link\" rel=\"nofollow noopener\" target=\"_blank\" data-ylk=\"slk:G\u00e9rard Lopez, le pr\u00e9sident propri\u00e9taire du club bordelais;elm:context_link;itc:0;sec:content-canvas\" class=\"link \">G\u00e9rard Lopez, le pr\u00e9sident propri\u00e9taire du club bordelais<\/a>, qui v\u00e9g\u00e8te aujourd\u2019hui en National 2. \u00ab\u00a094 M\u20ac de dettes, 400 entreprises pas pay\u00e9es, 86 employ\u00e9s licenci\u00e9s, descente Ligue 1 \u00e0 N2\u2026 L\u2019as des as de la finance a parl\u00e9\u00a0\u00bb, a \u00e9crit Liza dans une story sur Instagram.<\/p>\n<p>Le champion du monde\u00a01998 r\u00e9pondait \u00e0 une interview donn\u00e9e par <a href=\"https:\/\/www.20minutes.fr\/sport\/gerard-lopez\/?at_medium=RSS%20feed&amp;at_campaign=ynews&amp;utm_source=yahoo&amp;utm_medium=rss&amp;utm_campaign=news_feed&amp;utm_content=in_article_link\" rel=\"nofollow noopener\" target=\"_blank\" data-ylk=\"slk:G\u00e9rard Lopez;elm:context_link;itc:0;sec:content-canvas\" class=\"link \">G\u00e9rard Lopez<\/a> au JDD, dans laquelle le Luxembourgeois, qui a pris le club en Ligue 1 en\u00a02021 et l\u2019a fait descendre au quatri\u00e8me \u00e9chelon national, r\u00e9pondait au possible int\u00e9r\u00eat d\u2019Oliver Khan pour reprendre les Girondins. \u00ab\u00a0Pas besoin d\u2019avoir fait d\u2019\u00e9cole de commerce pour s\u2019apercevoir qu\u2019il [Kahn] n\u2019avait pas les fonds\u00a0\u00bb, expliquait l\u2019ancien dirigeant du Losc.<\/p>\n<p>\u00ab\u00a0Une gestion sportive et financi\u00e8re d\u00e9sastreuse\u00a0\u00bb<\/p>\n<p>Apr\u00e8s <a href=\"https:\/\/www.20minutes.fr\/sport\/football\/4106069-20240817-bordeaux-retrogradation-girondins-n2-confirmee-apres-audience-devant-cnosf?at_medium=RSS%20feed&amp;at_campaign=ynews&amp;utm_source=yahoo&amp;utm_medium=rss&amp;utm_campaign=news_feed&amp;utm_content=in_article_link\" rel=\"nofollow noopener\" target=\"_blank\" data-ylk=\"slk:une ann\u00e9e pass\u00e9e en Nationale 2;elm:context_link;itc:0;sec:content-canvas\" class=\"link \">une ann\u00e9e pass\u00e9e en Nationale 2<\/a>, conclue sans mont\u00e9e \u00e0 l\u2019\u00e9chelon sup\u00e9rieur, les Girondins attendent d\u00e9sormais les conclusions du tribunal de commerce de Bordeaux sur le plan de continuation mis en place par G\u00e9rard Lopez et son \u00e9quipe. Le tribunal a fix\u00e9 son d\u00e9lib\u00e9r\u00e9 au 24\u00a0juin, soit quelques heures avant le passage du club devant la DNCG, qui doit valider l\u2019engagement du club en National 2 la saison prochaine.<\/p>\n<p>Les Girondins ont plaid\u00e9 sur une poursuite d\u2019activit\u00e9 avec une forte r\u00e9duction de dette, ramen\u00e9e de 94 \u00e0 26\u00a0millions d\u2019euros, et un remboursement sur dix ans modul\u00e9 selon d\u2019\u00e9vent(&#8230;)<\/p>\n<p><a href=\"https:\/\/www.20minutes.fr\/sport\/football\/4158793-20250616-girondins-bordeaux-finance-bixente-lizarazu-charge-gerard-lopez?at_medium=RSS%20feed&amp;at_campaign=ynews&amp;utm_source=yahoo&amp;utm_medium=rss&amp;utm_campaign=news_feed&amp;utm_content=read_more_link&quot;\" rel=\"nofollow noopener\" target=\"_blank\" data-ylk=\"slk:Lire la suite sur 20minutes;elm:context_link;itc:0;sec:content-canvas\" class=\"link \">Lire la suite sur 20minutes<\/a><\/p>\n<p>\u00c0 lire aussi :<br \/><a href=\"https:\/\/www.20minutes.fr\/sport\/4103542-20240729-girondins-bordeaux-menace-mort-gerard-lopez-renonce-rendre-audience-tribunal-commerce?at_medium=RSS%20feed&amp;at_campaign=ynews&amp;utm_source=yahoo&amp;utm_medium=rss&amp;utm_campaign=news_feed&amp;utm_content=related_content_link\" rel=\"nofollow noopener\" target=\"_blank\" data-ylk=\"slk:Girondins de Bordeaux\u00a0: Menac\u00e9 de mort, G\u00e9rard Lopez renonce \u00e0 se rendre \u00e0 l\u2019audience du tribunal de commerce;elm:context_link;itc:0;sec:content-canvas\" class=\"link \">Girondins de Bordeaux\u00a0: Menac\u00e9 de mort, G\u00e9rard Lopez renonce \u00e0 se rendre \u00e0 l\u2019audience du tribunal de commerce<\/a><br \/><a href=\"https:\/\/www.20minutes.fr\/sport\/football\/4131794-20250103-girondins-bordeaux-oliver-kahn-confirme-interet-cadre-rachat-club?at_medium=RSS%20feed&amp;at_campaign=ynews&amp;utm_source=yahoo&amp;utm_medium=rss&amp;utm_campaign=news_feed&amp;utm_content=related_content_link\" rel=\"nofollow noopener\" target=\"_blank\" data-ylk=\"slk:Girondins de Bordeaux\u00a0: Oliver Kahn confirme son int\u00e9r\u00eat dans le cadre d\u2019un rachat du club;elm:context_link;itc:0;sec:content-canvas\" class=\"link \">Girondins de Bordeaux\u00a0: Oliver Kahn confirme son int\u00e9r\u00eat dans le cadre d\u2019un rachat du club<\/a><\/p>\n","protected":false},"excerpt":{"rendered":"Football &#8211; L\u2019ancien lat\u00e9ral des Girondins a une nouvelle fois critiqu\u00e9 le pr\u00e9sident et propri\u00e9taire du club bordelais&hellip;\n","protected":false},"author":2,"featured_media":181087,"comment_status":"","ping_status":"","sticky":false,"template":"","format":"standard","meta":{"footnotes":""},"categories":[2817],"tags":[1111,11,31875,1997,14519,25769,1777,674,1011,27,8379,1987,2908,12,2219,25],"class_list":{"0":"post-181086","1":"post","2":"type-post","3":"status-publish","4":"format-standard","5":"has-post-thumbnail","7":"category-bordeaux","8":"tag-actu","9":"tag-actualites","10":"tag-bixente-lizarazu","11":"tag-bordeaux","12":"tag-ce-nest-pas-la-premiere","13":"tag-champion-du-monde-1998","14":"tag-eu","15":"tag-europe","16":"tag-fr","17":"tag-france","18":"tag-gerard-lopez","19":"tag-girondins","20":"tag-girondins-de-bordeaux","21":"tag-news","22":"tag-nouvelle-aquitaine","23":"tag-republique-francaise"},"share_on_mastodon":{"url":"https:\/\/pubeurope.com\/@fr\/114693671682329848","error":""},"_links":{"self":[{"href":"https:\/\/www.europesays.com\/fr\/wp-json\/wp\/v2\/posts\/181086","targetHints":{"allow":["GET"]}}],"collection":[{"href":"https:\/\/www.europesays.com\/fr\/wp-json\/wp\/v2\/posts"}],"about":[{"href":"https:\/\/www.europesays.com\/fr\/wp-json\/wp\/v2\/types\/post"}],"author":[{"embeddable":true,"href":"https:\/\/www.europesays.com\/fr\/wp-json\/wp\/v2\/users\/2"}],"replies":[{"embeddable":true,"href":"https:\/\/www.europesays.com\/fr\/wp-json\/wp\/v2\/comments?post=181086"}],"version-history":[{"count":0,"href":"https:\/\/www.europesays.com\/fr\/wp-json\/wp\/v2\/posts\/181086\/revisions"}],"wp:featuredmedia":[{"embeddable":true,"href":"https:\/\/www.europesays.com\/fr\/wp-json\/wp\/v2\/media\/181087"}],"wp:attachment":[{"href":"https:\/\/www.europesays.com\/fr\/wp-json\/wp\/v2\/media?parent=181086"}],"wp:term":[{"taxonomy":"category","embeddable":true,"href":"https:\/\/www.europesays.com\/fr\/wp-json\/wp\/v2\/categories?post=181086"},{"taxonomy":"post_tag","embeddable":true,"href":"https:\/\/www.europesays.com\/fr\/wp-json\/wp\/v2\/tags?post=181086"}],"curies":[{"name":"wp","href":"https:\/\/api.w.org\/{rel}","templated":true}]}}