{"id":181088,"date":"2025-06-16T15:08:09","date_gmt":"2025-06-16T15:08:09","guid":{"rendered":"https:\/\/www.europesays.com\/fr\/181088\/"},"modified":"2025-06-16T15:08:09","modified_gmt":"2025-06-16T15:08:09","slug":"montpellier-quelle-est-cette-nouvelle-residence-pour-les-salaries-en-mobilite","status":"publish","type":"post","link":"https:\/\/www.europesays.com\/fr\/181088\/","title":{"rendered":"Montpellier : quelle est cette nouvelle r\u00e9sidence pour les salari\u00e9s en mobilit\u00e9 ?"},"content":{"rendered":"<p>Face aux difficult\u00e9s d\u2019acc\u00e8s au logement temporaire pour les actifs en d\u00e9placement, In\u2019li Sud-Ouest ouvre \u00e0 Montpellier sa premi\u00e8re r\u00e9sidence d\u00e9di\u00e9e exclusivement aux salari\u00e9s en mobilit\u00e9 professionnelle. Baptis\u00e9e r\u00e9sidence mobilit\u00e9 Croix-Verte, elle est situ\u00e9e au 1027 rue de la Croix-Verte, \u00e0 proximit\u00e9 des grands axes et zones d\u2019activit\u00e9s. Le b\u00e2timent propose 131 logements \u00ab\u00a0pr\u00eats \u00e0 vivre\u00a0\u00bb, dont 27 studios et 104 appartements T2 et T3, c\u2019est-\u00e0-dire enti\u00e8rement meubl\u00e9s et \u00e9quip\u00e9s\u00a0: literie, mobilier, vaisselle, \u00e9lectrom\u00e9nager, smart TV, climatisation r\u00e9versible, box internet\u2026 La r\u00e9sidence dispose \u00e9galement d\u2019espaces communs conviviaux\u00a0: salle TV, coworking, coin d\u00e9tente avec terrasse, laverie collective et parking s\u00e9curis\u00e9. Et tous ces services sont inclus dans les offres, sans aucun abonnement \u00e0 souscrire.<\/p>\n<p>Dix mois maximum<\/p>\n<p>Accessible uniquement aux personnes en mobilit\u00e9 professionnelle (prise de poste, mutation, alternance, stage, mission ponctuelle), cette nouvelle r\u00e9sidence offre une grande souplesse\u00a0: les locations sont propos\u00e9es pour des s\u00e9jours allant de 7 jours \u00e0 10 mois, via un bail mobilit\u00e9. C\u00f4t\u00e9 budget, les tarifs d\u00e9butent \u00e0 20 euros la nuit, selon la dur\u00e9e et la typologie du logement choisies. Pour y acc\u00e9der, il est en revanche indispensable d\u2019\u00eatre \u00e9ligible \u00e0 la garantie Visale, la caution gratuite propos\u00e9e par Action Logement, groupe auquel In\u2019li Sud-Ouest et sa marque In\u2019Li SO Mobilite\u0301 appartiennent. Tous les salari\u00e9s en mobilit\u00e9 pouvant en faire la demande, puis la r\u00e9servation s\u2019effectue en ligne, via la cr\u00e9ation d\u2019un espace personnel sur le portail d\u2019In\u2019li. Les candidats doivent alors fournir des justificatifs professionnels (contrat, convention de stage, attestation employeur&#8230;).<\/p>\n<p>Ces r\u00e9sidences d\u2019un nouveau genre r\u00e9pondent \u00e0 un besoin croissant dans les grandes m\u00e9tropoles\u00a0: loger temporairement les actifs dans de bonnes conditions, sans freiner leur insertion ou leur parcours professionnel. Un mod\u00e8le qui pourrait se d\u00e9ployer ailleurs en Occitanie dans les ann\u00e9es \u00e0 venir. A ce jour, In\u2019li Sud-Ouest g\u00e8re un parc de pr\u00e8s de 6000 logements en Aquitaine et en Occitanie.<br class=\"autobr\"\/><br \/>\nIngrid Lemelle<\/p>\n<p><strong>Plus d\u2019infos sur\u00a0: <a href=\"https:\/\/inliso-mobilite.fr\/\" class=\"spip_out\" rel=\"external noopener\" target=\"_blank\">inliso-mobilite.fr<\/a><\/strong><\/p>\n<p>Cr\u00e9dit photo\u00a0: In\u2019Li SO Mobilite\u0301.<\/p>\n","protected":false},"excerpt":{"rendered":"Face aux difficult\u00e9s d\u2019acc\u00e8s au logement temporaire pour les actifs en d\u00e9placement, In\u2019li Sud-Ouest ouvre \u00e0 Montpellier sa&hellip;\n","protected":false},"author":2,"featured_media":181089,"comment_status":"","ping_status":"","sticky":false,"template":"","format":"standard","meta":{"footnotes":""},"categories":[2816],"tags":[31876,1111,11,1777,674,1011,27,1116,1137,12,2680,25,2312],"class_list":{"0":"post-181088","1":"post","2":"type-post","3":"status-publish","4":"format-standard","5":"has-post-thumbnail","7":"category-toulouse","8":"tag-action-logement","9":"tag-actu","10":"tag-actualites","11":"tag-eu","12":"tag-europe","13":"tag-fr","14":"tag-france","15":"tag-immobilier","16":"tag-mobilite","17":"tag-news","18":"tag-occitanie","19":"tag-republique-francaise","20":"tag-toulouse"},"share_on_mastodon":{"url":"https:\/\/pubeurope.com\/@fr\/114693675652994190","error":""},"_links":{"self":[{"href":"https:\/\/www.europesays.com\/fr\/wp-json\/wp\/v2\/posts\/181088","targetHints":{"allow":["GET"]}}],"collection":[{"href":"https:\/\/www.europesays.com\/fr\/wp-json\/wp\/v2\/posts"}],"about":[{"href":"https:\/\/www.europesays.com\/fr\/wp-json\/wp\/v2\/types\/post"}],"author":[{"embeddable":true,"href":"https:\/\/www.europesays.com\/fr\/wp-json\/wp\/v2\/users\/2"}],"replies":[{"embeddable":true,"href":"https:\/\/www.europesays.com\/fr\/wp-json\/wp\/v2\/comments?post=181088"}],"version-history":[{"count":0,"href":"https:\/\/www.europesays.com\/fr\/wp-json\/wp\/v2\/posts\/181088\/revisions"}],"wp:featuredmedia":[{"embeddable":true,"href":"https:\/\/www.europesays.com\/fr\/wp-json\/wp\/v2\/media\/181089"}],"wp:attachment":[{"href":"https:\/\/www.europesays.com\/fr\/wp-json\/wp\/v2\/media?parent=181088"}],"wp:term":[{"taxonomy":"category","embeddable":true,"href":"https:\/\/www.europesays.com\/fr\/wp-json\/wp\/v2\/categories?post=181088"},{"taxonomy":"post_tag","embeddable":true,"href":"https:\/\/www.europesays.com\/fr\/wp-json\/wp\/v2\/tags?post=181088"}],"curies":[{"name":"wp","href":"https:\/\/api.w.org\/{rel}","templated":true}]}}