{"id":181096,"date":"2025-06-16T15:12:10","date_gmt":"2025-06-16T15:12:10","guid":{"rendered":"https:\/\/www.europesays.com\/fr\/181096\/"},"modified":"2025-06-16T15:12:10","modified_gmt":"2025-06-16T15:12:10","slug":"on-a-besoin-de-logements","status":"publish","type":"post","link":"https:\/\/www.europesays.com\/fr\/181096\/","title":{"rendered":"On a besoin de logements"},"content":{"rendered":"<p>            Par<br \/>\n        <strong><br \/>\n            <a href=\"https:\/\/actu.fr\/auteur\/thibault-nadal-actu-fr\" title=\"Consulter tous les articles de Thibault Nadal\" rel=\"nofollow noopener\" target=\"_blank\">Thibault Nadal<\/a><br \/>\n        <\/strong><\/p>\n<p>        Publi\u00e9 le<\/p>\n<p>            16 juin 2025 \u00e0 17h05        <\/p>\n<p>De l\u2019aveu m\u00eame de Sophie Camard, maire des 1er et 7e arrondissements de <a href=\"https:\/\/actu.fr\/marseille\/\" rel=\"nofollow noopener\" target=\"_blank\">Marseille<\/a>, cette op\u00e9ration est avant tout \u00ab\u2009symbolique\u2009\u00bb. <strong>\u00ab\u2009Cela permet de m\u00e9diatiser notre insatisfaction\u2009\u00bb<\/strong>, explique-t-elle. Ce lundi 16\u00a0juin 2025, l\u2019\u00e9lue (Printemps marseillais) a men\u00e9 une descente contre les bo\u00eetes \u00e0 cl\u00e9s des meubl\u00e9s touristiques install\u00e9s ill\u00e9galement dans l\u2019espace public. Le rendez-vous avait \u00e9t\u00e9 fix\u00e9 dans le quartier du <a href=\"https:\/\/actu.fr\/tag\/vieux-port\" rel=\"nofollow noopener\" target=\"_blank\">Vieux-Port,<\/a> symbole de ce \u00ab\u2009surtourisme\u2009\u00bb. O\u00f9 un<strong>\u00a0logement sur quatre<\/strong> est destin\u00e9 \u00e0 ces locations.<\/p>\n<p>35 bo\u00eetes \u00e0 cl\u00e9s retir\u00e9es<\/p>\n<p class=\" wall-content\">Ce genre d\u2019op\u00e9rations n\u2019est pas la premi\u00e8re du genre. Elle a d\u00e9j\u00e0 \u00e9t\u00e9 men\u00e9e dans le pass\u00e9 dans les quartiers tr\u00e8s touristiques du <a href=\"https:\/\/actu.fr\/tag\/le-panier\" rel=\"nofollow noopener\" target=\"_blank\">Panier<\/a> (2e) et du <a href=\"https:\/\/actu.fr\/tag\/cours-julien\" rel=\"nofollow noopener\" target=\"_blank\">Cours Julien<\/a> (6e). Cette fois, c\u2019est celui des Arsenaux qui a \u00e9t\u00e9 cibl\u00e9. Dans ces quatre arrondissements, 15000 annonces, dont 9600 identifi\u00e9es comme r\u00e9sidences secondaires, ont \u00e9t\u00e9 recens\u00e9es selon Patrick Amico.<\/p>\n<p class=\" wall-content\">L\u2019objectif \u00e9tait ainsi de retirer toutes les bo\u00eetes \u00e0 cl\u00e9s de l\u2019espace public, car \u00ab\u2009celles sur les propri\u00e9t\u00e9s priv\u00e9es, on ne peut pas les toucher\u2009\u00bb, r\u00e9v\u00e8le Sophie Camard.<\/p>\n<p class=\" wall-content\">Avant de faire d\u00e9placer des \u00e9quipes sp\u00e9cialis\u00e9es qui ont soigneusement sci\u00e9 les bo\u00eetes \u00e0 cl\u00e9s, les \u00e9lus ont expliqu\u00e9 avoir alert\u00e9 les propri\u00e9taires. Pour cela, <strong>un sticker a \u00e9t\u00e9 d\u00e9pos\u00e9 15\u00a0jours plus t\u00f4t par la police municipale<\/strong> avec ce message\u2009: \u00ab\u2009La pose de ce mat\u00e9riel n\u2019est pas autoris\u00e9e sur le mobilier urbain\u2009\u00bb. Un d\u00e9lai \u00ab\u2009assez large\u2009\u00bb pour r\u00e9agir selon Patrick Amico, adjoint aux Logements \u00e0 la mairie de Marseille, \u00e9galement pr\u00e9sent.<\/p>\n<p>    <img   decoding=\"async\" loading=\"lazy\" src=\"https:\/\/www.europesays.com\/fr\/wp-content\/uploads\/2025\/06\/whatsapp-image-2025-06-16-at-154113-960x640.jpeg\" alt=\"Avant de se voir retirer leurs bo\u00eetes \u00e0 cl\u00e9s de l'espace public, les propri\u00e9taires re\u00e7oivent ce message.\" width=\"960\" height=\"640\"\/><br \/>\n    Avant de se voir retirer leurs bo\u00eetes \u00e0 cl\u00e9s de l\u2019espace public, les propri\u00e9taires re\u00e7oivent ce message. (\u00a9TN \/ actu Marseille)<\/p>\n<p class=\" wall-content\">Mais ces derniers ne semblent pas effrayer par ces pratiques. Ce lundi matin, <strong>35 bo\u00eetes \u00e0 cl\u00e9s ont ainsi \u00e9t\u00e9 retir\u00e9es<\/strong> sur les 60 recens\u00e9s. \u00ab\u2009Dans les propri\u00e9taires de ces r\u00e9sidences, il y a tr\u00e8s tr\u00e8s peu de Marseillais, mais plut\u00f4t des propri\u00e9taires de r\u00e9sidences secondaires et des investisseurs\u2009\u00bb, indique la maire d\u2019arrondissement.<\/p>\n<p class=\" wall-content\">\n<p>Une crise du logement<\/p>\n<p class=\" wall-content\">Car le r\u00e9el enjeu de cette op\u00e9ration est d\u2019alerter sur le manque de <a href=\"https:\/\/actu.fr\/tag\/logement\" rel=\"nofollow noopener\" target=\"_blank\">logements<\/a> dans la cit\u00e9 phoc\u00e9enne.<\/p>\n<blockquote class=\"ac-article-quote wall-content\">\n<p>On est en pleine crise du logement. Les prix sont tr\u00e8s \u00e9lev\u00e9s alors que la population a un niveau de revenus tr\u00e8s \u00e9loign\u00e9s de Paris. \u00c7a permet d\u2019envoyer le message qu\u2019on a besoin de logements pour les Marseillais.<\/p>\n<p>    <strong>Sophie Camard<\/strong><br \/>\n        Maire des 1er et 7e arrondissements    <\/p><\/blockquote>\n<p class=\" wall-content\">Une crise dans <strong>une \u00ab\u2009ville qui a connu une explosion<\/strong> en mati\u00e8re de logements touristiques meubl\u00e9s\u2009\u00bb, affirme Patrick Amico. \u00ab\u2009La crise est nationale, mais elle est encore plus forte \u00e0 Marseille\u2009\u00bb, poursuit-il, s\u2019appuyant sur plusieurs chiffres\u2009: 51000 personnes sont en attente d\u2019un logement social.<\/p>\n<p class=\" wall-content\">Selon l\u2019\u00e9lu, la ville aurait <strong>besoin en plus de 4700 logements par an<\/strong>, mais c\u2019est \u00ab\u2009extr\u00eamement difficile de les produire\u2009\u00bb, reconna\u00eet-il.<\/p>\n<p class=\" wall-content\">\n<p class=\" wall-content\">Car se loger dans le centre-ville est devenu presque impossible pour les Marseillais. \u00ab\u2009Entre\u00a02022 et\u00a02023, <strong>1\u2009200 logements<\/strong> sont pass\u00e9s de r\u00e9sidence principale \u00e0 secondaire. \u00c7a ne peut pas durer\u2009\u00bb, explique Patrick Amico. Dans les 1er et 7e arrondissements, c\u2019est <strong>un logement sur dix<\/strong> qui est concern\u00e9 par ce genre de locations.<\/p>\n<p>Quelles armes pour lutter\u2009?<\/p>\n<p class=\" wall-content\">Alors pour les limiter, plusieurs armes sont \u00e0 la disposition des \u00e9lus. \u00ab\u2009On n\u2019est pas contre le tourisme et les locations touristiques, mais il y a du surtourisme\u2009\u00bb, insiste toutefois Sophie Camard.<\/p>\n<p class=\" wall-content\">Mais l\u2019\u00e9dile rappelle que \u00ab\u2009<strong>Marseille est connue pour \u00eatre une des villes les plus s\u00e9v\u00e8res<\/strong> sur les locations meubl\u00e9es touristiques saisonni\u00e8res\u2009\u00bb. Elle ajoute que \u00ab\u2009la brigade de contr\u00f4le, en deux ans, a fait retirer 1000 \u00e0 2000 annonces qui n\u2019ont pas les num\u00e9ros de contr\u00f4les certifi\u00e9s.\u2009\u00bb<\/p>\n<p class=\" wall-content\">Patrick Amico souhaite, lui, mettre davantage la M\u00e9tropole \u00e0 contribution\u00a0pour \u00ab\u2009rattraper le d\u00e9ficit de logements\u2009\u00bb.<\/p>\n<blockquote class=\"ac-article-quote wall-content\">\n<p>On ne sortira de cette crise que si l\u2019on est capable de produire du logement de qualit\u00e9. Cela n\u00e9cessite des op\u00e9rations lourdes d\u2019am\u00e9nagement public pour cr\u00e9er du foncier am\u00e9nageable.<\/p>\n<p>    <strong>Patrick Amico<\/strong><br \/>\n        Adjoint aux Logements    <\/p><\/blockquote>\n<p class=\" wall-content\">Enfin, les \u00e9lus vont s\u2019appuyer sur <a href=\"https:\/\/actu.fr\/provence-alpes-cote-d-azur\/marseille_13055\/airbnb-a-marseille-les-regles-changent-la-mairie-durcit-encore-le-ton_62264346.html\" rel=\"nofollow noopener\" target=\"_blank\">une disposition de la ville de Marseille vot\u00e9e en f\u00e9vrier dernier<\/a> qui limite \u00e0 90\u00a0jours la possibilit\u00e9 de louer sa r\u00e9sidence principale sur la loi \u00ab\u2009anti-Airbnb\u2009\u00bb qui oblige les propri\u00e9taires \u00e0 compenser leur achat secondaire par une r\u00e9sidence principale, d\u2019une m\u00eame surface et dans le m\u00eame secteur.<\/p>\n<p class=\" wall-content\">Suivez toute l\u2019actualit\u00e9 de vos villes et m\u00e9dias favoris en vous inscrivant \u00e0 <a href=\"https:\/\/moncompte.actu.fr\" title=\"D\u00e9couvez Mon Actu\" rel=\"nofollow noopener\" data-trk=\"{&quot;cta&quot;:{&quot;action&quot;:&quot;https:\\\/\\\/moncompte.actu.fr&quot;,&quot;category&quot;:&quot;mon compte&quot;,&quot;from&quot;:&quot;article footer&quot;,&quot;name&quot;:&quot;Mon actu&quot;,&quot;type&quot;:&quot;cta&quot;}}\" target=\"_blank\">Mon Actu<\/a>.<\/p>\n","protected":false},"excerpt":{"rendered":"Par Thibault Nadal Publi\u00e9 le 16 juin 2025 \u00e0 17h05 De l\u2019aveu m\u00eame de Sophie Camard, maire des&hellip;\n","protected":false},"author":2,"featured_media":181097,"comment_status":"","ping_status":"","sticky":false,"template":"","format":"standard","meta":{"footnotes":""},"categories":[2814],"tags":[1111,11,7345,1777,674,1011,27,1908,884,12,882,25,104,602],"class_list":{"0":"post-181096","1":"post","2":"type-post","3":"status-publish","4":"format-standard","5":"has-post-thumbnail","7":"category-marseille","8":"tag-actu","9":"tag-actualites","10":"tag-airbnb","11":"tag-eu","12":"tag-europe","13":"tag-fr","14":"tag-france","15":"tag-logement","16":"tag-marseille","17":"tag-news","18":"tag-provence-alpes-cote-dazur","19":"tag-republique-francaise","20":"tag-societe","21":"tag-tourisme"},"share_on_mastodon":{"url":"https:\/\/pubeurope.com\/@fr\/114693691597601809","error":""},"_links":{"self":[{"href":"https:\/\/www.europesays.com\/fr\/wp-json\/wp\/v2\/posts\/181096","targetHints":{"allow":["GET"]}}],"collection":[{"href":"https:\/\/www.europesays.com\/fr\/wp-json\/wp\/v2\/posts"}],"about":[{"href":"https:\/\/www.europesays.com\/fr\/wp-json\/wp\/v2\/types\/post"}],"author":[{"embeddable":true,"href":"https:\/\/www.europesays.com\/fr\/wp-json\/wp\/v2\/users\/2"}],"replies":[{"embeddable":true,"href":"https:\/\/www.europesays.com\/fr\/wp-json\/wp\/v2\/comments?post=181096"}],"version-history":[{"count":0,"href":"https:\/\/www.europesays.com\/fr\/wp-json\/wp\/v2\/posts\/181096\/revisions"}],"wp:featuredmedia":[{"embeddable":true,"href":"https:\/\/www.europesays.com\/fr\/wp-json\/wp\/v2\/media\/181097"}],"wp:attachment":[{"href":"https:\/\/www.europesays.com\/fr\/wp-json\/wp\/v2\/media?parent=181096"}],"wp:term":[{"taxonomy":"category","embeddable":true,"href":"https:\/\/www.europesays.com\/fr\/wp-json\/wp\/v2\/categories?post=181096"},{"taxonomy":"post_tag","embeddable":true,"href":"https:\/\/www.europesays.com\/fr\/wp-json\/wp\/v2\/tags?post=181096"}],"curies":[{"name":"wp","href":"https:\/\/api.w.org\/{rel}","templated":true}]}}