{"id":181100,"date":"2025-06-16T15:14:12","date_gmt":"2025-06-16T15:14:12","guid":{"rendered":"https:\/\/www.europesays.com\/fr\/181100\/"},"modified":"2025-06-16T15:14:12","modified_gmt":"2025-06-16T15:14:12","slug":"lyon-prix-des-tcl-avenir-du-reseau-une-alerte-rouge-emise-dans-un-rapport-tres-important","status":"publish","type":"post","link":"https:\/\/www.europesays.com\/fr\/181100\/","title":{"rendered":"Lyon. Prix des TCL, avenir du r\u00e9seau&#8230; Une alerte rouge \u00e9mise dans un rapport tr\u00e8s important"},"content":{"rendered":"<p>            Par<br \/>\n        <strong><br \/>\n            <a href=\"https:\/\/actu.fr\/auteur\/nicolas-zaugra\" title=\"Consulter tous les articles de Nicolas Zaugra\" target=\"_blank\" rel=\"noopener\">Nicolas Zaugra<\/a><br \/>\n        <\/strong><\/p>\n<p>        Publi\u00e9 le<\/p>\n<p>            16 juin 2025 \u00e0 17h09        <\/p>\n<p>Le <a href=\"https:\/\/actu.fr\/tag\/transports-en-commun-lyonnais-tcl\" target=\"_blank\" rel=\"noopener\">r\u00e9seau TCL<\/a> est-il vraiment performant ? La <a href=\"https:\/\/actu.fr\/auvergne-rhone-alpes\/lyon_69123\/lyon-alerte-rouge-a-la-fraude-sur-le-reseau-tcl-va-sevir-avec-de-nouvelles-mesures_62728378.html\" target=\"_blank\" rel=\"noopener\">lutte contre la fraude<\/a> est-elle efficace ? Les tarifs sont-ils au bon niveau ? Le financement du <strong>d\u00e9veloppement et modernisation du r\u00e9seau de tramways, de m\u00e9tros ou de bus<\/strong> est-il assur\u00e9 ces prochaines ann\u00e9es dans la m\u00e9tropole de <a href=\"https:\/\/actu.fr\/auvergne-rhone-alpes\/lyon_69123\" target=\"_blank\" rel=\"noopener\">Lyon<\/a> ? <br \/>\u00c0 toutes ces questions qui int\u00e9ressent des milliers d\u2019habitants de la m\u00e9tropole lyonnaise usagers chaque jour du r\u00e9seau de transport, la Chambre r\u00e9gionale des comptes tente de r\u00e9pondre. <br \/>Dans un rapport publi\u00e9 en juin, les experts pointent <strong>une situation saine en 2023, mais qui pourrait se d\u00e9grader<\/strong> dans les prochaines ann\u00e9es. Elle met en garde contre une situation \u00ab\u00a0susceptible de devenir tr\u00e8s tendue\u00a0\u00bb face aux milliards d\u2019euros engag\u00e9s dans les travaux du r\u00e9seau TCL.<\/p>\n<p>Une situation financi\u00e8re saine mais qui pourrait d\u00e9raper\u00a0<\/p>\n<p class=\" wall-content\">Le rapport publi\u00e9 le 4 juin assure que la situation de Sytral Mobilit\u00e9s (l\u2019autorit\u00e9 organisatrice des transports qui pilote la strat\u00e9gie du r\u00e9seau TCL) est \u00ab\u00a0saine\u00a0\u00bb en 2023. La capacit\u00e9 de d\u00e9sendettement est inf\u00e9rieure \u00e0 deux ans et l\u2019autofinancement (recettes de billetterie, taxes\u2026) couvre 80\u202f% du programme d\u2019investissement.<\/p>\n<p class=\" wall-content\">Mais, un <strong>vaste plan d\u2019investissements<\/strong> (6,4\u202fmilliards d\u2019euros entre 2024 et 2033, soit plus du double par rapport \u00e0 2015-2023) est pr\u00e9vu, \u00ab\u00a0largement financ\u00e9 par emprunt (environ 340\u202fmillions d\u2019euros\/an)\u00a0\u00bb, pointe le rapport.<\/p>\n<p class=\" wall-content\">Le Sytral pr\u00e9voit en effet un vaste plan de modernisation du m\u00e9tro (automatisation de la ligne A, am\u00e9lioration de la D, de la C\u2026), la r\u00e9alisation du <a href=\"https:\/\/actu.fr\/auvergne-rhone-alpes\/lyon_69123\/lyon-c-est-quoi-ce-nouveau-projet-de-tram-pour-desservir-ces-villes-de-l-est-lyonnais_61600365.html\" target=\"_blank\" rel=\"noopener\">tramway express de l\u2019ouest lyonnais<\/a> (TEOL), de la future ligne T8\u2026<\/p>\n<p>Des dettes et charges importantes<\/p>\n<p class=\" wall-content\">\u00ab\u00a0Il y a un risque de d\u00e9gradation financi\u00e8re si la totalit\u00e9 du programme est r\u00e9alis\u00e9\u202f: dettes et charges d\u2019int\u00e9r\u00eat fortes, incertitude sur les recettes (versement mobilit\u00e9 plafonn\u00e9, sc\u00e9nario <a href=\"https:\/\/actu.fr\/auvergne-rhone-alpes\/lyon_69123\/lyon-le-reseau-tcl-sera-gratuit-pour-les-enfants-jusqu-a-10-ans-des-septembre-2025_61840817.html\" target=\"_blank\" rel=\"noopener\">gratuit\u00e9 enfants de moins de 10 \u202fans<\/a>, extension zonale TCL)\u00a0\u00bb, liste la Chambre r\u00e9gionale des comptes.<\/p>\n<p class=\" wall-content\">Cela risque de faire <strong>grimper la capacit\u00e9 de d\u00e9sendettement au-del\u00e0 de 10 ans<\/strong>, seuil jug\u00e9 critique par les experts publics.<\/p>\n<p class=\" wall-content\">La Chambre demande au Sytral et \u00e0 son pr\u00e9sident Bruno Bernard des sc\u00e9narios financiers contrast\u00e9s (optimiste, m\u00e9dian, pessimiste), afin de pr\u00e9voir l\u2019impact des al\u00e9as (ressources, emprunts, investissements), plut\u00f4t que s\u2019appuyer sur des hypoth\u00e8ses trop optimistes. Ce qui pourrait engendrer des projets d\u00e9cal\u00e9s ou annul\u00e9s\u2026<\/p>\n<p>La fraude, gros point noir du r\u00e9seau TCL<\/p>\n<p class=\" wall-content\">Dans ce rapport, les experts de la Chambre critiquent la lutte contre la fraude inefficace. \u00ab\u00a0Plus d\u2019une personne sur dix voyageait encore en 2023 au sein du r\u00e9seau TCL en situation de fraude\u00a0\u00bb, pointe le rapport.<\/p>\n<p class=\" wall-content\">Parmi les points noirs sur ce sujet : le manque de validation dans les bus (notamment en heures creuses), l\u2019absence de contr\u00f4le dissuasif r\u00e9gulier sur certaines lignes, la tarification per\u00e7ue comme trop complexe, ce qui dissuade les utilisateurs occasionnels de payer.<\/p>\n<p class=\" wall-content\">Le nombre d\u2019amendes pay\u00e9es et recouvertes n\u2019est pas suffisant (seulement 36,4\u2009% en 2023, l\u2019objectif \u00e9tant de 43\u2009%), critique aussi le rapport. Bruno Bernard le conc\u00e8de et assure \u00e0 actu Lyon que le Sytral et l\u2019\u00c9tat vont pr\u00e9senter cet \u00e9t\u00e9 un <strong>nouveau plan contre la fraude mis en \u0153uvre \u00e0 l\u2019automne 2025<\/strong>.<\/p>\n<p class=\" wall-content\">Les recettes de billetterie sont d\u2019ailleurs vitales pour le financement du r\u00e9seau, assume le Sytral. Les usagers contribuent \u00e0 pr\u00e8s de 50\u202f% des co\u00fbts d\u2019exploitation du r\u00e9seau TCL en 2023, un ratio parmi les plus \u00e9lev\u00e9s en France.<\/p>\n<p>    <img   decoding=\"async\" loading=\"lazy\" src=\"https:\/\/www.europesays.com\/fr\/wp-content\/uploads\/2025\/06\/billet-tcl-rechergeable-960x640.jpeg\" alt=\"Le nouveau billet rechargeable des TCL \u00e0 une entr\u00e9e de m\u00e9tro, \u00e0 Lyon.\" width=\"960\" height=\"640\"\/><br \/>\n    Le nouveau billet rechargeable des TCL \u00e0 une entr\u00e9e de m\u00e9tro, \u00e0 Lyon. (\u00a9Ludivine Caporal \/ actu Lyon)La grille tarifaire et les prix des TCL critiqu\u00e9s<\/p>\n<p class=\" wall-content\">Le rapport note \u00e9galement que <strong>le tarif unitaire \u00e0 Lyon \u00ab\u00a0est l\u2019un des plus \u00e9lev\u00e9s de France\u00a0\u00bb<\/strong> : 2,10\u202f\u20ac le ticket en 2023 (contre 1,70\u202f\u20ac \u00e0 Marseille ou Lille, 1,90\u202f\u20ac \u00e0 Toulouse).<\/p>\n<p class=\" wall-content\">La cr\u00e9ation de gratuit\u00e9s ou d\u2019avantages pour certains utilisateurs (jeunes, enfants, plus pauvres) par les \u00e9cologistes est critiqu\u00e9e. \u00ab\u00a0Ce virage social a \u00e9t\u00e9 globalement b\u00e9n\u00e9fique en termes d\u2019\u00e9quit\u00e9, mais <strong>mal anticip\u00e9 sur le plan budg\u00e9taire<\/strong>. Il a fragilis\u00e9 l\u2019\u00e9quilibre financier sans mesure d\u2019impact d\u00e9taill\u00e9e ni compensation claire\u00a0\u00bb, attaque la Chambre.<\/p>\n<p class=\" wall-content\">La lisibilit\u00e9 complexe des diff\u00e9rents tarifs de billets ou d\u2019abonnements est aussi un probl\u00e8me. \u00ab\u00a0L\u2019empilement des mesures tarifaires nuit \u00e0 la lisibilit\u00e9 du syst\u00e8me. Cela peut freiner l\u2019usage spontan\u00e9 et renforcer la fraude ou l\u2019\u00e9vitement\u00a0\u00bb, affirme le document.<\/p>\n<p>Les usagers globalement satisfaits, des am\u00e9liorations attendues<\/p>\n<p>La Chambre r\u00e9gionale des comptes a fait une enqu\u00eate de satisfaction des usagers du r\u00e9seau (9\u202f122 r\u00e9ponses exploitables) et montre une note de 6,5\/10. <br \/>Les points forts\u202fsoulign\u00e9s sont la fr\u00e9quence, la desserte, l&rsquo;accessibilit\u00e9 et le confort. Ceux \u00e0 am\u00e9liorer : l&rsquo;information en situation d\u2019impr\u00e9vu, la ponctualit\u00e9, l&rsquo;espace \u00e0 bord, la temp\u00e9rature des wagons. Les usagers attachent plus d\u2019importance \u00e0 la qualit\u00e9 qu\u2019au prix, estime \u00e9galement le rapport.<\/p>\n<p>Bruno Bernard veut plus de soutien de l\u2019\u00c9tat et vise les entreprises<\/p>\n<p class=\" wall-content\">Pour le pr\u00e9sident du Sytral, le <strong>doublement de l\u2019investissement<\/strong> dans les transports est une n\u00e9cessit\u00e9. Il r\u00e9clame un soutien financier plus significatif et p\u00e9renne de l\u2019\u00c9tat.<\/p>\n<p class=\" wall-content\">L\u2019\u00e9lu r\u00e9clame aussi un d\u00e9plafonnement du <a href=\"https:\/\/actu.fr\/politique\/la-region-n-est-pas-la-pour-taxer-aura-refuse-d-appliquer-la-taxe-sur-les-transports-en-communs_62264359.html\" target=\"_blank\" rel=\"noopener\">versement mobilit\u00e9<\/a>, actuellement au taux maximal (2\u202f%) dans la m\u00e9tropole, comme cela a \u00e9t\u00e9 obtenu \u00e0 Paris. Concr\u00e8tement, les entreprises seraient davantage tax\u00e9es pour financer les transports.<\/p>\n<p class=\" wall-content\">Il admet aussi les incertitudes financi\u00e8res et explique ne pas avoir pr\u00e9sent\u00e9 de prospective dans le budget 2025, invoquant justement cette impr\u00e9visibilit\u00e9 des ressources.<\/p>\n<p class=\" wall-content\">Suivez toute l\u2019actualit\u00e9 de vos villes et m\u00e9dias favoris en vous inscrivant \u00e0 <a href=\"https:\/\/moncompte.actu.fr\" title=\"D\u00e9couvez Mon Actu\" rel=\"nofollow noopener\" data-trk=\"{&quot;cta&quot;:{&quot;action&quot;:&quot;https:\\\/\\\/moncompte.actu.fr&quot;,&quot;category&quot;:&quot;mon compte&quot;,&quot;from&quot;:&quot;article footer&quot;,&quot;name&quot;:&quot;Mon actu&quot;,&quot;type&quot;:&quot;cta&quot;}}\" target=\"_blank\">Mon Actu<\/a>.<\/p>\n","protected":false},"excerpt":{"rendered":"Par Nicolas Zaugra Publi\u00e9 le 16 juin 2025 \u00e0 17h09 Le r\u00e9seau TCL est-il vraiment performant ? La&hellip;\n","protected":false},"author":2,"featured_media":181101,"comment_status":"","ping_status":"","sticky":false,"template":"","format":"standard","meta":{"footnotes":""},"categories":[1889],"tags":[1111,11,2430,5921,1777,674,1011,27,2428,4047,12,25,104,5787],"class_list":{"0":"post-181100","1":"post","2":"type-post","3":"status-publish","4":"format-standard","5":"has-post-thumbnail","7":"category-lyon","8":"tag-actu","9":"tag-actualites","10":"tag-auvergne-rhone-alpes","11":"tag-bruno-bernard","12":"tag-eu","13":"tag-europe","14":"tag-fr","15":"tag-france","16":"tag-lyon","17":"tag-metro","18":"tag-news","19":"tag-republique-francaise","20":"tag-societe","21":"tag-transports-en-commun-lyonnais-tcl"},"share_on_mastodon":{"url":"https:\/\/pubeurope.com\/@fr\/114693699340526764","error":""},"_links":{"self":[{"href":"https:\/\/www.europesays.com\/fr\/wp-json\/wp\/v2\/posts\/181100","targetHints":{"allow":["GET"]}}],"collection":[{"href":"https:\/\/www.europesays.com\/fr\/wp-json\/wp\/v2\/posts"}],"about":[{"href":"https:\/\/www.europesays.com\/fr\/wp-json\/wp\/v2\/types\/post"}],"author":[{"embeddable":true,"href":"https:\/\/www.europesays.com\/fr\/wp-json\/wp\/v2\/users\/2"}],"replies":[{"embeddable":true,"href":"https:\/\/www.europesays.com\/fr\/wp-json\/wp\/v2\/comments?post=181100"}],"version-history":[{"count":0,"href":"https:\/\/www.europesays.com\/fr\/wp-json\/wp\/v2\/posts\/181100\/revisions"}],"wp:featuredmedia":[{"embeddable":true,"href":"https:\/\/www.europesays.com\/fr\/wp-json\/wp\/v2\/media\/181101"}],"wp:attachment":[{"href":"https:\/\/www.europesays.com\/fr\/wp-json\/wp\/v2\/media?parent=181100"}],"wp:term":[{"taxonomy":"category","embeddable":true,"href":"https:\/\/www.europesays.com\/fr\/wp-json\/wp\/v2\/categories?post=181100"},{"taxonomy":"post_tag","embeddable":true,"href":"https:\/\/www.europesays.com\/fr\/wp-json\/wp\/v2\/tags?post=181100"}],"curies":[{"name":"wp","href":"https:\/\/api.w.org\/{rel}","templated":true}]}}