{"id":181108,"date":"2025-06-16T15:18:08","date_gmt":"2025-06-16T15:18:08","guid":{"rendered":"https:\/\/www.europesays.com\/fr\/181108\/"},"modified":"2025-06-16T15:18:08","modified_gmt":"2025-06-16T15:18:08","slug":"les-pompiers-de-paris-donnent-un-numero-de-secours-en-cas-durgence","status":"publish","type":"post","link":"https:\/\/www.europesays.com\/fr\/181108\/","title":{"rendered":"les pompiers de Paris donnent un num\u00e9ro de secours en cas d&rsquo;urgence"},"content":{"rendered":"<p>            Par<br \/>\n        <strong><br \/>\n            <a href=\"https:\/\/actu.fr\/auteur\/redaction-paris\" title=\"Consulter tous les articles de R\u00e9daction Paris\" target=\"_blank\" rel=\"noopener\">R\u00e9daction Paris<\/a><br \/>\n        <\/strong><\/p>\n<p>        Publi\u00e9 le<\/p>\n<p>            16 juin 2025 \u00e0 16h31        <\/p>\n<p>Une panne nationale. Ce lundi 16\u00a0juin 2025, les abonn\u00e9s de SFR ne peuvent plus recevoir ou passer d\u2019appel en raison d\u2019un <strong>\u00ab\u2009incident technique\u2009\u00bb<\/strong> qui \u00ab\u2009impacte actuellement notre r\u00e9seau\u2009\u00bb, a fait savoir l\u2019op\u00e9rateur sur ses r\u00e9seaux sociaux.<\/p>\n<p>Des \u00e9quipes \u00ab\u2009pleinement mobilis\u00e9es\u2009\u00bb<\/p>\n<p class=\" wall-content\">Une situation emb\u00eatante voire dangereuse en cas d\u2019urgence puisque les clients de SFR ne peuvent peut-\u00eatre plus contacter le 18, le num\u00e9ro des pompiers. \u00ab\u2009Si vous ne captez plus le r\u00e9seau SFR pour appeler le 18, composez imm\u00e9diatement le <strong>112<\/strong>\u2009\u00bb, somme les <a href=\"https:\/\/actu.fr\/tag\/brigade-de-sapeurs-pompiers-de-paris\" target=\"_blank\" rel=\"noopener\">secouristes de Paris et d\u2019\u00cele-de-France<\/a>.<\/p>\n<p class=\" wall-content\">\u00ab\u2009Nos \u00e9quipes techniques sont pleinement mobilis\u00e9es pour r\u00e9tablir la situation\u2009\u00bb, assure SFR sans donner plus de d\u00e9tail sur les raisons de cette <strong>panne<\/strong> et sa dur\u00e9e.\u00a0En plus de la t\u00e9l\u00e9phonie, le r\u00e9seau internet est aussi impact\u00e9. Pr\u00e8s de 20\u00a0millions de clients mobiles sont abonn\u00e9s \u00e0 SFR.<\/p>\n<p class=\" wall-content\">Suivez toute l\u2019actualit\u00e9 de vos villes et m\u00e9dias favoris en vous inscrivant \u00e0 <a href=\"https:\/\/moncompte.actu.fr\" title=\"D\u00e9couvez Mon Actu\" rel=\"nofollow noopener\" data-trk=\"{&quot;cta&quot;:{&quot;action&quot;:&quot;https:\\\/\\\/moncompte.actu.fr&quot;,&quot;category&quot;:&quot;mon compte&quot;,&quot;from&quot;:&quot;article footer&quot;,&quot;name&quot;:&quot;Mon actu&quot;,&quot;type&quot;:&quot;cta&quot;}}\" target=\"_blank\">Mon Actu<\/a>.<\/p>\n<ul class=\"ac-article-tag wall-content\">\n<li><a href=\"https:\/\/actu.fr\/tag\/brigade-de-sapeurs-pompiers-de-paris\" data-trk=\"{&quot;cta&quot;:{&quot;action&quot;:&quot;Brigade de sapeurs-pompiers de Paris&quot;,&quot;category&quot;:&quot;tag&quot;,&quot;from&quot;:&quot;article footer&quot;,&quot;name&quot;:&quot;Brigade de sapeurs-pompiers de Paris&quot;,&quot;type&quot;:&quot;cta&quot;}}\" target=\"_blank\" rel=\"noopener\">#Brigade de sapeurs-pompiers de Paris<\/a><\/li>\n<li><a href=\"https:\/\/actu.fr\/tag\/panne\" data-trk=\"{&quot;cta&quot;:{&quot;action&quot;:&quot;panne&quot;,&quot;category&quot;:&quot;tag&quot;,&quot;from&quot;:&quot;article footer&quot;,&quot;name&quot;:&quot;panne&quot;,&quot;type&quot;:&quot;cta&quot;}}\" target=\"_blank\" rel=\"noopener\">#panne<\/a><\/li>\n<\/ul>\n","protected":false},"excerpt":{"rendered":"Par R\u00e9daction Paris Publi\u00e9 le 16 juin 2025 \u00e0 16h31 Une panne nationale. Ce lundi 16\u00a0juin 2025, les&hellip;\n","protected":false},"author":2,"featured_media":180720,"comment_status":"","ping_status":"","sticky":false,"template":"","format":"standard","meta":{"footnotes":""},"categories":[1888],"tags":[1111,1928,11,1927,3056,1777,674,1011,27,12,1926,10899,626,1925,25,104],"class_list":{"0":"post-181108","1":"post","2":"type-post","3":"status-publish","4":"format-standard","5":"has-post-thumbnail","7":"category-paris","8":"tag-actu","9":"tag-actu-paris","10":"tag-actualites","11":"tag-actualites-paris","12":"tag-brigade-de-sapeurs-pompiers-de-paris","13":"tag-eu","14":"tag-europe","15":"tag-fr","16":"tag-france","17":"tag-news","18":"tag-news-paris","19":"tag-panne","20":"tag-paris","21":"tag-paris-news","22":"tag-republique-francaise","23":"tag-societe"},"share_on_mastodon":{"url":"https:\/\/pubeurope.com\/@fr\/114693714904741081","error":""},"_links":{"self":[{"href":"https:\/\/www.europesays.com\/fr\/wp-json\/wp\/v2\/posts\/181108","targetHints":{"allow":["GET"]}}],"collection":[{"href":"https:\/\/www.europesays.com\/fr\/wp-json\/wp\/v2\/posts"}],"about":[{"href":"https:\/\/www.europesays.com\/fr\/wp-json\/wp\/v2\/types\/post"}],"author":[{"embeddable":true,"href":"https:\/\/www.europesays.com\/fr\/wp-json\/wp\/v2\/users\/2"}],"replies":[{"embeddable":true,"href":"https:\/\/www.europesays.com\/fr\/wp-json\/wp\/v2\/comments?post=181108"}],"version-history":[{"count":0,"href":"https:\/\/www.europesays.com\/fr\/wp-json\/wp\/v2\/posts\/181108\/revisions"}],"wp:featuredmedia":[{"embeddable":true,"href":"https:\/\/www.europesays.com\/fr\/wp-json\/wp\/v2\/media\/180720"}],"wp:attachment":[{"href":"https:\/\/www.europesays.com\/fr\/wp-json\/wp\/v2\/media?parent=181108"}],"wp:term":[{"taxonomy":"category","embeddable":true,"href":"https:\/\/www.europesays.com\/fr\/wp-json\/wp\/v2\/categories?post=181108"},{"taxonomy":"post_tag","embeddable":true,"href":"https:\/\/www.europesays.com\/fr\/wp-json\/wp\/v2\/tags?post=181108"}],"curies":[{"name":"wp","href":"https:\/\/api.w.org\/{rel}","templated":true}]}}