{"id":181115,"date":"2025-06-16T15:23:13","date_gmt":"2025-06-16T15:23:13","guid":{"rendered":"https:\/\/www.europesays.com\/fr\/181115\/"},"modified":"2025-06-16T15:23:13","modified_gmt":"2025-06-16T15:23:13","slug":"moscou-assure-que-washington-a-annule-la-prochaine-reunion-bilaterale-sur-les-ambassades","status":"publish","type":"post","link":"https:\/\/www.europesays.com\/fr\/181115\/","title":{"rendered":"Moscou assure que Washington a annul\u00e9 la prochaine r\u00e9union bilat\u00e9rale sur les ambassades"},"content":{"rendered":"<p>La Russie a affirm\u00e9 lundi 16 juin que les \u00c9tats-Unis avaient annul\u00e9 la prochaine r\u00e9union bilat\u00e9rale concernant la normalisation du travail de leurs missions diplomatiques, alors que Moscou et Washington ont entam\u00e9 un rapprochement depuis plusieurs mois.<\/p>\n<p>\u00ab La prochaine r\u00e9union (&#8230;) a \u00e9t\u00e9 annul\u00e9e \u00e0 l&rsquo;initiative des n\u00e9gociateurs am\u00e9ricains \u00bb, a indiqu\u00e9 la porte-parole de la diplomatie russe, Maria Zakharova, dans un bref communiqu\u00e9 publi\u00e9 lundi. \u00ab Nous esp\u00e9rons que cette pause ne sera pas trop longue \u00bb, a-t-elle ajout\u00e9, sans donner plus de d\u00e9tails sans les \u00e9ventuelles raisons de ce report.<\/p>\n<p>Le travail des missions diplomatiques est l&rsquo;un des \u00ab irritants \u00bb, selon le jargon employ\u00e9 par Moscou, entre la <strong><a href=\"https:\/\/www.rfi.fr\/fr\/tag\/russie\/\" class=\"link \" rel=\"nofollow noopener\" target=\"_blank\" data-ylk=\"slk:Russie;elm:context_link;itc:0;sec:content-canvas\">Russie<\/a><\/strong> et les <strong><a href=\"https:\/\/www.rfi.fr\/fr\/tag\/\u00e9tats-unis\/\" class=\"link \" rel=\"nofollow noopener\" target=\"_blank\" data-ylk=\"slk:\u00c9tats-Unis;elm:context_link;itc:0;sec:content-canvas\">\u00c9tats-Unis<\/a><\/strong>. Les deux puissances ont men\u00e9 r\u00e9cemment deux cycles de n\u00e9gociations en Turquie \u00e0 ce sujet. Et la semaine derni\u00e8re, l&rsquo;ambassadeur russe aux \u00c9tats-Unis, Alexandre Dartchiev, avait assur\u00e9 qu&rsquo;un nouveau cycle de consultations bilat\u00e9rales devait avoir lieu prochainement \u00e0 Moscou, mais Washington n&rsquo;avait pas comment\u00e9 directement.<\/p>\n<p>\u00c0 lire aussi<a href=\"https:\/\/www.rfi.fr\/fr\/europe\/20250610-ukraine-une-maternit\u00e9-touch\u00e9e-lors-d-attaques-a\u00e9riennes-massives-sur-kiev-et-odessa\" class=\"link \" rel=\"nofollow noopener\" target=\"_blank\" data-ylk=\"slk:Ukraine: malgr\u00e9 aucune perc\u00e9e majeure, la Russie poursuit inexorablement son grignotage territorial;elm:context_link;itc:0;sec:content-canvas\">Ukraine: malgr\u00e9 aucune perc\u00e9e majeure, la Russie poursuit inexorablement son grignotage territorial<\/a><\/p>\n<p>\u00ab Il est peu probable que l&rsquo;on puisse esp\u00e9rer des r\u00e9sultats rapides \u00bb<\/p>\n<p><a href=\"https:\/\/www.rfi.fr\/fr\/monde\/20250616-moscou-assure-que-washington-a-annul%C3%A9-la-prochaine-r%C3%A9union-bilat%C3%A9rale-sur-les-ambassades\" rel=\"nofollow noopener\" target=\"_blank\" data-ylk=\"slk:Lire la suite sur RFI;elm:context_link;itc:0;sec:content-canvas\" class=\"link \">Lire la suite sur RFI<\/a><\/p>\n","protected":false},"excerpt":{"rendered":"La Russie a affirm\u00e9 lundi 16 juin que les \u00c9tats-Unis avaient annul\u00e9 la prochaine r\u00e9union bilat\u00e9rale concernant la&hellip;\n","protected":false},"author":2,"featured_media":181116,"comment_status":"","ping_status":"","sticky":false,"template":"","format":"standard","meta":{"footnotes":""},"categories":[1591],"tags":[11,73,1887,2489,10743,25768,1916,12,1885,1886,132],"class_list":{"0":"post-181115","1":"post","2":"type-post","3":"status-publish","4":"format-standard","5":"has-post-thumbnail","7":"category-russie","8":"tag-actualites","9":"tag-etats-unis","10":"tag-federation-de-russie","11":"tag-la-russie","12":"tag-maria-zakharova","13":"tag-missions-diplomatiques","14":"tag-moscou","15":"tag-news","16":"tag-russia","17":"tag-russian-federation","18":"tag-russie"},"share_on_mastodon":{"url":"https:\/\/pubeurope.com\/@fr\/114693734631238163","error":""},"_links":{"self":[{"href":"https:\/\/www.europesays.com\/fr\/wp-json\/wp\/v2\/posts\/181115","targetHints":{"allow":["GET"]}}],"collection":[{"href":"https:\/\/www.europesays.com\/fr\/wp-json\/wp\/v2\/posts"}],"about":[{"href":"https:\/\/www.europesays.com\/fr\/wp-json\/wp\/v2\/types\/post"}],"author":[{"embeddable":true,"href":"https:\/\/www.europesays.com\/fr\/wp-json\/wp\/v2\/users\/2"}],"replies":[{"embeddable":true,"href":"https:\/\/www.europesays.com\/fr\/wp-json\/wp\/v2\/comments?post=181115"}],"version-history":[{"count":0,"href":"https:\/\/www.europesays.com\/fr\/wp-json\/wp\/v2\/posts\/181115\/revisions"}],"wp:featuredmedia":[{"embeddable":true,"href":"https:\/\/www.europesays.com\/fr\/wp-json\/wp\/v2\/media\/181116"}],"wp:attachment":[{"href":"https:\/\/www.europesays.com\/fr\/wp-json\/wp\/v2\/media?parent=181115"}],"wp:term":[{"taxonomy":"category","embeddable":true,"href":"https:\/\/www.europesays.com\/fr\/wp-json\/wp\/v2\/categories?post=181115"},{"taxonomy":"post_tag","embeddable":true,"href":"https:\/\/www.europesays.com\/fr\/wp-json\/wp\/v2\/tags?post=181115"}],"curies":[{"name":"wp","href":"https:\/\/api.w.org\/{rel}","templated":true}]}}