{"id":181117,"date":"2025-06-16T15:24:12","date_gmt":"2025-06-16T15:24:12","guid":{"rendered":"https:\/\/www.europesays.com\/fr\/181117\/"},"modified":"2025-06-16T15:24:12","modified_gmt":"2025-06-16T15:24:12","slug":"a-lannion-un-nouveau-rassemblement-pour-lukraine-jeudi-19-juin","status":"publish","type":"post","link":"https:\/\/www.europesays.com\/fr\/181117\/","title":{"rendered":"\u00c0 Lannion, un nouveau rassemblement pour l\u2019Ukraine jeudi 19\u00a0juin"},"content":{"rendered":"<p>\u00ab Dans un monde qui s\u2019embrase dangereusement, l\u2019intensification des bombardements de villes ukrainiennes risque de passer au second plan dans l\u2019opinion \u00bb, indique l\u2019association Tr\u00e9gor-Solidarit\u00e9-Ukraine. Elle organise un nouveau rassemblement devant la mairie de Lannion, jeudi 19 juin \u00e0 18 h. \u00ab Ce sera l\u2019occasion d\u2019un nouveau point sur l\u2019\u00e9volution de la situation, le suivi des actions de solidarit\u00e9, pass\u00e9es, en cours et projet\u00e9es \u00e0 partir du Tr\u00e9gor et d\u2019un t\u00e9moignage d\u2019une \u00e9tudiante ukrainienne dans le Tr\u00e9gor \u00bb.<\/p>\n<p>\u00ab L\u2019intervention musicale et culturelle, qui symbolise la d\u00e9fense des cultures menac\u00e9es, sera cette fois assur\u00e9e par Thierry Robin, bien connu dans la vie tr\u00e9gorroise, chanteur gallo originaire de la r\u00e9gion de Josselin, qui chantera deux complaintes traditionnelles de Haute Bretagne qui s\u2019appliquent bien \u00e9galement aux \u00e9v\u00e9nements actuels \u00bb.<\/p>\n","protected":false},"excerpt":{"rendered":"\u00ab Dans un monde qui s\u2019embrase dangereusement, l\u2019intensification des bombardements de villes ukrainiennes risque de passer au second&hellip;\n","protected":false},"author":2,"featured_media":181118,"comment_status":"","ping_status":"","sticky":false,"template":"","format":"standard","meta":{"footnotes":""},"categories":[1590],"tags":[11,1777,674,131,5862,12,11880,220],"class_list":{"0":"post-181117","1":"post","2":"type-post","3":"status-publish","4":"format-standard","5":"has-post-thumbnail","7":"category-ukraine","8":"tag-actualites","9":"tag-eu","10":"tag-europe","11":"tag-guerre-en-ukraine","12":"tag-lannion","13":"tag-news","14":"tag-solidarite-ukraine","15":"tag-ukraine"},"share_on_mastodon":{"url":"https:\/\/pubeurope.com\/@fr\/114693738821303310","error":""},"_links":{"self":[{"href":"https:\/\/www.europesays.com\/fr\/wp-json\/wp\/v2\/posts\/181117","targetHints":{"allow":["GET"]}}],"collection":[{"href":"https:\/\/www.europesays.com\/fr\/wp-json\/wp\/v2\/posts"}],"about":[{"href":"https:\/\/www.europesays.com\/fr\/wp-json\/wp\/v2\/types\/post"}],"author":[{"embeddable":true,"href":"https:\/\/www.europesays.com\/fr\/wp-json\/wp\/v2\/users\/2"}],"replies":[{"embeddable":true,"href":"https:\/\/www.europesays.com\/fr\/wp-json\/wp\/v2\/comments?post=181117"}],"version-history":[{"count":0,"href":"https:\/\/www.europesays.com\/fr\/wp-json\/wp\/v2\/posts\/181117\/revisions"}],"wp:featuredmedia":[{"embeddable":true,"href":"https:\/\/www.europesays.com\/fr\/wp-json\/wp\/v2\/media\/181118"}],"wp:attachment":[{"href":"https:\/\/www.europesays.com\/fr\/wp-json\/wp\/v2\/media?parent=181117"}],"wp:term":[{"taxonomy":"category","embeddable":true,"href":"https:\/\/www.europesays.com\/fr\/wp-json\/wp\/v2\/categories?post=181117"},{"taxonomy":"post_tag","embeddable":true,"href":"https:\/\/www.europesays.com\/fr\/wp-json\/wp\/v2\/tags?post=181117"}],"curies":[{"name":"wp","href":"https:\/\/api.w.org\/{rel}","templated":true}]}}