{"id":181119,"date":"2025-06-16T15:25:14","date_gmt":"2025-06-16T15:25:14","guid":{"rendered":"https:\/\/www.europesays.com\/fr\/181119\/"},"modified":"2025-06-16T15:25:14","modified_gmt":"2025-06-16T15:25:14","slug":"etats-unis-5-millions-damericains-dans-la-rue-contre-trump-et-ses-derives-autoritaires","status":"publish","type":"post","link":"https:\/\/www.europesays.com\/fr\/181119\/","title":{"rendered":"\u00c9tats-Unis : 5 millions d\u2019Am\u00e9ricains dans la rue contre Trump et ses d\u00e9rives autoritaires"},"content":{"rendered":"<p><strong>Samedi 14 juin, des millions de manifestants ont protest\u00e9 contre la politique autoritaire de Donald Trump aux \u00c9tats-Unis, une semaines apr\u00e8s les arrestations de masse de migrants \u00e0 Los Angeles et l\u2019envoi de la troupe en Californie.<\/strong><\/p>\n<p>Deux villes des \u00c9tats-Unis symbolisent \u00e0 elles seules la force de la mobilisation anti-Trump de ce samedi. A <a href=\"https:\/\/vtdigger.org\/2025\/06\/14\/no-kings-day-draws-over-16000-to-burlington-to-protest-trump-and-authoritarianism\/\" rel=\"nofollow noopener\" target=\"_blank\">Burlington<\/a> (Vermont), commune dans laquelle Bernie Sanders a \u00e9t\u00e9 maire, 16 000 personnes sont descendues dans les rues. Un habitant sur trois. A Charlottesville, commune de Virginie de 43 000 habitants, marqu\u00e9e par une <a href=\"https:\/\/www.youtube.com\/watch?v=B_086AgfbEw\" rel=\"nofollow noopener\" target=\"_blank\">attaque meurtri\u00e8re<\/a> de l\u2019extr\u00eame droite pendant le premier mandat de Donald Trump, pr\u00e8s de 7 000 personnes ont d\u00e9fil\u00e9 sous la banni\u00e8re \u00ab\u00a0No Kings\u00a0\u00bb. Cette journ\u00e9e, lanc\u00e9e par une coalition de 200 organisations, a pris comme slogan\u00a0: pas de monarques en Am\u00e9rique. Un message clair \u00e0 Trump, accus\u00e9 de se comporter comme un roi.<\/p>\n<p>Les chiffres de la participation aux manifestations sont impressionnants partout et retiennent l\u2019attention dans les plus grandes villes am\u00e9ricaines. Au moins 70 000 \u00e0 Seattle, 100 000 \u00e0 Chicago et San Francisco, 200 000 \u00e0 <a href=\"https:\/\/www.livenowfox.com\/news\/no-kings-protest-crowds-size\" rel=\"nofollow noopener\" target=\"_blank\">Los Angeles<\/a> comme \u00e0 New York, 80 000 \u00e0 <a href=\"https:\/\/billypenn.com\/2025\/06\/14\/no-kings-march-philadelphia-coverage\/\" rel=\"nofollow noopener\" target=\"_blank\">Philadelphie<\/a>, 60 000 \u00e0 San Diego, 20 000 \u00e0 Denver (Colorado) comme \u00e0 <a href=\"https:\/\/eu.statesman.com\/story\/news\/local\/2025\/06\/15\/no-kings-protests-draw-thousands-in-austin-across-texas\/84221098007\/\" rel=\"nofollow noopener\" target=\"_blank\">Austin<\/a> (Texas), Portland (Oregon) ou Tampa (Floride) pour n\u2019en citer que quelques-uns.<\/p>\n<p>Apr\u00e8s la sid\u00e9ration, la mobilisation<\/p>\n<p>Cette journ\u00e9e marque un tournant. Elle tranche avec les mobilisations modestes de mars dernier, qui d\u00e9non\u00e7aient les attaques contre la science et les purges num\u00e9riques des sites gouvernementaux. \u00c0 l\u2019\u00e9poque, 2000 personnes s\u2019\u00e9taient rassembl\u00e9es \u00e0 Washington et quelques milliers d\u2019autres dans une trentaine de villes des \u00c9tats-Unis.<\/p>\n<p>Cette fois-ci, les opposants \u00e0 la politique autoritaire de Donald Trump revendiquent cinq millions de participants dans 2000 points de manifestations sur l\u2019ensemble du pays. Un <a href=\"https:\/\/www.gelliottmorris.com\/p\/no-kings-day-protests-turn-out-millions?r=a9pj&amp;utm_campaign=post&amp;utm_medium=web\" rel=\"nofollow noopener\" target=\"_blank\">d\u00e9compte participatif<\/a>, impliquant des journalistes ind\u00e9pendants, estime la participation \u00e0 cette journ\u00e9e entre 4 et 6 millions d\u2019Am\u00e9ricains.<\/p>\n<p>Recevez notre newsletter par mail<\/p>\n<p>Fini la l\u00e9thargie et la d\u00e9sesp\u00e9rance des premiers mois face \u00e0 l\u2019avalanche de mesures du nouveau pr\u00e9sident. L\u2019opposition a r\u00e9ussi \u00e0 sortir de sa torpeur. Un premier coup de semonce avait \u00e9t\u00e9 donn\u00e9 le 5 avril dernier. Ce week-end-l\u00e0, la journ\u00e9e \u00ab\u00a0<a href=\"https:\/\/rapportsdeforce.fr\/breves\/hand-off-lappel-a-1000-manifestations-contre-trump-ce-05-avril-040424064\" rel=\"nofollow noopener\" target=\"_blank\">Hands Off<\/a>\u00a0\u00bb r\u00e9unissait au moins 600 000 manifestants. Plus selon les organisateurs qui s\u2019avan\u00e7aient jusqu\u2019au chiffre de 5 millions. Mais malgr\u00e9 tout, moins que ce week-end, apr\u00e8s comparaison du nombre de manifestants dans plusieurs villes importantes.<\/p>\n<p>Toujours est-il qu\u2019en ce mois de juin l\u2019opposition \u00e0 Trump n\u2019est plus t\u00e9tanis\u00e9e. Durant des mois, la comparaison avec la grande mobilisation de la Women\u2019s March d\u00e9but 2017 servait de r\u00e9f\u00e9rence pour montrer la faiblesse de la r\u00e9sistance. Aujourd\u2019hui, la journ\u00e9e \u00ab\u00a0No Kings\u00a0\u00bb d\u00e9passe les estimations de 2017 de 3,6 millions d\u2019Am\u00e9ricaines et d\u2019Am\u00e9ricains dans les rues.<\/p>\n<p>Les arrestations de masse mettent le feu aux poudres aux \u00c9tats-Unis <\/p>\n<p>Une semaine avant les mobilisations \u00ab\u00a0No Kings\u00a0\u00bb pour d\u00e9noncer l\u2019autoritarisme de Donald Trump qui pr\u00e9parait une parade militaire \u00e0 Washington pour le jour de son anniversaire, le pr\u00e9sident des \u00c9tats-Unis lan\u00e7ait une vaste op\u00e9ration d\u2019arrestations de migrants \u00e0 Los Angeles. D\u00e8s le 6 juin, des agents f\u00e9d\u00e9raux de la police de l\u2019immigration (ICE), masqu\u00e9s et arm\u00e9s, multipliaient les descentes dans les quartiers latinos de Los Angeles et dans des entreprises. Un raid choquant qui a d\u00e9clench\u00e9 des manifestations et des actions de d\u00e9sob\u00e9issance civile autour des centres de d\u00e9tention en Californie. L\u2019administration Trump qui exige \u00e0 l\u2019ICE 3000 arrestations par jour n\u2019a pas fait dans la demi-mesure en r\u00e9ponse aux protestations. Elle a envoy\u00e9 4000 membres de la Garde nationale et 700 marines contre un mouvement que Donald Trump tente de faire passer pour insurrectionnel.<\/p>\n<p>Loin de reculer, Donald Trump a annonc\u00e9 apr\u00e8s les manifestations monstre de samedi qu\u2019il entendait \u00e9tendre les arrestations \u00e0 des villes comme Chicago, New-York ou Seattle. Toutes des villes sous administration d\u00e9mocrate qu\u2019il d\u00e9signe comme des ennemis int\u00e9rieurs des \u00c9tats-Unis. Quitte \u00e0 mettre le feu aux poudres dans tout le pays.<\/p>\n<p><strong>Faisons face ensemble !<\/strong><\/p>\n<p>Si les 5000 personnes qui nous lisent chaque semaine (400 000\/an) faisaient un don ne serait-ce que de 1\u20ac, 2\u20ac ou 3\u20ac\/mois (0,34\u20ac, 0,68\u20ac ou 1,02\u20ac apr\u00e8s d\u00e9duction d\u2019imp\u00f4ts), la r\u00e9daction de Rapports de force pourrait compter 4 journalistes \u00e0 temps complets (au lieu de trois \u00e0 tiers temps) pour fabriquer le journal. Et ainsi faire beaucoup plus et bien mieux.<\/p>\n<p><strong><a href=\"https:\/\/rapportsdeforce.fr\/je-soutiens\" target=\"_blank\" rel=\"noreferrer noopener nofollow\">Renforcez Rapports de force\u00a0! Engagez-vous \u00e0 nos c\u00f4t\u00e9s\u00a0!<\/a><\/strong><\/p>\n","protected":false},"excerpt":{"rendered":"Samedi 14 juin, des millions de manifestants ont protest\u00e9 contre la politique autoritaire de Donald Trump aux \u00c9tats-Unis,&hellip;\n","protected":false},"author":2,"featured_media":181120,"comment_status":"","ping_status":"","sticky":false,"template":"","format":"standard","meta":{"footnotes":""},"categories":[1589],"tags":[11,73,1866,1272,12,31879,467,1864,1865,1863,308],"class_list":{"0":"post-181119","1":"post","2":"type-post","3":"status-publish","4":"format-standard","5":"has-post-thumbnail","7":"category-etats-unis","8":"tag-actualites","9":"tag-etats-unis","10":"tag-etats-unis-damerique","11":"tag-manifestations","12":"tag-news","13":"tag-no-kings","14":"tag-trump","15":"tag-united-states","16":"tag-united-states-of-america","17":"tag-us","18":"tag-usa"},"share_on_mastodon":{"url":"https:\/\/pubeurope.com\/@fr\/114693743065317840","error":""},"_links":{"self":[{"href":"https:\/\/www.europesays.com\/fr\/wp-json\/wp\/v2\/posts\/181119","targetHints":{"allow":["GET"]}}],"collection":[{"href":"https:\/\/www.europesays.com\/fr\/wp-json\/wp\/v2\/posts"}],"about":[{"href":"https:\/\/www.europesays.com\/fr\/wp-json\/wp\/v2\/types\/post"}],"author":[{"embeddable":true,"href":"https:\/\/www.europesays.com\/fr\/wp-json\/wp\/v2\/users\/2"}],"replies":[{"embeddable":true,"href":"https:\/\/www.europesays.com\/fr\/wp-json\/wp\/v2\/comments?post=181119"}],"version-history":[{"count":0,"href":"https:\/\/www.europesays.com\/fr\/wp-json\/wp\/v2\/posts\/181119\/revisions"}],"wp:featuredmedia":[{"embeddable":true,"href":"https:\/\/www.europesays.com\/fr\/wp-json\/wp\/v2\/media\/181120"}],"wp:attachment":[{"href":"https:\/\/www.europesays.com\/fr\/wp-json\/wp\/v2\/media?parent=181119"}],"wp:term":[{"taxonomy":"category","embeddable":true,"href":"https:\/\/www.europesays.com\/fr\/wp-json\/wp\/v2\/categories?post=181119"},{"taxonomy":"post_tag","embeddable":true,"href":"https:\/\/www.europesays.com\/fr\/wp-json\/wp\/v2\/tags?post=181119"}],"curies":[{"name":"wp","href":"https:\/\/api.w.org\/{rel}","templated":true}]}}