{"id":181137,"date":"2025-06-16T15:34:10","date_gmt":"2025-06-16T15:34:10","guid":{"rendered":"https:\/\/www.europesays.com\/fr\/181137\/"},"modified":"2025-06-16T15:34:10","modified_gmt":"2025-06-16T15:34:10","slug":"les-bleues-quasiment-au-complet-pour-la-deuxieme-etape-de-la-ligue-des-nations","status":"publish","type":"post","link":"https:\/\/www.europesays.com\/fr\/181137\/","title":{"rendered":"Les Bleues quasiment au complet pour la deuxi\u00e8me \u00e9tape de la Ligue des nations"},"content":{"rendered":"<p>Les 16 Bleues pour la Serbie<\/p>\n<p><b>Passeuses\u00a0:<\/b> Emilie Respaut, Enora Danard-Selosse, Nina Stojiljkovic<br \/><b>Pointues\u00a0:<\/b> Imane Ndiaye, Lucille Gicquel<br \/><b>R\u00e9ceptionneuses-attaquantes\u00a0:<\/b> Am\u00e9lie Rotar, Sabine Haewegene, Ma\u00e9va Schalk, H\u00e9l\u00e9na Cazaute<br \/><b>Centrales\u00a0:<\/b> Amandha Sylves, Naomi Ngolongolo, Fatoumata Fanguedou, Chlo\u00e9 Mayer, Eva Elouga<br \/><b>Lib\u00e9ros\u00a0:<\/b> Juliette G\u00e9lin, Amandine Giardino<\/p>\n","protected":false},"excerpt":{"rendered":"Les 16 Bleues pour la Serbie Passeuses\u00a0: Emilie Respaut, Enora Danard-Selosse, Nina StojiljkovicPointues\u00a0: Imane Ndiaye, Lucille GicquelR\u00e9ceptionneuses-attaquantes\u00a0: Am\u00e9lie&hellip;\n","protected":false},"author":2,"featured_media":181138,"comment_status":"","ping_status":"","sticky":false,"template":"","format":"standard","meta":{"footnotes":""},"categories":[1417],"tags":[1011,27,60,1470,1469],"class_list":{"0":"post-181137","1":"post","2":"type-post","3":"status-publish","4":"format-standard","5":"has-post-thumbnail","7":"category-volley","8":"tag-fr","9":"tag-france","10":"tag-sports","11":"tag-volley","12":"tag-volleyball"},"share_on_mastodon":{"url":"https:\/\/pubeurope.com\/@fr\/114693778061518573","error":""},"_links":{"self":[{"href":"https:\/\/www.europesays.com\/fr\/wp-json\/wp\/v2\/posts\/181137","targetHints":{"allow":["GET"]}}],"collection":[{"href":"https:\/\/www.europesays.com\/fr\/wp-json\/wp\/v2\/posts"}],"about":[{"href":"https:\/\/www.europesays.com\/fr\/wp-json\/wp\/v2\/types\/post"}],"author":[{"embeddable":true,"href":"https:\/\/www.europesays.com\/fr\/wp-json\/wp\/v2\/users\/2"}],"replies":[{"embeddable":true,"href":"https:\/\/www.europesays.com\/fr\/wp-json\/wp\/v2\/comments?post=181137"}],"version-history":[{"count":0,"href":"https:\/\/www.europesays.com\/fr\/wp-json\/wp\/v2\/posts\/181137\/revisions"}],"wp:featuredmedia":[{"embeddable":true,"href":"https:\/\/www.europesays.com\/fr\/wp-json\/wp\/v2\/media\/181138"}],"wp:attachment":[{"href":"https:\/\/www.europesays.com\/fr\/wp-json\/wp\/v2\/media?parent=181137"}],"wp:term":[{"taxonomy":"category","embeddable":true,"href":"https:\/\/www.europesays.com\/fr\/wp-json\/wp\/v2\/categories?post=181137"},{"taxonomy":"post_tag","embeddable":true,"href":"https:\/\/www.europesays.com\/fr\/wp-json\/wp\/v2\/tags?post=181137"}],"curies":[{"name":"wp","href":"https:\/\/api.w.org\/{rel}","templated":true}]}}