{"id":181143,"date":"2025-06-16T15:38:11","date_gmt":"2025-06-16T15:38:11","guid":{"rendered":"https:\/\/www.europesays.com\/fr\/181143\/"},"modified":"2025-06-16T15:38:11","modified_gmt":"2025-06-16T15:38:11","slug":"le-premier-test-de-pirelli-en-motogp-sorganise-pour-le-mois-de-septembre","status":"publish","type":"post","link":"https:\/\/www.europesays.com\/fr\/181143\/","title":{"rendered":"Le premier test de Pirelli en MotoGP s&rsquo;organise pour le mois de septembre"},"content":{"rendered":"<p>Depuis l&rsquo;annonce, au mois de mars, de sa prise de contr\u00f4le de la fourniture des pneus en MotoGP \u00e0 l&rsquo;horizon 2027, Pirelli a intensifi\u00e9 son d\u00e9veloppement. Une \u00e9tape importante sera franchie lorsque les prototypes des produits destin\u00e9s aux motos de la cat\u00e9gorie reine pourront \u00eatre \u00e9valu\u00e9s en piste et recevoir les premiers commentaires des pilotes. Un premier test \u00e9tait initialement pr\u00e9vu dans la semaine qui suivait le GP d&rsquo;Arag\u00f3n, sur le MotorLand, mais des probl\u00e8mes de diverse nature ont men\u00e9 \u00e0 son report.<\/p>\n<p>D&rsquo;apr\u00e8s les informations de <strong>Motorsport.com<\/strong>, de nouvelles discussions entre les \u00e9quipes et le manufacturier italien ont permis de fixer une nouvelle date. Nos sources nous ont confirm\u00e9 que Pirelli pourra donc \u00e9trenner ses pneus MotoGP en piste le 16 septembre prochain, sur le circuit de Misano.<\/p>\n<p>Cette date signifie que cette journ\u00e9e sera programm\u00e9e deux jours apr\u00e8s le GP de Saint-Marin, 16e manche de la saison, et au lendemain du troisi\u00e8me et dernier test post-course pr\u00e9vu au <a href=\"https:\/\/fr.motorsport.com\/motogp\/schedule\/2025\/?event_types%5B%5D=race\" target=\"_self\" rel=\"noopener nofollow\">calendrier<\/a> cette ann\u00e9e. Un encha\u00eenement d&rsquo;\u00e9v\u00e9nements qui favorise l&rsquo;optimisation logistique des \u00e9quipes, avant qu&rsquo;elles embarquent pour l&rsquo;Asie o\u00f9 se tiendront les quatre Grands Prix suivants.<\/p>\n<p>Lire aussi :<\/p>\n<p>Pour ce premier test, les cinq constructeurs engag\u00e9s en MotoGP mettront \u00e0 disposition de Pirelli leurs pilotes essayeurs\u00a0&#8211;\u00a0en principe, un par marque\u00a0&#8211;\u00a0avec une moto laboratoire dont l&rsquo;intention est qu&rsquo;elle soit aussi proche que possible des prototypes de 2027, date \u00e0 laquelle le <a href=\"https:\/\/fr.motorsport.com\/motogp\/news\/motogp-officialise-reglement-technique-2027\/10607624\/\" target=\"_blank\" rel=\"noopener nofollow\">r\u00e8glement technique<\/a> changera de fa\u00e7on notable. Cela signifie que les constructeurs pourraient utiliser les actuelles motos de 1000cc mais en abaissant leur puissance de 40 \u00e0 50 chevaux, en r\u00e9duisant au maximum leur package a\u00e9rodynamique et en n&rsquo;utilisant pas de variateur de hauteur.<\/p>\n<p>Accord avec les \u00e9quipes<\/p>\n<p>Les co\u00fbts g\u00e9n\u00e9r\u00e9s par ce premier test de Pirelli sur des motos MotoGP constituaient le principal point de friction entre le manufacturier et les \u00e9quipes. Il s&rsquo;av\u00e8re d\u00e9sormais que les frais seront pris en charge par le fabricant milanais pour cette premi\u00e8re s\u00e9ance, en revanche celui-ci souhaite que les \u00e9quipes financent les essais en 2026, lorsqu&rsquo;ils vont se diversifier et impliquer de plus en plus les pilotes. Un accord semble avoir \u00e9t\u00e9 trouv\u00e9 mais les termes n&rsquo;en ont pas \u00e9t\u00e9 d\u00e9voil\u00e9s.<\/p>\n<p>   <img decoding=\"async\" draggable=\"false\" src=\"https:\/\/www.europesays.com\/fr\/wp-content\/uploads\/2025\/06\/1750088291_221_toprak-razgatlioglu-bmw-motorr.jpg\" alt=\"Pirelli \u00e9quipe aujourd'hui le WorldSBK, entre autres.\" width=\"1200\" height=\"800\" loading=\"lazy\"\/> <\/p>\n<p class=\"title\">Pirelli \u00e9quipe aujourd&rsquo;hui le WorldSBK, entre autres.<\/p>\n<p class=\"photographer\">Photo de: Gold and Goose Photography \/ LAT Images \/ via Getty Images<\/p>\n<p>Avant de prendre la suite de Michelin dans la cat\u00e9gorie MotoGP, Pirelli a d\u00e9j\u00e0 multipli\u00e9 les programmes sur la sc\u00e8ne internationale, fournissant le Moto2, le Moto3 et le WorldSBK pour ne citer que les comp\u00e9titions moto. Ces premiers essais qui auront lieu dans trois mois ont pour but d&rsquo;\u00e9valuer diff\u00e9rents compos\u00e9s con\u00e7us sp\u00e9cifiquement pour le MotoGP et de recueillir autant d&rsquo;informations que possible pour orienter le d\u00e9veloppement par la suite.<\/p>\n<p>L&rsquo;\u00e9tape suivante consistera \u00e0 organiser plusieurs journ\u00e9es de test en 2026, sur diff\u00e9rents circuits, afin d&rsquo;affiner de plus en plus les produits. Pirelli compte alors impliquer les pilotes de course afin de graduellement renforcer le d\u00e9veloppement de pneus qui seront ensuite utilis\u00e9s exclusivement en 2027\u00a0&#8211;\u00a0et donc d\u00e8s le premier test de l&rsquo;intersaison, vraisemblablement en novembre 2026.<\/p>\n<p>Certains constructeurs s&rsquo;organisent d\u00e9j\u00e0 pour s&rsquo;assurer les services de pilotes ayant une connaissance des produits Pirelli. Yamaha a ainsi engag\u00e9 <a href=\"https:\/\/fr.motorsport.com\/driver\/toprak-razgatlioglu\/178502\/\" rel=\"nofollow noopener\" target=\"_blank\">Toprak Razgatlioglu<\/a> chez Pramac, avec de toute \u00e9vidence l&rsquo;intention de l&rsquo;impliquer dans la pr\u00e9paration de 2027. Ducati a opt\u00e9 pour une solution interm\u00e9diaire puisque la marque a prolong\u00e9 <a href=\"https:\/\/fr.motorsport.com\/driver\/nicolo-bulega\/291557\/\" rel=\"nofollow noopener\" target=\"_blank\">Nicol\u00f2 Bulega<\/a> pour un an en WorldSBK tout en le nommant pilote essayeur en MotoGP d\u00e8s la saison prochaine.<\/p>\n<p>Lire aussi :<\/p>\n<p>Dans cet article<\/p>\n<p>    Germ\u00e1n Garcia Casanova\n<\/p>\n<p>    MotoGP\n<\/p>\n<p>Soyez le premier inform\u00e9 et souscrivez aux alertes mails pour recevoir les infos en temps r\u00e9el<\/p>\n<p>    S&rsquo;abonner aux alertes de news<\/p>\n","protected":false},"excerpt":{"rendered":"Depuis l&rsquo;annonce, au mois de mars, de sa prise de contr\u00f4le de la fourniture des pneus en MotoGP&hellip;\n","protected":false},"author":2,"featured_media":181144,"comment_status":"","ping_status":"","sticky":false,"template":"","format":"standard","meta":{"footnotes":""},"categories":[1413],"tags":[1011,27,1457,1456,1458,60],"class_list":{"0":"post-181143","1":"post","2":"type-post","3":"status-publish","4":"format-standard","5":"has-post-thumbnail","7":"category-moto","8":"tag-fr","9":"tag-france","10":"tag-moto","11":"tag-motocycle","12":"tag-motogp","13":"tag-sports"},"share_on_mastodon":{"url":"https:\/\/pubeurope.com\/@fr\/114693793594908773","error":""},"_links":{"self":[{"href":"https:\/\/www.europesays.com\/fr\/wp-json\/wp\/v2\/posts\/181143","targetHints":{"allow":["GET"]}}],"collection":[{"href":"https:\/\/www.europesays.com\/fr\/wp-json\/wp\/v2\/posts"}],"about":[{"href":"https:\/\/www.europesays.com\/fr\/wp-json\/wp\/v2\/types\/post"}],"author":[{"embeddable":true,"href":"https:\/\/www.europesays.com\/fr\/wp-json\/wp\/v2\/users\/2"}],"replies":[{"embeddable":true,"href":"https:\/\/www.europesays.com\/fr\/wp-json\/wp\/v2\/comments?post=181143"}],"version-history":[{"count":0,"href":"https:\/\/www.europesays.com\/fr\/wp-json\/wp\/v2\/posts\/181143\/revisions"}],"wp:featuredmedia":[{"embeddable":true,"href":"https:\/\/www.europesays.com\/fr\/wp-json\/wp\/v2\/media\/181144"}],"wp:attachment":[{"href":"https:\/\/www.europesays.com\/fr\/wp-json\/wp\/v2\/media?parent=181143"}],"wp:term":[{"taxonomy":"category","embeddable":true,"href":"https:\/\/www.europesays.com\/fr\/wp-json\/wp\/v2\/categories?post=181143"},{"taxonomy":"post_tag","embeddable":true,"href":"https:\/\/www.europesays.com\/fr\/wp-json\/wp\/v2\/tags?post=181143"}],"curies":[{"name":"wp","href":"https:\/\/api.w.org\/{rel}","templated":true}]}}