{"id":181151,"date":"2025-06-16T15:42:09","date_gmt":"2025-06-16T15:42:09","guid":{"rendered":"https:\/\/www.europesays.com\/fr\/181151\/"},"modified":"2025-06-16T15:42:09","modified_gmt":"2025-06-16T15:42:09","slug":"les-mots-de-la-femme-de-bruce-willis-pour-la-fete-des-peres","status":"publish","type":"post","link":"https:\/\/www.europesays.com\/fr\/181151\/","title":{"rendered":"les mots de la femme de Bruce Willis pour la f\u00eate des p\u00e8res"},"content":{"rendered":"<p>\u00c0 l\u2019occasion de la f\u00eate des p\u00e8res, Emma Heming a rendu hommage \u00e0 son mari et p\u00e8re de leurs deux enfants \u00e0 travers une publication Instagram, alors m\u00eame que ce dernier est atteint de d\u00e9mence depuis 2023.<\/p>\n<p class=\"fig-paragraph\">C\u2019\u00e9tait le 16 f\u00e9vrier 2023. La famille de\u00a0<a href=\"https:\/\/madame.lefigaro.fr\/tag\/bruce-willis\" target=\"_blank\" rel=\"noopener nofollow\" data-gtm-custom-categorie=\"navigation\" data-gtm-custom-action=\"crossclick\" data-gtm-custom-label=\"Contextuel\" data-gtm-event=\"customEventSPE\">Bruce Willis<\/a>\u00a0annon\u00e7ait alors qu\u2019il souffrait d\u2019une d\u00e9g\u00e9n\u00e9rescence lobaire frontotemporale, maladie neurod\u00e9g\u00e9n\u00e9rative qui engendre la destruction progressive des neurones. Depuis l\u2019annonce du diagnostic, la famille de la star de Die Hard s\u2019est montr\u00e9e soud\u00e9e et d\u2019un soutien ind\u00e9fectible. Mari\u00e9e \u00e0 Bruce Willis depuis 2009, Emma Heming partage deux filles avec lui, Mabel Ray (2012) et Evelyn Penn (2014). Tr\u00e8s pr\u00e9sente sur les r\u00e9seaux sociaux, elle donne r\u00e9guli\u00e8rement des nouvelles de leur quotidien boulevers\u00e9 par la maladie.<\/p>\n<p class=\"fig-paragraph\">Ce dimanche 15 juin, la m\u00e8re de famille a publi\u00e9 une photo de son mari et de leur fille cadette, Mabe Willis. \u00abBonne f\u00eate des p\u00e8res \u00e0 tous les papas vivant avec un handicap ou une maladie, qui continuent \u00e0 se montrer comme ils le peuvent (&#8230;). Ce que Bruce enseigne \u00e0 nos filles va bien au-del\u00e0 des mots. R\u00e9silience, amour inconditionnel, et la force tranquille d\u2019\u00eatre simplement pr\u00e9sent. Cette photo en dit tellement. L\u2019amour s\u2019approfondit. \u00c7a s\u2019adapte. \u00c7a reste, m\u00eame quand tout le reste change\u00bb, \u00e9crit-elle avant d\u2019\u00e9voquer la douleur de vivre la maladie au quotidien. \u00abJe suis profond\u00e9ment triste aujourd\u2019hui. J\u2019aimerais, avec chaque cellule de mon corps, que les choses soient diff\u00e9rentes pour lui et plus l\u00e9g\u00e8res pour notre famille (&#8230;)\u00bb<\/p>\n<p>L\u2019amour, la force d\u2019une famille<\/p>\n<p class=\"fig-paragraph\">La fille a\u00een\u00e9e de Bruce Willis, Rumer (1988), issue de son premier mariage avec\u00a0<a href=\"https:\/\/madame.lefigaro.fr\/tag\/demi-moore\" target=\"_blank\" rel=\"noopener nofollow\" data-gtm-custom-categorie=\"navigation\" data-gtm-custom-action=\"crossclick\" data-gtm-custom-label=\"Contextuel\" data-gtm-event=\"customEventSPE\">Demi Moore<\/a>\u00a0avec qui il partage \u00e9galement Tallulah (1994) et Scout (1991),\u00a0<a href=\"http:\/\/madame.lefigaro.fr\/celebrites\/je-ressens-une-profonde-douleur-pour-la-fete-des-peres-rumer-willis-se-confie-sur-le-diagnostic-de-demence-de-son-pere-20250616\" data-fig-type=\"Article\" data-gtm-custom-categorie=\"navigation\" data-gtm-custom-action=\"crossclick\" data-gtm-custom-label=\"Contextuel\" data-gtm-event=\"customEventSPE\" data-fig-domain=\"MADAME\" rel=\"nofollow noopener\" target=\"_blank\">a \u00e9galement pris la parole.<\/a>\u00a0Actrice et m\u00e8re d\u2019une petite fille n\u00e9e en 2023, elle a partag\u00e9 sur Instagram un carrousel de souvenirs avec son p\u00e8re. \u00abAujourd\u2019hui, c\u2019est dur. J\u2019ai une douleur dans la poitrine de ne pas pouvoir te dire tout ce que je fais, tout ce qui se passe dans ma vie. Mais je sais que tu ne voudrais pas que je sois triste aujourd\u2019hui, alors j\u2019essaierai d\u2019\u00eatre reconnaissante. Te serrer dans mes bras, embrasser ta joue, te raconter mes histoires\u2026 tout \u00e7a, c\u2019est encore possible.\u00bb<\/p>\n<p class=\"fig-paragraph\">Rumer Willis a commenc\u00e9 sa carri\u00e8re \u00e0 seulement 7 ans aux c\u00f4t\u00e9s de sa m\u00e8re, avant d\u2019obtenir des r\u00f4les dans Otage, Striptease ou encore Pretty Little Liars. De son c\u00f4t\u00e9, sa s\u0153ur Scout LaRue, plus discr\u00e8te, a sorti son album \u00e9ponyme en 2022. Quant \u00e0 la benjamine, Tallulah Belle, elle a \u00e9galement \u00e9t\u00e9 actrice dans les films comme Les amants du nouveau monde (1995) ou encore Bandits (2001) avant d\u2019\u00eatre confront\u00e9e \u00e0 de nombreux probl\u00e8mes de sant\u00e9 qui seront le th\u00e8me de son essai publi\u00e9 dans le magazine de\u00a0<a href=\"https:\/\/www.vogue.com\/article\/bruce-willis-and-me-memoir-tallulah-willis\" target=\"_blank\" rel=\"nofollow noopener\" data-gtm-custom-categorie=\"navigation\" data-gtm-custom-action=\"crossclick\" data-gtm-custom-label=\"Contextuel\" data-gtm-event=\"customEventSPE\">Vogue US<\/a> \u00a0en 2023. Des probl\u00e8mes qui ne l\u2019emp\u00eachent pas d\u2019\u00eatre pr\u00e9sente aux c\u00f4t\u00e9s de son p\u00e8re et de sa grande famille. \u00abLa gu\u00e9rison dure probablement toute la vie, mais j\u2019ai maintenant les outils pour \u00eatre pr\u00e9sente dans toutes les facettes de ma vie, et en particulier dans ma relation avec mon p\u00e8re\u00bb, \u00e9crit-elle dans son essai.<\/p>\n","protected":false},"excerpt":{"rendered":"\u00c0 l\u2019occasion de la f\u00eate des p\u00e8res, Emma Heming a rendu hommage \u00e0 son mari et p\u00e8re de&hellip;\n","protected":false},"author":2,"featured_media":181152,"comment_status":"","ping_status":"","sticky":false,"template":"","format":"standard","meta":{"footnotes":""},"categories":[1359],"tags":[976,4422,972,13312,58,59,30509,638,1011,27,977,973,975,974],"class_list":{"0":"post-181151","1":"post","2":"type-post","3":"status-publish","4":"format-standard","5":"has-post-thumbnail","7":"category-people","8":"tag-actu-people","9":"tag-bruce-willis","10":"tag-celebrite","11":"tag-demi-moore","12":"tag-divertissement","13":"tag-entertainment","14":"tag-fete-des-peres","15":"tag-figaro","16":"tag-fr","17":"tag-france","18":"tag-madame","19":"tag-people","20":"tag-potain-de-stars","21":"tag-star"},"share_on_mastodon":{"url":"https:\/\/pubeurope.com\/@fr\/114693809752340265","error":""},"_links":{"self":[{"href":"https:\/\/www.europesays.com\/fr\/wp-json\/wp\/v2\/posts\/181151","targetHints":{"allow":["GET"]}}],"collection":[{"href":"https:\/\/www.europesays.com\/fr\/wp-json\/wp\/v2\/posts"}],"about":[{"href":"https:\/\/www.europesays.com\/fr\/wp-json\/wp\/v2\/types\/post"}],"author":[{"embeddable":true,"href":"https:\/\/www.europesays.com\/fr\/wp-json\/wp\/v2\/users\/2"}],"replies":[{"embeddable":true,"href":"https:\/\/www.europesays.com\/fr\/wp-json\/wp\/v2\/comments?post=181151"}],"version-history":[{"count":0,"href":"https:\/\/www.europesays.com\/fr\/wp-json\/wp\/v2\/posts\/181151\/revisions"}],"wp:featuredmedia":[{"embeddable":true,"href":"https:\/\/www.europesays.com\/fr\/wp-json\/wp\/v2\/media\/181152"}],"wp:attachment":[{"href":"https:\/\/www.europesays.com\/fr\/wp-json\/wp\/v2\/media?parent=181151"}],"wp:term":[{"taxonomy":"category","embeddable":true,"href":"https:\/\/www.europesays.com\/fr\/wp-json\/wp\/v2\/categories?post=181151"},{"taxonomy":"post_tag","embeddable":true,"href":"https:\/\/www.europesays.com\/fr\/wp-json\/wp\/v2\/tags?post=181151"}],"curies":[{"name":"wp","href":"https:\/\/api.w.org\/{rel}","templated":true}]}}