{"id":181163,"date":"2025-06-16T15:48:09","date_gmt":"2025-06-16T15:48:09","guid":{"rendered":"https:\/\/www.europesays.com\/fr\/181163\/"},"modified":"2025-06-16T15:48:09","modified_gmt":"2025-06-16T15:48:09","slug":"apres-le-var-un-deuxieme-cas-autochtone-decouvert-dans-lherault","status":"publish","type":"post","link":"https:\/\/www.europesays.com\/fr\/181163\/","title":{"rendered":"Apr\u00e8s le Var, un deuxi\u00e8me cas autochtone d\u00e9couvert dans l\u2019H\u00e9rault"},"content":{"rendered":"<p>La saison des <a href=\"https:\/\/www.20minutes.fr\/dossier\/moustique\" class=\"color-ultramarine c-link\" target=\"_blank\" rel=\"noopener\">moustiques<\/a> d\u00e9marre fort. Un nouveau cas autochtone de <a href=\"https:\/\/www.20minutes.fr\/dossier\/chikungunya\" class=\"color-ultramarine c-link\" target=\"_blank\" rel=\"noopener\">chikungunya<\/a>, le deuxi\u00e8me en m\u00e9tropole depuis le d\u00e9but de l\u2019ann\u00e9e, a \u00e9t\u00e9 d\u00e9tect\u00e9 dans <a href=\"https:\/\/www.20minutes.fr\/societe\/herault\/\" class=\"color-ultramarine c-link\" target=\"_blank\" rel=\"noopener\">l\u2019H\u00e9rault<\/a>, a annonc\u00e9 lundi l\u2019<a href=\"https:\/\/www.20minutes.fr\/dossier\/agence_regionale_de_sante\" class=\"color-ultramarine c-link\" target=\"_blank\" rel=\"noopener\">Agence r\u00e9gionale de sant\u00e9<\/a> Occitanie dans un communiqu\u00e9. Le premier cas autochtone de\u00a02025 avait \u00e9t\u00e9 <a href=\"https:\/\/www.20minutes.fr\/sante\/4158346-20250613-chikungunya-premier-cas-autochtone-decouvert-var\" class=\"color-ultramarine c-link\" target=\"_blank\" rel=\"noopener\">signal\u00e9 la semaine derni\u00e8re dans le Var<\/a>.<\/p>\n<p>Depuis le 1er\u00a0mai, 59 cas import\u00e9s de chikungunya et 40 cas import\u00e9s de dengue ont \u00e9t\u00e9 enregistr\u00e9s en Occitanie, pr\u00e9cise l\u2019ARS. \u00ab\u00a0L\u2019\u00e9tat de sant\u00e9 de la personne malade n\u2019inspire pas d\u2019inqui\u00e9tude\u00a0\u00bb, souligne l\u2019Agence de sant\u00e9 qui pr\u00e9cise que \u00ab\u00a0pour \u00e9viter la propagation du virus localement, des actions pr\u00e9ventives sont d\u00e9ploy\u00e9es sur les lieux fr\u00e9quent\u00e9s et les lieux de contamination pr\u00e9sum\u00e9s \u00e0 Prades-le-Lez\u00a0\u00bb.<\/p>\n<\/p>\n<p>Les personnes ayant fr\u00e9quent\u00e9 cette commune et ayant pr\u00e9sent\u00e9 des signes \u00e9vocateurs du chikungunya depuis d\u00e9but mai sont invit\u00e9es par l\u2019ARS \u00e0 consulter leur m\u00e9decin traitant. Le chikungunya, transmis par le moustique tigre, se caract\u00e9rise le plus souvent par une fi\u00e8vre d\u2019apparition brutale, souvent accompagn\u00e9e de douleurs articulaires s\u00e9v\u00e8res, d\u2019une conjonctivite et d\u2019\u00e9ruptions cutan\u00e9es.<\/p>\n<p>Une trentaine de cas autochtones depuis\u00a02010<\/p>\n<p>On parle de cas autochtone quand une personne a contract\u00e9 la maladie sur le territoire national et n\u2019a pas voyag\u00e9 en zone contamin\u00e9e dans les 15 jours qui pr\u00e9c\u00e8dent l\u2019apparition des sympt\u00f4mes. Un seul cas autochtone de ce virus transmis par le moustique tigre avait \u00e9t\u00e9 d\u00e9tect\u00e9 en\u00a02024 en m\u00e9tropole, en Ile-de-France, aucun en\u00a02023. Depuis\u00a02010 la France m\u00e9tropolitaine avait connu une trentaine de cas autochtones de ce virus.<\/p>\n<p>Cette ann\u00e9e, l\u2019\u00e9pid\u00e9mie de chikungunya, maladie se traduisant par des fi\u00e8vres et des douleurs articulaires, a surtout frapp\u00e9 l\u2019\u00eele de La R\u00e9union, avec 23 morts, m\u00eame si elle poursuit maintenant son d\u00e9clin. On estime que 200.000 personnes ont \u00e9t\u00e9 contamin\u00e9es dans l\u2019\u00eele depuis janvier.<\/p>\n<p><a href=\"https:\/\/www.20minutes.fr\/sante\/4148940-20250416-chikungunya-33-000-cas-dont-41-graves-six-deces-2025-epidemie-reunion-majeure-baisse\" class=\"color-ultramarine c-link\" target=\"_blank\" rel=\"noopener\">Si l\u2019\u00e9pid\u00e9mie recule franchement \u00e0 La R\u00e9union<\/a>, elle poursuit encore sa dynamique \u00e0 Mayotte, \u00e9galement dans l\u2019oc\u00e9an Indien, o\u00f9 elle s\u2019est d\u00e9clar\u00e9e plus tardivement. Les temp\u00e9ratures plus \u00e9lev\u00e9es qui touchent actuellement l\u2019Hexagone favorisent l\u2019activit\u00e9 des moustiques tigres, vecteurs de ce virus\u00a0? mais aussi de ceux de la dengue et du Zika.<\/p>\n","protected":false},"excerpt":{"rendered":"La saison des moustiques d\u00e9marre fort. Un nouveau cas autochtone de chikungunya, le deuxi\u00e8me en m\u00e9tropole depuis le&hellip;\n","protected":false},"author":2,"featured_media":181164,"comment_status":"","ping_status":"","sticky":false,"template":"","format":"standard","meta":{"footnotes":""},"categories":[10],"tags":[47,6443,16380,1011,27,72,7089,6442,2681,511,2680,883,52,882,71,7506,20966],"class_list":{"0":"post-181163","1":"post","2":"type-post","3":"status-publish","4":"format-standard","5":"has-post-thumbnail","7":"category-sante","8":"tag-actualite","9":"tag-chikungunya","10":"tag-dengue","11":"tag-fr","12":"tag-france","13":"tag-health","14":"tag-herault","15":"tag-ile-de-la-reunion","16":"tag-languedoc-roussillon","17":"tag-moustique","18":"tag-occitanie","19":"tag-paca","20":"tag-planete","21":"tag-provence-alpes-cote-dazur","22":"tag-sante","23":"tag-var","24":"tag-zika"},"share_on_mastodon":{"url":"https:\/\/pubeurope.com\/@fr\/114693832941813238","error":""},"_links":{"self":[{"href":"https:\/\/www.europesays.com\/fr\/wp-json\/wp\/v2\/posts\/181163","targetHints":{"allow":["GET"]}}],"collection":[{"href":"https:\/\/www.europesays.com\/fr\/wp-json\/wp\/v2\/posts"}],"about":[{"href":"https:\/\/www.europesays.com\/fr\/wp-json\/wp\/v2\/types\/post"}],"author":[{"embeddable":true,"href":"https:\/\/www.europesays.com\/fr\/wp-json\/wp\/v2\/users\/2"}],"replies":[{"embeddable":true,"href":"https:\/\/www.europesays.com\/fr\/wp-json\/wp\/v2\/comments?post=181163"}],"version-history":[{"count":0,"href":"https:\/\/www.europesays.com\/fr\/wp-json\/wp\/v2\/posts\/181163\/revisions"}],"wp:featuredmedia":[{"embeddable":true,"href":"https:\/\/www.europesays.com\/fr\/wp-json\/wp\/v2\/media\/181164"}],"wp:attachment":[{"href":"https:\/\/www.europesays.com\/fr\/wp-json\/wp\/v2\/media?parent=181163"}],"wp:term":[{"taxonomy":"category","embeddable":true,"href":"https:\/\/www.europesays.com\/fr\/wp-json\/wp\/v2\/categories?post=181163"},{"taxonomy":"post_tag","embeddable":true,"href":"https:\/\/www.europesays.com\/fr\/wp-json\/wp\/v2\/tags?post=181163"}],"curies":[{"name":"wp","href":"https:\/\/api.w.org\/{rel}","templated":true}]}}