{"id":18117,"date":"2025-04-11T19:51:20","date_gmt":"2025-04-11T19:51:20","guid":{"rendered":"https:\/\/www.europesays.com\/fr\/18117\/"},"modified":"2025-04-11T19:51:20","modified_gmt":"2025-04-11T19:51:20","slug":"le-systeme-de-delimitation-des-terrasses-de-restaurants-etendu-aux-marches-voici-pourquoi","status":"publish","type":"post","link":"https:\/\/www.europesays.com\/fr\/18117\/","title":{"rendered":"le syst\u00e8me de d\u00e9limitation des terrasses de restaurants \u00e9tendu aux march\u00e9s, voici pourquoi"},"content":{"rendered":"<p>            Par<br \/>\n        <strong><br \/>\n            <a href=\"https:\/\/actu.fr\/auteur\/ivan-capecchi\" title=\"Consulter tous les articles de Ivan CAPECCHI\" rel=\"nofollow noopener\" target=\"_blank\">Ivan CAPECCHI<\/a><br \/>\n        <\/strong><\/p>\n<p>        Publi\u00e9 le<\/p>\n<p>            11 avr. 2025 \u00e0 16h40<br \/>\n        ; mis \u00e0 jour le 11 avr. 2025 \u00e0 16h43    <\/p>\n<p>Jusque-l\u00e0 appliqu\u00e9 aux <a href=\"https:\/\/actu.fr\/grand-est\/strasbourg_67482\/strasbourg-les-bandes-blanches-mises-en-place-pour-dlimiter-les-terrasses-vont-elles-rester_59617004.html\" rel=\"nofollow noopener\" target=\"_blank\">terrasses des restaurants<\/a>, le syst\u00e8me de d\u00e9limitation par <a href=\"https:\/\/actu.fr\/grand-est\/strasbourg_67482\/on-nous-prend-pour-des-enfants-pourquoi-ces-bandes-blanches-enervent-les-restaurateurs_53304120.html\" rel=\"nofollow noopener\" target=\"_blank\">bandes blanches<\/a> est en train d\u2019\u00eatre \u00e9tendu sur les march\u00e9s de Strasbourg.<\/p>\n<p class=\" wall-content\">On vous explique pourquoi.<\/p>\n<p>Nouveau r\u00e8glement des march\u00e9s<\/p>\n<p class=\" wall-content\">En ce d\u00e9but d\u2019ann\u00e9e, la Ville de Strasbourg a mis en place un <strong>nouveau r\u00e8glement des march\u00e9s<\/strong>, \u00ab\u2009car le pr\u00e9c\u00e9dent, qui datait de 2015, se devait d\u2019\u00eatre toilett\u00e9\u2009\u00bb, explique Pierre Ozenne, adjoint \u00e0 la maire de Strasbourg en charge notamment des march\u00e9s.<\/p>\n<p class=\" wall-content\">C\u2019est dans le cadre de ce nouveau r\u00e8glement que la collectivit\u00e9 a souhait\u00e9 \u00ab<strong>\u2009clarifier les emplacements<\/strong> sur les 23 sites qui accueillent des march\u00e9s \u00e0 Strasbourg\u2009\u00bb.<\/p>\n<p class=\" wall-content\">Et ce, afin d\u2019avoir une <strong>meilleure r\u00e9partition entre les titulaires<\/strong>, autrement dit ceux qui b\u00e9n\u00e9ficient d\u2019une place fixe, et les autres, appel\u00e9s \u00ab\u2009voyageurs\u2009\u00bb ou \u00ab\u2009passagers\u2009\u00bb.<\/p>\n<p>Vid\u00e9os : en ce moment sur ActuD\u00e9limiter les places pour augmenter le nombre de titulaires<\/p>\n<p class=\" wall-content\">\u00ab\u2009\u00c0 Strasbourg, la r\u00e9glementation impose un <strong>quota de 10\u2009% de places r\u00e9serv\u00e9es aux voyageurs\/passagers<\/strong>, or ce quota est largement sup\u00e9rieur\u2009\u00bb, explique Pierre Ozenne. Il faut donc diminuer le nombre de voyageurs\/passagers et augmenter celui de titulaires.<\/p>\n<p class=\" wall-content\">Pour ce faire, il fallait d\u00e9j\u00e0 <strong>conna\u00eetre le nombre pr\u00e9cis de places sur chaque site<\/strong>, d\u2019o\u00f9 la n\u00e9cessit\u00e9 de les d\u00e9limiter. \u00ab\u2009Cette mat\u00e9rialisation permet de proc\u00e9der \u00e0 des vagues de titularisation de commer\u00e7ants non s\u00e9dentaires\u2009\u00bb, reformule M. Ozenne.<\/p>\n<p class=\" wall-content\">On le comprend donc\u2009: la d\u00e9limitation appliqu\u00e9e aux march\u00e9s ne vise pas \u00e0 corriger des d\u00e9bordements, comme c\u2019\u00e9tait le cas pour les terrasses des restaurants.<\/p>\n<p>\u00c0 terme, \u00ab\u2009permettre de mieux communiquer sur qui est pr\u00e9sent sur quel march\u00e9\u2009\u00bb<\/p>\n<p class=\" wall-content\">Pour M. Ozenne, ce \u00ab\u2009travail de clarification\u2009\u00bb qui vise \u00e0 augmenter le nombre de titulaires va aussi permettre de \u00ab<strong>\u2009mieux communiquer \u00e0 terme sur qui est pr\u00e9sent sur quel march\u00e9<\/strong>\u2009\u00bb.<\/p>\n<p class=\" wall-content\">\u00ab\u2009Ainsi, la client\u00e8le pourra facilement retrouver son commer\u00e7ant\u2009\u00bb, ajoute l\u2019\u00e9lu.<\/p>\n<p>Objectif\u2009: \u00ab\u2009que tout soit termin\u00e9 d\u2019ici l\u2019\u00e9t\u00e9\/l\u2019automne\u2009\u00bb<\/p>\n<p class=\" wall-content\">D\u2019apr\u00e8s ce dernier, les d\u00e9limitations ont \u00e9t\u00e9 effectu\u00e9es sur les 3\/4 des 23 sites que compte la ville.<\/p>\n<p>      <img   decoding=\"async\" loading=\"lazy\" src=\"https:\/\/www.europesays.com\/fr\/wp-content\/uploads\/2025\/04\/place-broglie-960x640.jpg\" alt=\"La d\u00e9limitation peut prendre diff\u00e9rentes formes selon le site. Voici celle en vigueur place Broglie, par exemple.\" width=\"960\" height=\"640\"\/><br \/>\n    La d\u00e9limitation peut prendre diff\u00e9rentes formes selon le site. Voici celle en vigueur place Broglie, par exemple. (\u00a9Ivan Capecchi \/ Actu Strasbourg)<\/p>\n<p class=\" wall-content\">\u00ab\u2009L\u2019objectif est que <strong>tout soit termin\u00e9 d\u2019ici l\u2019\u00e9t\u00e9\/l\u2019automne<\/strong>\u2009\u00bb, indique-t-il.<\/p>\n<p class=\" wall-content\">Suivez toute l\u2019actualit\u00e9 de vos villes et m\u00e9dias favoris en vous inscrivant \u00e0 <a href=\"https:\/\/moncompte.actu.fr\" title=\"D\u00e9couvez Mon Actu\" rel=\"nofollow noopener\" data-trk=\"{&quot;cta&quot;:{&quot;action&quot;:&quot;https:\\\/\\\/moncompte.actu.fr&quot;,&quot;category&quot;:&quot;mon compte&quot;,&quot;from&quot;:&quot;article footer&quot;,&quot;name&quot;:&quot;Mon actu&quot;,&quot;type&quot;:&quot;cta&quot;}}\" target=\"_blank\">Mon Actu<\/a>.<\/p>\n","protected":false},"excerpt":{"rendered":"Par Ivan CAPECCHI Publi\u00e9 le 11 avr. 2025 \u00e0 16h40 ; mis \u00e0 jour le 11 avr. 2025&hellip;\n","protected":false},"author":2,"featured_media":18118,"comment_status":"","ping_status":"","sticky":false,"template":"","format":"standard","meta":{"footnotes":""},"categories":[2820],"tags":[1111,11,258,1777,674,1011,27,775,12,25,104,640],"class_list":{"0":"post-18117","1":"post","2":"type-post","3":"status-publish","4":"format-standard","5":"has-post-thumbnail","7":"category-strasbourg","8":"tag-actu","9":"tag-actualites","10":"tag-alimentation","11":"tag-eu","12":"tag-europe","13":"tag-fr","14":"tag-france","15":"tag-grand-est","16":"tag-news","17":"tag-republique-francaise","18":"tag-societe","19":"tag-strasbourg"},"share_on_mastodon":{"url":"https:\/\/pubeurope.com\/@fr\/114321075958565888","error":""},"_links":{"self":[{"href":"https:\/\/www.europesays.com\/fr\/wp-json\/wp\/v2\/posts\/18117","targetHints":{"allow":["GET"]}}],"collection":[{"href":"https:\/\/www.europesays.com\/fr\/wp-json\/wp\/v2\/posts"}],"about":[{"href":"https:\/\/www.europesays.com\/fr\/wp-json\/wp\/v2\/types\/post"}],"author":[{"embeddable":true,"href":"https:\/\/www.europesays.com\/fr\/wp-json\/wp\/v2\/users\/2"}],"replies":[{"embeddable":true,"href":"https:\/\/www.europesays.com\/fr\/wp-json\/wp\/v2\/comments?post=18117"}],"version-history":[{"count":0,"href":"https:\/\/www.europesays.com\/fr\/wp-json\/wp\/v2\/posts\/18117\/revisions"}],"wp:featuredmedia":[{"embeddable":true,"href":"https:\/\/www.europesays.com\/fr\/wp-json\/wp\/v2\/media\/18118"}],"wp:attachment":[{"href":"https:\/\/www.europesays.com\/fr\/wp-json\/wp\/v2\/media?parent=18117"}],"wp:term":[{"taxonomy":"category","embeddable":true,"href":"https:\/\/www.europesays.com\/fr\/wp-json\/wp\/v2\/categories?post=18117"},{"taxonomy":"post_tag","embeddable":true,"href":"https:\/\/www.europesays.com\/fr\/wp-json\/wp\/v2\/tags?post=18117"}],"curies":[{"name":"wp","href":"https:\/\/api.w.org\/{rel}","templated":true}]}}