{"id":181178,"date":"2025-06-16T15:56:08","date_gmt":"2025-06-16T15:56:08","guid":{"rendered":"https:\/\/www.europesays.com\/fr\/181178\/"},"modified":"2025-06-16T15:56:08","modified_gmt":"2025-06-16T15:56:08","slug":"sncf-pagaille-en-heure-de-pointe-des-trains-a-saint-etienne-ce-quil-se-passe","status":"publish","type":"post","link":"https:\/\/www.europesays.com\/fr\/181178\/","title":{"rendered":"SNCF. Pagaille en heure de pointe des trains \u00e0 Saint-Etienne : ce qu&rsquo;il se passe"},"content":{"rendered":"<p>            Par<br \/>\n        <strong><br \/>\n            <a href=\"https:\/\/actu.fr\/auteur\/mathias-souteyrat\" title=\"Consulter tous les articles de Mathias Souteyrat\" target=\"_blank\" rel=\"noopener\">Mathias Souteyrat<\/a><br \/>\n        <\/strong><\/p>\n<p>        Publi\u00e9 le<\/p>\n<p>            16 juin 2025 \u00e0 17h30<br \/>\n        ; mis \u00e0 jour le 16 juin 2025 \u00e0 17h52    <\/p>\n<p>La gare de <a href=\"https:\/\/actu.fr\/tag\/gare-de-saint-etienne-chateaucreux\" target=\"_blank\" rel=\"noopener\">Saint-\u00c9tienne Ch\u00e2teaucreux<\/a> est \u00e9vacu\u00e9e ce lundi 16\u00a0juin 2025 \u00e0 16\u2009h\u200930 \u00e0 cause d\u2019une proc\u00e9dure sur un colis suspect.<\/p>\n<p class=\" wall-content\">Le trafic des trains <a href=\"https:\/\/actu.fr\/tag\/sncf\" target=\"_blank\" rel=\"noopener\">SNCF<\/a> est interrompu le temps de la proc\u00e9dure.<\/p>\n<p class=\" wall-content\">\n<p>Le trafic est tr\u00e8s perturb\u00e9 sur l\u2019\u00e9toile st\u00e9phanoise<\/p>\n<p class=\" wall-content\">\u00c0 17\u2009h, le trafic est tr\u00e8s perturb\u00e9 sur l\u2019\u00e9toile st\u00e9phanoise. Il s\u2019agit de la cons\u00e9quence de l\u2019\u00e9vacuation de la gare pour une proc\u00e9dure sur un colis suspect encore en cours.<\/p>\n<p class=\" wall-content\">Des retards \u00e0 travers la r\u00e9gion sont encore en ce d\u00e9but d\u2019heure de pointe. <strong>\u00c0 17h30, l\u2019\u00e9quipe de d\u00e9minage arrive<\/strong>, informent les services de la pr\u00e9fecture.<\/p>\n<p class=\" wall-content\">\u00c0 18h, le d\u00e9minage a \u00e9t\u00e9 r\u00e9alis\u00e9.<\/p>\n<p>Vid\u00e9os : en ce moment sur Actu<\/p>\n<p class=\" wall-content\"><strong>Plus d\u2019infos \u00e0 venir\u2026<\/strong><\/p>\n<p class=\" wall-content\">Suivez toute l\u2019actualit\u00e9 de vos villes et m\u00e9dias favoris en vous inscrivant \u00e0 <a href=\"https:\/\/moncompte.actu.fr\" title=\"D\u00e9couvez Mon Actu\" rel=\"nofollow noopener\" data-trk=\"{&quot;cta&quot;:{&quot;action&quot;:&quot;https:\\\/\\\/moncompte.actu.fr&quot;,&quot;category&quot;:&quot;mon compte&quot;,&quot;from&quot;:&quot;article footer&quot;,&quot;name&quot;:&quot;Mon actu&quot;,&quot;type&quot;:&quot;cta&quot;}}\" target=\"_blank\">Mon Actu<\/a>.<\/p>\n<ul class=\"ac-article-tag wall-content\">\n<li><a href=\"https:\/\/actu.fr\/tag\/gare-de-saint-etienne-chateaucreux\" data-trk=\"{&quot;cta&quot;:{&quot;action&quot;:&quot;Gare de Saint-\\u00c9tienne Ch\\u00e2teaucreux&quot;,&quot;category&quot;:&quot;tag&quot;,&quot;from&quot;:&quot;article footer&quot;,&quot;name&quot;:&quot;Gare de Saint-\\u00c9tienne Ch\\u00e2teaucreux&quot;,&quot;type&quot;:&quot;cta&quot;}}\" target=\"_blank\" rel=\"noopener\">#Gare de Saint-\u00c9tienne Ch\u00e2teaucreux<\/a><\/li>\n<li><a href=\"https:\/\/actu.fr\/tag\/sncf\" data-trk=\"{&quot;cta&quot;:{&quot;action&quot;:&quot;SNCF&quot;,&quot;category&quot;:&quot;tag&quot;,&quot;from&quot;:&quot;article footer&quot;,&quot;name&quot;:&quot;SNCF&quot;,&quot;type&quot;:&quot;cta&quot;}}\" target=\"_blank\" rel=\"noopener\">#SNCF<\/a><\/li>\n<\/ul>\n","protected":false},"excerpt":{"rendered":"Par Mathias Souteyrat Publi\u00e9 le 16 juin 2025 \u00e0 17h30 ; mis \u00e0 jour le 16 juin 2025&hellip;\n","protected":false},"author":2,"featured_media":181179,"comment_status":"","ping_status":"","sticky":false,"template":"","format":"standard","meta":{"footnotes":""},"categories":[9653],"tags":[1111,11,2430,1777,674,118,1011,27,31881,12,25,4001,2215],"class_list":{"0":"post-181178","1":"post","2":"type-post","3":"status-publish","4":"format-standard","5":"has-post-thumbnail","7":"category-saint-etienne","8":"tag-actu","9":"tag-actualites","10":"tag-auvergne-rhone-alpes","11":"tag-eu","12":"tag-europe","13":"tag-faits-divers","14":"tag-fr","15":"tag-france","16":"tag-gare-de-saint-etienne-chateaucreux","17":"tag-news","18":"tag-republique-francaise","19":"tag-saint-etienne","20":"tag-sncf"},"share_on_mastodon":{"url":"https:\/\/pubeurope.com\/@fr\/114693864418561349","error":""},"_links":{"self":[{"href":"https:\/\/www.europesays.com\/fr\/wp-json\/wp\/v2\/posts\/181178","targetHints":{"allow":["GET"]}}],"collection":[{"href":"https:\/\/www.europesays.com\/fr\/wp-json\/wp\/v2\/posts"}],"about":[{"href":"https:\/\/www.europesays.com\/fr\/wp-json\/wp\/v2\/types\/post"}],"author":[{"embeddable":true,"href":"https:\/\/www.europesays.com\/fr\/wp-json\/wp\/v2\/users\/2"}],"replies":[{"embeddable":true,"href":"https:\/\/www.europesays.com\/fr\/wp-json\/wp\/v2\/comments?post=181178"}],"version-history":[{"count":0,"href":"https:\/\/www.europesays.com\/fr\/wp-json\/wp\/v2\/posts\/181178\/revisions"}],"wp:featuredmedia":[{"embeddable":true,"href":"https:\/\/www.europesays.com\/fr\/wp-json\/wp\/v2\/media\/181179"}],"wp:attachment":[{"href":"https:\/\/www.europesays.com\/fr\/wp-json\/wp\/v2\/media?parent=181178"}],"wp:term":[{"taxonomy":"category","embeddable":true,"href":"https:\/\/www.europesays.com\/fr\/wp-json\/wp\/v2\/categories?post=181178"},{"taxonomy":"post_tag","embeddable":true,"href":"https:\/\/www.europesays.com\/fr\/wp-json\/wp\/v2\/tags?post=181178"}],"curies":[{"name":"wp","href":"https:\/\/api.w.org\/{rel}","templated":true}]}}