{"id":181182,"date":"2025-06-16T15:58:09","date_gmt":"2025-06-16T15:58:09","guid":{"rendered":"https:\/\/www.europesays.com\/fr\/181182\/"},"modified":"2025-06-16T15:58:09","modified_gmt":"2025-06-16T15:58:09","slug":"nancy-le-musee-lorrain-ne-rouvrira-finalement-pas-avant-2033-voici-pourquoi","status":"publish","type":"post","link":"https:\/\/www.europesays.com\/fr\/181182\/","title":{"rendered":"Nancy. Le mus\u00e9e Lorrain ne rouvrira finalement pas avant 2033 : voici pourquoi"},"content":{"rendered":"<p>            Par<br \/>\n        <strong><br \/>\n            <a href=\"https:\/\/actu.fr\/auteur\/pierre-emile-bouchy-actu-fr\" title=\"Consulter tous les articles de Paul-Emile Bouchy\" target=\"_blank\" rel=\"noopener\">Paul-Emile Bouchy<\/a><br \/>\n        <\/strong><\/p>\n<p>        Publi\u00e9 le<\/p>\n<p>            16 juin 2025 \u00e0 17h38        <\/p>\n<p>15 ans de fermeture : voil\u00e0 ce qui attend d\u00e9sormais le <strong>mus\u00e9e Lorrain<\/strong> \u00e0 <a href=\"https:\/\/actu.fr\/grand-est\/nancy_54395\" target=\"_blank\" rel=\"noopener\">Nancy<\/a> (Meurthe-et-Moselle).<\/p>\n<p class=\" wall-content\">Apr\u00e8s <a href=\"https:\/\/actu.fr\/grand-est\/nancy_54395\/nancy-a-peine-commences-les-travaux-du-musee-lorrain-suspendus-partiellement-par-la-justice_62250525.html\" target=\"_blank\" rel=\"noopener\">la d\u00e9cision de la Justice de suspendre partiellement le chantier<\/a> d\u00e9but f\u00e9vrier, la Ville de Nancy a annonc\u00e9 ce lundi 16 juin que <strong>le mus\u00e9e ne rouvrira pas avant 2033<\/strong>. On vous explique pourquoi.<\/p>\n<p>Le projet du mus\u00e9e Lorrain repart de z\u00e9ro<\/p>\n<p class=\" wall-content\">Au lendemain de la d\u00e9cision du tribunal administratif, Mathieu Klein, maire de Nancy, se voulait confiant sur l\u2019adaptation du calendrier des travaux pour \u00e9viter tout retard : \u00ab\u00a0Je dis cela sous r\u00e9serve que nous puissions confirmer dans les prochains temps la possibilit\u00e9 de cette r\u00e9organisation, mais j\u2019ai bon espoir que cela puisse \u00eatre le cas.\u00a0\u00bb<\/p>\n<p class=\" wall-content\">Quatre mois apr\u00e8s, le discours a chang\u00e9 et la Ville de Nancy a pris la d\u00e9cision d\u2019<a href=\"https:\/\/actu.fr\/grand-est\/nancy_54395\/nancy-a-quoi-va-ressembler-le-futur-musee-lorrain-on-vous-dit-tout_59675990.html\" target=\"_blank\" rel=\"noopener\">abandonner le projet actuel<\/a> <strong>pour en cr\u00e9er un nouveau<\/strong>. Celui-ci pr\u00e9voit que <strong>le mus\u00e9e Lorrain utilise uniquement les niveaux existants du palais ducal<\/strong>, et non plus un espace souterrain dans la cour.<\/p>\n<p class=\" wall-content\">Ce nouveau projet n\u00e9cessite d\u2019enclencher un nouveau processus (d\u00e9finition du programme, lancement du concours, d\u00e9signation du ma\u00eetre d\u2019\u0153uvre, choix des entreprises) qui renvoie \u00e0 <strong>un d\u00e9but du chantier \u00e0 la fin de l\u2019ann\u00e9e 2029<\/strong>. Selon la municipalit\u00e9, plus de trois ans de travaux sont pr\u00e9vus, soit <strong>une livraison pour 2033<\/strong>.<\/p>\n<p>Vid\u00e9os : en ce moment sur ActuUne r\u00e9orientation du projet guid\u00e9e par une pr\u00e9occupation budg\u00e9taire<\/p>\n<p class=\" wall-content\">Mathieu Klein justifie cette d\u00e9cision par une question financi\u00e8re : \u00ab\u00a0<strong>Nous sommes \u00e0 ce jour dans une situation qui n\u2019est d\u00e9sormais plus soutenable.<\/strong> Nous \u00e9tions partis d\u2019une enveloppe de 43 millions d\u2019euros HT en 2017, r\u00e9\u00e9valu\u00e9e \u00e0 51 millions d\u2019euros en 2024 et \u00e9valu\u00e9e cette ann\u00e9e \u00e0 54,5 millions d\u2019euros. Chaque semestre qui passe, c\u2019est un montant de l\u2019ordre d\u2019un million d\u2019euros suppl\u00e9mentaire qui vient s\u2019ajouter \u00e0 la note.\u00a0\u00bb Soit <strong>12 millions d\u2019euros qui s\u2019ajoute \u00e0 la charge de la Ville<\/strong> par rapport au budget initial.<\/p>\n<blockquote class=\"ac-article-quote wall-content\">\n<p>Je suis soucieux que nous puissions reprendre un projet qui soit \u00e0 la fois conforme aux objectifs historiques, culturels et patrimoniaux majeurs que recouvre le mus\u00e9e Lorrain, mais qui soit aussi inscrit dans une trajectoire financi\u00e8re qui n&rsquo;est pas hors de contr\u00f4le et une trajectoire financi\u00e8re ma\u00eetris\u00e9e.<\/p>\n<p>    <strong>Mathieu Klein<\/strong><br \/>\n        Maire de Nancy    <\/p><\/blockquote>\n<p class=\" wall-content\">La Ville estime qu\u2019aujourd\u2019hui \u00ab\u00a0la balance b\u00e9n\u00e9fice-risque du projet n\u2019est plus \u00e9quilibr\u00e9e\u00a0\u00bb et qu\u2019il n\u2019y a donc plus de raison \u00e0 le poursuivre. \u00ab\u00a0<strong>Le compteur tourne et je n\u2019ai pas de perspectives sur le montant final<\/strong>. C\u2019est pour \u00e7a que je parle de reprise de contr\u00f4le\u00a0\u00bb, indique le maire de Nancy<\/p>\n<p class=\" wall-content\">S\u2019il est impossible pour le moment de chiffrer le nouveau projet du mus\u00e9e Lorrain, Mathieu Klein assure \u00ab\u00a0qu\u2019on sera \u00e0 <strong>plusieurs millions d\u2019euros de moins que le prix final du projet actuel<\/strong>\u00a0\u00bb qui allait continuer \u00e0 augmenter.<\/p>\n<p>Les travaux actuels du mus\u00e9e Lorrain continuent<\/p>\n<p class=\" wall-content\">N\u00e9anmoins, <a href=\"https:\/\/actu.fr\/grand-est\/nancy_54395\/debut-des-travaux-du-musee-lorrain-a-nancy-on-fait-le-point-sur-les-perturbations_61824760.html\" target=\"_blank\" rel=\"noopener\">le chantier du mus\u00e9e Lorrain<\/a> qui a d\u00e9but\u00e9 en novembre 2024 va se poursuivre.<\/p>\n<p class=\" wall-content\">Les travaux en cours consistent \u00e0 la reprise des fondations du palais ducal, essentielles pour l\u2019avenir du b\u00e2timent.\u00a0<\/p>\n<p class=\" wall-content\">Suivez toute l\u2019actualit\u00e9 de vos villes et m\u00e9dias favoris en vous inscrivant \u00e0 <a href=\"https:\/\/moncompte.actu.fr\" title=\"D\u00e9couvez Mon Actu\" rel=\"nofollow noopener\" data-trk=\"{&quot;cta&quot;:{&quot;action&quot;:&quot;https:\\\/\\\/moncompte.actu.fr&quot;,&quot;category&quot;:&quot;mon compte&quot;,&quot;from&quot;:&quot;article footer&quot;,&quot;name&quot;:&quot;Mon actu&quot;,&quot;type&quot;:&quot;cta&quot;}}\" target=\"_blank\">Mon Actu<\/a>.<\/p>\n","protected":false},"excerpt":{"rendered":"Par Paul-Emile Bouchy Publi\u00e9 le 16 juin 2025 \u00e0 17h38 15 ans de fermeture : voil\u00e0 ce qui&hellip;\n","protected":false},"author":2,"featured_media":181183,"comment_status":"","ping_status":"","sticky":false,"template":"","format":"standard","meta":{"footnotes":""},"categories":[9635],"tags":[1111,11,1777,674,1011,27,775,31882,1702,12,2551,25,104,2086],"class_list":{"0":"post-181182","1":"post","2":"type-post","3":"status-publish","4":"format-standard","5":"has-post-thumbnail","7":"category-nancy","8":"tag-actu","9":"tag-actualites","10":"tag-eu","11":"tag-europe","12":"tag-fr","13":"tag-france","14":"tag-grand-est","15":"tag-musee-lorrain","16":"tag-nancy","17":"tag-news","18":"tag-patrimoine","19":"tag-republique-francaise","20":"tag-societe","21":"tag-travaux"},"share_on_mastodon":{"url":"https:\/\/pubeurope.com\/@fr\/114693872384211087","error":""},"_links":{"self":[{"href":"https:\/\/www.europesays.com\/fr\/wp-json\/wp\/v2\/posts\/181182","targetHints":{"allow":["GET"]}}],"collection":[{"href":"https:\/\/www.europesays.com\/fr\/wp-json\/wp\/v2\/posts"}],"about":[{"href":"https:\/\/www.europesays.com\/fr\/wp-json\/wp\/v2\/types\/post"}],"author":[{"embeddable":true,"href":"https:\/\/www.europesays.com\/fr\/wp-json\/wp\/v2\/users\/2"}],"replies":[{"embeddable":true,"href":"https:\/\/www.europesays.com\/fr\/wp-json\/wp\/v2\/comments?post=181182"}],"version-history":[{"count":0,"href":"https:\/\/www.europesays.com\/fr\/wp-json\/wp\/v2\/posts\/181182\/revisions"}],"wp:featuredmedia":[{"embeddable":true,"href":"https:\/\/www.europesays.com\/fr\/wp-json\/wp\/v2\/media\/181183"}],"wp:attachment":[{"href":"https:\/\/www.europesays.com\/fr\/wp-json\/wp\/v2\/media?parent=181182"}],"wp:term":[{"taxonomy":"category","embeddable":true,"href":"https:\/\/www.europesays.com\/fr\/wp-json\/wp\/v2\/categories?post=181182"},{"taxonomy":"post_tag","embeddable":true,"href":"https:\/\/www.europesays.com\/fr\/wp-json\/wp\/v2\/tags?post=181182"}],"curies":[{"name":"wp","href":"https:\/\/api.w.org\/{rel}","templated":true}]}}