{"id":18119,"date":"2025-04-11T19:52:12","date_gmt":"2025-04-11T19:52:12","guid":{"rendered":"https:\/\/www.europesays.com\/fr\/18119\/"},"modified":"2025-04-11T19:52:12","modified_gmt":"2025-04-11T19:52:12","slug":"toute-lactu-top-music-les-vitrines-de-strasbourg-tirent-la-sonnette-dalarme","status":"publish","type":"post","link":"https:\/\/www.europesays.com\/fr\/18119\/","title":{"rendered":"Toute l&rsquo;actu Top Music &#8211; Les Vitrines de Strasbourg tirent la sonnette d\u2019alarme"},"content":{"rendered":"<p><img decoding=\"async\" class=\"\" style=\"width:100%\" src=\"https:\/\/www.europesays.com\/fr\/wp-content\/uploads\/2025\/04\/IMG_4527__1_1744381698616.webp.webp\" alt=\"Les travaux au centre-ville de Strasbourg impactent les commer\u00e7ants.\"\/><\/p>\n<p>Les travaux au centre-ville de Strasbourg impactent les commer\u00e7ants.<\/p>\n<p>Cr\u00e9dit : Top Music &#8211; JC<\/p>\n<p class=\"x_p3\" style=\"text-align: justify;\">Face \u00e0 la situation actuelle, les commer\u00e7ants du centre-ville de Strasbourg sont tous inquiets. \u00ab On sait qu&rsquo;en moyenne on est <strong>entre 6 et 11% de fr\u00e9quentation<\/strong> en moins par rapport \u00e0 l&rsquo;ann\u00e9e derni\u00e8re sur la p\u00e9riode janvier-mars \u00bb, explique Gwenn Bauer, pr\u00e9sident des Vitrines de Strasbourg. Selon eux, c\u2019est en partie d\u00fb \u00e0 l<strong>a difficult\u00e9 d\u2019acc\u00e9der au centre ville<\/strong> avec les nombreux <strong>travaux <\/strong>et leurs signal\u00e9tiques inexistantes (notamment \u00e0 la Place des Halles). \u00ab C\u2019est une bonne chose les travaux, on sait que le r\u00e9sultat sera b\u00e9n\u00e9fique. <strong>Mais pendant, \u00e7a nous p\u00e9nalise<\/strong>, on souhaite \u00eatre accompagn\u00e9s \u00bb, explique Gwenn Bauer. Le probl\u00e8me du <strong>prix du stationnement <\/strong>a \u00e9t\u00e9 \u00e9galement soulev\u00e9.<\/p>\n<p class=\"x_p3\"><strong>De la violence et des d\u00e9gradations\u00a0<\/strong><\/p>\n<p class=\"x_p3\" style=\"text-align: justify;\">Les boutiques du centre-ville de Strasbourg font aussi face \u00e0 un sentiment <strong>d\u2019ins\u00e9curit\u00e9<\/strong>, qui devient de plus en plus fort. \u00ab On a beaucoup <strong>de vols \u00e0 l&rsquo;\u00e9talage.<\/strong> Ce n&rsquo;est plus forc\u00e9ment des magasins de technologies ou de luxe qui sont touch\u00e9s. O<strong>n va voler du th\u00e9 et m\u00eame du chocolat <\/strong><strong>dans certaines boutiques strasbourgeoises. <\/strong>Les gens viennent, se servent et repartent en toute impunit\u00e9 \u00bb, lance Gwenn Bauer. Il y a 15 jours, la patisserie Christian de la place de la Cath\u00e9drale <strong>a eu une intervention de la BAC.<\/strong>\u00a0Les Vitrines de Strasbourg demandent \u00e0 la Ville d\u2019avoir des brigades de police dans le centre.<\/p>\n<p class=\"x_p3\">\u00a0<\/p>\n","protected":false},"excerpt":{"rendered":"Les travaux au centre-ville de Strasbourg impactent les commer\u00e7ants. Cr\u00e9dit : Top Music &#8211; JC Face \u00e0 la&hellip;\n","protected":false},"author":2,"featured_media":18120,"comment_status":"","ping_status":"","sticky":false,"template":"","format":"standard","meta":{"footnotes":""},"categories":[2820],"tags":[1111,11,2389,2649,7228,7230,7227,7229,1777,674,1011,27,775,1637,12,25,6720,640,809,7231,2692],"class_list":{"0":"post-18119","1":"post","2":"type-post","3":"status-publish","4":"format-standard","5":"has-post-thumbnail","7":"category-strasbourg","8":"tag-actu","9":"tag-actualites","10":"tag-alsace","11":"tag-bas-rhin","12":"tag-boutiques","13":"tag-commercants","14":"tag-commerces","15":"tag-degradations","16":"tag-eu","17":"tag-europe","18":"tag-fr","19":"tag-france","20":"tag-grand-est","21":"tag-haut-rhin","22":"tag-news","23":"tag-republique-francaise","24":"tag-shopping","25":"tag-strasbourg","26":"tag-violence","27":"tag-vitrines-strasbourg","28":"tag-vols"},"share_on_mastodon":{"url":"https:\/\/pubeurope.com\/@fr\/114321079955456535","error":""},"_links":{"self":[{"href":"https:\/\/www.europesays.com\/fr\/wp-json\/wp\/v2\/posts\/18119","targetHints":{"allow":["GET"]}}],"collection":[{"href":"https:\/\/www.europesays.com\/fr\/wp-json\/wp\/v2\/posts"}],"about":[{"href":"https:\/\/www.europesays.com\/fr\/wp-json\/wp\/v2\/types\/post"}],"author":[{"embeddable":true,"href":"https:\/\/www.europesays.com\/fr\/wp-json\/wp\/v2\/users\/2"}],"replies":[{"embeddable":true,"href":"https:\/\/www.europesays.com\/fr\/wp-json\/wp\/v2\/comments?post=18119"}],"version-history":[{"count":0,"href":"https:\/\/www.europesays.com\/fr\/wp-json\/wp\/v2\/posts\/18119\/revisions"}],"wp:featuredmedia":[{"embeddable":true,"href":"https:\/\/www.europesays.com\/fr\/wp-json\/wp\/v2\/media\/18120"}],"wp:attachment":[{"href":"https:\/\/www.europesays.com\/fr\/wp-json\/wp\/v2\/media?parent=18119"}],"wp:term":[{"taxonomy":"category","embeddable":true,"href":"https:\/\/www.europesays.com\/fr\/wp-json\/wp\/v2\/categories?post=18119"},{"taxonomy":"post_tag","embeddable":true,"href":"https:\/\/www.europesays.com\/fr\/wp-json\/wp\/v2\/tags?post=18119"}],"curies":[{"name":"wp","href":"https:\/\/api.w.org\/{rel}","templated":true}]}}