{"id":181194,"date":"2025-06-16T16:04:10","date_gmt":"2025-06-16T16:04:10","guid":{"rendered":"https:\/\/www.europesays.com\/fr\/181194\/"},"modified":"2025-06-16T16:04:10","modified_gmt":"2025-06-16T16:04:10","slug":"canteleu-peu-connaissent-ce-concept-ce-jeune-couple-recoit-des-campeurs-du-monde-entier-dans-leur-jardin","status":"publish","type":"post","link":"https:\/\/www.europesays.com\/fr\/181194\/","title":{"rendered":"Canteleu. \u00ab\u00a0Peu connaissent ce concept\u00a0\u00bb, ce jeune couple re\u00e7oit des campeurs du monde entier dans leur jardin"},"content":{"rendered":"<p>            Par<br \/>\n        <strong><br \/>\n            <a href=\"https:\/\/actu.fr\/auteur\/thomas-rideau\" title=\"Consulter tous les articles de Thomas Rideau\" rel=\"nofollow noopener\" target=\"_blank\">Thomas Rideau<\/a><br \/>\n        <\/strong><\/p>\n<p>        Publi\u00e9 le<\/p>\n<p>            16 juin 2025 \u00e0 17h48        <\/p>\n<p>Cela fait maintenant<strong> quatre ans<\/strong> que Vinciane et Mathieu, un couple de <a href=\"https:\/\/actu.fr\/normandie\/canteleu_76157\" rel=\"nofollow noopener\" target=\"_blank\">Canteleu (Seine-Maritime)<\/a>, se sont lanc\u00e9s dans le \u00ab\u2009gamping\u2009\u00bb, un<strong> concept \u00e9conomique et humain<\/strong>, o\u00f9 il est possible de dormir chez l\u2019habitant.<\/p>\n<p class=\" wall-content\">Cette id\u00e9e n\u2019est <strong>pas arriv\u00e9e par hasard<\/strong>. En effet, lors de leurs vacances, en Corse, Vinciane et son mari d\u00e9couvrent ce syst\u00e8me\u2009: \u00ab\u2009ils [leurs h\u00f4tes] nous accueillent seulement et, en plus, ils ne d\u00e9pensent rien\u2009\u00bb, pr\u00e9sentent-ils.<\/p>\n<p class=\" wall-content\">L\u2019envie leur prend de r\u00e9aliser la m\u00eame chose chez eux : <strong>accueillir dans leur espace ext\u00e9rieur des campeurs en tente, en van ou bien en camping-car. <\/strong><\/p>\n<p>Qui vient chez eux\u2009?<\/p>\n<p class=\" wall-content\">Ils s\u2019inscrivent alors sur une plateforme dans laquelle <a href=\"https:\/\/campspace.com\/fr\/s\/campspace-in-rouen-normandie_14784\" rel=\"nofollow noopener\" target=\"_blank\">leur annonce<\/a> est publi\u00e9e.<\/p>\n<p class=\" wall-content\">\u00ab\u2009Au moins 80\u2009% d\u2019entre eux sont des internationaux, venant de la Belgique, Allemagne, ou encore des Pays-Bas. <strong>Peu de fran\u00e7ais connaissent ce concept<\/strong> et gardent leurs habitudes, celles de r\u00e9server des h\u00f4tels ou des logements en Airbnb\u2009\u00bb, confirme Vinciane, avec insistance.<\/p>\n<p>Plus de 300 campeurs accueillis l&rsquo;ann\u00e9e derni\u00e8re<\/p>\n<p>Apr\u00e8s avoir accueilli plus de 300 campeurs, depuis l\u2019ann\u00e9e derni\u00e8re, Vinciane et Mathieu sont en relation avec les Scouts de Rouen. En effet, ces derniers, \u00e0 la recherche de terrain, ont accept\u00e9 de camper dans leur jardin. Rien ne les emp\u00eache de continuer leurs habitudes : jouer de la guitare, allumer le feu gr\u00e2ce aux bois pr\u00e9sents ou encore les responsabiliser, en effectuant un travail d\u2019\u00e9quipe (coup de main dans le jardin, r\u00e9colter les \u0153ufs des poules ou bien jeter les poubelles).<\/p>\n<p>Vid\u00e9os : en ce moment sur Actu<\/p>\n<p class=\" wall-content\">L\u2019ensemble des campeurs reste en moyenne une nuit. Quatre au maximum. \u00ab\u2009En g\u00e9n\u00e9ral, ce sont des couples ou <strong>des personnes seules<\/strong> qui viennent, mais il y a aussi des familles. Tout d\u00e9pend de la p\u00e9riode\u2009\u00bb, ajoutent-ils. En effet, si certains sont \u00e0 la d\u00e9couverte <strong>de la r\u00e9gion normande<\/strong>, d\u2019autres s\u2019arr\u00eatent, ici, comme une \u00ab\u2009ville \u00e9tape\u2009\u00bb pour se reposer et se d\u00e9payser.<\/p>\n<p>En quoi \u00e7a change du camping\u2009?<\/p>\n<p class=\" wall-content\">\u00c0 <strong>15\u20ac la nuit<\/strong>, Mathieu et Vinciane proposent des emplacements libres, en tente dans leur for\u00eat (c\u00f4t\u00e9 jardin) ou dans leur grande all\u00e9e, devant la barri\u00e8re. \u00ab\u2009Ici, deux <a href=\"https:\/\/actu.fr\/tag\/camping-car\" rel=\"nofollow noopener\" target=\"_blank\">camping-cars<\/a> peuvent tr\u00e8s bien se garer et s\u2019installer\u2009\u00bb. Si la localisation de la maison est parfaite, gr\u00e2ce \u00e0 l\u2019acc\u00e8s direct vers Rouen, le couple mise aussi sur le c\u00f4t\u00e9 nature et efficace de leur chez-soi.<\/p>\n<p>    <img   decoding=\"async\" loading=\"lazy\" src=\"https:\/\/www.europesays.com\/fr\/wp-content\/uploads\/2025\/06\/scouts-960x640.jpg\" alt=\"Parmi les visiteurs accueillis par le couple de Canteleu, des scouts.\" width=\"960\" height=\"640\"\/><br \/>\n    Parmi les visiteurs accueillis par le couple de Canteleu, des scouts. (\u00a9Document transmis)<\/p>\n<p class=\" wall-content\">Toilettes s\u00e8ches, frigo, micro-onde et \u00e9vier, les campeurs ont un minimum de confort. \u00ab\u2009Les gens qui viennent ici ne sont pas exigeants, il y a de tout et ne s\u2019ennuient pas\u2009\u00bb, conclut Vinciane, apr\u00e8s avoir fait le tour du jardin.<\/p>\n<p class=\" wall-content\"><strong>Ivanna RAZAFINDRAZAKA<\/strong><\/p>\n<p>Suivez l\u2019actualit\u00e9 de Rouen <a href=\"https:\/\/www.whatsapp.com\/channel\/0029VaKfnf99hXF2ddApFB1D\" rel=\"nofollow noopener\" target=\"_blank\">sur notre cha\u00eene WhatsApp<\/a> et <a href=\"https:\/\/www.tiktok.com\/@76actu.fr?lang=fr\" rel=\"nofollow noopener\" target=\"_blank\">sur notre compte TikTok<\/a><\/p>\n<p class=\" wall-content\">Suivez toute l\u2019actualit\u00e9 de vos villes et m\u00e9dias favoris en vous inscrivant \u00e0 <a href=\"https:\/\/moncompte.actu.fr\" title=\"D\u00e9couvez Mon Actu\" rel=\"nofollow noopener\" data-trk=\"{&quot;cta&quot;:{&quot;action&quot;:&quot;https:\\\/\\\/moncompte.actu.fr&quot;,&quot;category&quot;:&quot;mon compte&quot;,&quot;from&quot;:&quot;article footer&quot;,&quot;name&quot;:&quot;Mon actu&quot;,&quot;type&quot;:&quot;cta&quot;}}\" target=\"_blank\">Mon Actu<\/a>.<\/p>\n<p>                    <script async src=\"\/\/www.tiktok.com\/embed.js\"><\/script><\/p>\n","protected":false},"excerpt":{"rendered":"Par Thomas Rideau Publi\u00e9 le 16 juin 2025 \u00e0 17h48 Cela fait maintenant quatre ans que Vinciane et&hellip;\n","protected":false},"author":2,"featured_media":181195,"comment_status":"","ping_status":"","sticky":false,"template":"","format":"standard","meta":{"footnotes":""},"categories":[9587],"tags":[1111,11,24692,11199,1777,674,1011,27,1757,12,5161,25,9590],"class_list":{"0":"post-181194","1":"post","2":"type-post","3":"status-publish","4":"format-standard","5":"has-post-thumbnail","7":"category-rouen","8":"tag-actu","9":"tag-actualites","10":"tag-camping","11":"tag-camping-car","12":"tag-eu","13":"tag-europe","14":"tag-fr","15":"tag-france","16":"tag-insolite","17":"tag-news","18":"tag-normandie","19":"tag-republique-francaise","20":"tag-rouen"},"share_on_mastodon":{"url":"https:\/\/pubeurope.com\/@fr\/114693895923905238","error":""},"_links":{"self":[{"href":"https:\/\/www.europesays.com\/fr\/wp-json\/wp\/v2\/posts\/181194","targetHints":{"allow":["GET"]}}],"collection":[{"href":"https:\/\/www.europesays.com\/fr\/wp-json\/wp\/v2\/posts"}],"about":[{"href":"https:\/\/www.europesays.com\/fr\/wp-json\/wp\/v2\/types\/post"}],"author":[{"embeddable":true,"href":"https:\/\/www.europesays.com\/fr\/wp-json\/wp\/v2\/users\/2"}],"replies":[{"embeddable":true,"href":"https:\/\/www.europesays.com\/fr\/wp-json\/wp\/v2\/comments?post=181194"}],"version-history":[{"count":0,"href":"https:\/\/www.europesays.com\/fr\/wp-json\/wp\/v2\/posts\/181194\/revisions"}],"wp:featuredmedia":[{"embeddable":true,"href":"https:\/\/www.europesays.com\/fr\/wp-json\/wp\/v2\/media\/181195"}],"wp:attachment":[{"href":"https:\/\/www.europesays.com\/fr\/wp-json\/wp\/v2\/media?parent=181194"}],"wp:term":[{"taxonomy":"category","embeddable":true,"href":"https:\/\/www.europesays.com\/fr\/wp-json\/wp\/v2\/categories?post=181194"},{"taxonomy":"post_tag","embeddable":true,"href":"https:\/\/www.europesays.com\/fr\/wp-json\/wp\/v2\/tags?post=181194"}],"curies":[{"name":"wp","href":"https:\/\/api.w.org\/{rel}","templated":true}]}}