{"id":181198,"date":"2025-06-16T16:06:25","date_gmt":"2025-06-16T16:06:25","guid":{"rendered":"https:\/\/www.europesays.com\/fr\/181198\/"},"modified":"2025-06-16T16:06:25","modified_gmt":"2025-06-16T16:06:25","slug":"une-balle-retrouvee-dans-une-salle-de-classe-les-faits-survenus-durant-le-week-end","status":"publish","type":"post","link":"https:\/\/www.europesays.com\/fr\/181198\/","title":{"rendered":"une balle retrouv\u00e9e dans une salle de classe, les faits survenus durant le week-end ?"},"content":{"rendered":"<p itemprop=\"description\"><strong>Ce lundi matin, avant l&rsquo;ouverture des classes, des policiers ont fait irruption dans l&rsquo;\u00e9cole maternelle Auguste-Delaune \u00e0 Echirolles.<\/strong><\/p>\n<p>Les forces de l&rsquo;ordre avaient \u00e9t\u00e9 pr\u00e9venues qu&rsquo;une balle avait \u00e9t\u00e9 retrouv\u00e9e dans l&rsquo;une des salles accueillant les enfants. Selon <a href=\"https:\/\/c.ledauphine.com\/faits-divers-justice\/2025\/06\/16\/une-ogive-de-balle-trouvee-dans-une-ecole-maternelle-au-village-2\" target=\"_blank\" rel=\"noopener nofollow\">le Dauphin\u00e9 Lib\u00e9r\u00e9<\/a>, seule l&rsquo;ogive du projectile a \u00e9t\u00e9 retrouv\u00e9e.<\/p>\n<p>Une enqu\u00eate a imm\u00e9diatement ouverte. Selon les premiers t\u00e9moignages, des coups de feu ont retenti aux abords de l&rsquo;\u00e9cole du quartier du Village 2 samedi matin. Un habitant aurait m\u00eame confi\u00e9 au journal local que les tirs visaient les fa\u00e7ades de l&rsquo;\u00e9cole, ainsi que celles de la cr\u00e8che voisine Les Lucioles. Mais aucune trace d&rsquo;impact de balle n&rsquo;a \u00e9t\u00e9 d\u00e9couverte sur place.<\/p>\n<p>Aucun bless\u00e9 n&rsquo;est \u00e0 d\u00e9plorer.<\/p>\n","protected":false},"excerpt":{"rendered":"Ce lundi matin, avant l&rsquo;ouverture des classes, des policiers ont fait irruption dans l&rsquo;\u00e9cole maternelle Auguste-Delaune \u00e0 Echirolles.&hellip;\n","protected":false},"author":2,"featured_media":181199,"comment_status":"","ping_status":"","sticky":false,"template":"","format":"standard","meta":{"footnotes":""},"categories":[9566],"tags":[1111,11,7733,8279,2430,7736,650,7734,2889,2263,1777,674,1011,27,2731,8280,6417,1114,108,4662,12,3725,1825,25,7737],"class_list":{"0":"post-181198","1":"post","2":"type-post","3":"status-publish","4":"format-standard","5":"has-post-thumbnail","7":"category-grenoble","8":"tag-actu","9":"tag-actualites","10":"tag-alpes","11":"tag-alpes1","12":"tag-auvergne-rhone-alpes","13":"tag-cds","14":"tag-cinema","15":"tag-ecoute","16":"tag-emission","17":"tag-equipe","18":"tag-eu","19":"tag-europe","20":"tag-fr","21":"tag-france","22":"tag-grenoble","23":"tag-haute","24":"tag-information","25":"tag-infos","26":"tag-isere","27":"tag-journal","28":"tag-news","29":"tag-podcast","30":"tag-radio","31":"tag-republique-francaise","32":"tag-winamp"},"share_on_mastodon":{"url":"https:\/\/pubeurope.com\/@fr\/114693903719944870","error":""},"_links":{"self":[{"href":"https:\/\/www.europesays.com\/fr\/wp-json\/wp\/v2\/posts\/181198","targetHints":{"allow":["GET"]}}],"collection":[{"href":"https:\/\/www.europesays.com\/fr\/wp-json\/wp\/v2\/posts"}],"about":[{"href":"https:\/\/www.europesays.com\/fr\/wp-json\/wp\/v2\/types\/post"}],"author":[{"embeddable":true,"href":"https:\/\/www.europesays.com\/fr\/wp-json\/wp\/v2\/users\/2"}],"replies":[{"embeddable":true,"href":"https:\/\/www.europesays.com\/fr\/wp-json\/wp\/v2\/comments?post=181198"}],"version-history":[{"count":0,"href":"https:\/\/www.europesays.com\/fr\/wp-json\/wp\/v2\/posts\/181198\/revisions"}],"wp:featuredmedia":[{"embeddable":true,"href":"https:\/\/www.europesays.com\/fr\/wp-json\/wp\/v2\/media\/181199"}],"wp:attachment":[{"href":"https:\/\/www.europesays.com\/fr\/wp-json\/wp\/v2\/media?parent=181198"}],"wp:term":[{"taxonomy":"category","embeddable":true,"href":"https:\/\/www.europesays.com\/fr\/wp-json\/wp\/v2\/categories?post=181198"},{"taxonomy":"post_tag","embeddable":true,"href":"https:\/\/www.europesays.com\/fr\/wp-json\/wp\/v2\/tags?post=181198"}],"curies":[{"name":"wp","href":"https:\/\/api.w.org\/{rel}","templated":true}]}}