{"id":181206,"date":"2025-06-16T16:10:12","date_gmt":"2025-06-16T16:10:12","guid":{"rendered":"https:\/\/www.europesays.com\/fr\/181206\/"},"modified":"2025-06-16T16:10:12","modified_gmt":"2025-06-16T16:10:12","slug":"transports-le-pass-jeunes-grand-est-grenzenlos-est-reconduit-pour-les-francais-et-allemands-cet-ete","status":"publish","type":"post","link":"https:\/\/www.europesays.com\/fr\/181206\/","title":{"rendered":"Transports. Le pass Jeunes Grand Est\/Grenzenlos est reconduit pour les Fran\u00e7ais et Allemands cet \u00e9t\u00e9"},"content":{"rendered":"<p>Cet \u00e9t\u00e9, les Fran\u00e7ais et les Allemands de moins de 28 ans peuvent repartir \u00e0 l\u2019aventure en train depuis Strasbourg ou Mulhouse vers Paris, Stuttgart, Sarrebruck ou Mayence\u2026 et sans payer plus. La r\u00e9gion Grand Est et ses voisins allemands du Bade-Wurtemberg, Rh\u00e9nanie-Palatinat et Sarre, reconduisent le pass Jeunes Grand Est\/Grenzenlos (\u201csans fronti\u00e8res\u201d ou \u201cillimit\u00e9\u201d).<\/p>\n<p>  29 \u20ac par mois pour voyager sans limite<\/p>\n<p>En vente depuis le 5\u00a0juin au tarif de 29\u00a0\u20ac par mois, ce pass leur permet de voyager sans limite sur le r\u00e9seau r\u00e9gional Fluo (trains et cars) ainsi que dans les trois L\u00e4nder allemands voisins. Il est valable\u00a0dans les trains IRE, RB, RE et S-Bahnen, les trains TER Fluo et les bus Car TER Fluo. La r\u00e9servation est obligatoire sur les lignes\u00a0: Paris Gare de l\u2019Est et Epernay\/Ch\u00e2lons-en- Champagne\/Strasbourg ou Paris Gare de l\u2019Est et Troyes\/Chaumont\/Mulhouse pour les origines\/destinations Paris.<\/p>\n<p>  \u00c9norme succ\u00e8s en 2024<\/p>\n<p><a href=\"https:\/\/www.dna.fr\/transport\/2024\/09\/18\/succes-du-pass-jeune-grand-est-grenzenlos-aupres-des-jeunes-francais-et-allemands\" target=\"_blank\" rel=\"noopener\">Disponible en juillet et ao\u00fbt\u00a02024<\/a> , il avait rencontr\u00e9 un franc succ\u00e8s avec 20\u00a0700 pass vendus dans le Grand Est. Pr\u00e8s d\u2019un quart des utilisateurs du pass Fluo Grand Est avaient profit\u00e9 de cette offre pour se rendre en Allemagne. De leur c\u00f4t\u00e9, les jeunes Allemands d\u00e9tenteurs du Deutschlandticket avaient pu circuler plus facilement sur le r\u00e9seau Fluo du Grand Est.<\/p>\n<p class=\"note\">\u00a0Sites : <a href=\"https:\/\/www.ter.sncf.com\/grand-est\/tarifs-cartes\/bons-plans\/pass-jeune\" target=\"_blank\" rel=\"noopener\">www.ter.sncf.com\/grand-est\/tarifs-cartes\/bons-plans\/pass-jeune, <\/a> et aussi SNCF-Connect, DB Fahrplanauskunft, saarvv.de et bwegt.de<\/p>\n","protected":false},"excerpt":{"rendered":"Cet \u00e9t\u00e9, les Fran\u00e7ais et les Allemands de moins de 28 ans peuvent repartir \u00e0 l\u2019aventure en train&hellip;\n","protected":false},"author":2,"featured_media":181207,"comment_status":"","ping_status":"","sticky":false,"template":"","format":"standard","meta":{"footnotes":""},"categories":[2820],"tags":[1111,11,2389,4523,130,33,1777,674,107,1011,27,775,12,25,104,640,2803],"class_list":{"0":"post-181206","1":"post","2":"type-post","3":"status-publish","4":"format-standard","5":"has-post-thumbnail","7":"category-strasbourg","8":"tag-actu","9":"tag-actualites","10":"tag-alsace","11":"tag-conseils-pratiques","12":"tag-consommation","13":"tag-economie","14":"tag-eu","15":"tag-europe","16":"tag-fil-info","17":"tag-fr","18":"tag-france","19":"tag-grand-est","20":"tag-news","21":"tag-republique-francaise","22":"tag-societe","23":"tag-strasbourg","24":"tag-transport"},"share_on_mastodon":{"url":"https:\/\/pubeurope.com\/@fr\/114693919517979908","error":""},"_links":{"self":[{"href":"https:\/\/www.europesays.com\/fr\/wp-json\/wp\/v2\/posts\/181206","targetHints":{"allow":["GET"]}}],"collection":[{"href":"https:\/\/www.europesays.com\/fr\/wp-json\/wp\/v2\/posts"}],"about":[{"href":"https:\/\/www.europesays.com\/fr\/wp-json\/wp\/v2\/types\/post"}],"author":[{"embeddable":true,"href":"https:\/\/www.europesays.com\/fr\/wp-json\/wp\/v2\/users\/2"}],"replies":[{"embeddable":true,"href":"https:\/\/www.europesays.com\/fr\/wp-json\/wp\/v2\/comments?post=181206"}],"version-history":[{"count":0,"href":"https:\/\/www.europesays.com\/fr\/wp-json\/wp\/v2\/posts\/181206\/revisions"}],"wp:featuredmedia":[{"embeddable":true,"href":"https:\/\/www.europesays.com\/fr\/wp-json\/wp\/v2\/media\/181207"}],"wp:attachment":[{"href":"https:\/\/www.europesays.com\/fr\/wp-json\/wp\/v2\/media?parent=181206"}],"wp:term":[{"taxonomy":"category","embeddable":true,"href":"https:\/\/www.europesays.com\/fr\/wp-json\/wp\/v2\/categories?post=181206"},{"taxonomy":"post_tag","embeddable":true,"href":"https:\/\/www.europesays.com\/fr\/wp-json\/wp\/v2\/tags?post=181206"}],"curies":[{"name":"wp","href":"https:\/\/api.w.org\/{rel}","templated":true}]}}