{"id":181210,"date":"2025-06-16T16:12:10","date_gmt":"2025-06-16T16:12:10","guid":{"rendered":"https:\/\/www.europesays.com\/fr\/181210\/"},"modified":"2025-06-16T16:12:10","modified_gmt":"2025-06-16T16:12:10","slug":"la-route-du-bord-de-mer-fermee-des-cette-nuit-a-saint-laurent-du-var","status":"publish","type":"post","link":"https:\/\/www.europesays.com\/fr\/181210\/","title":{"rendered":"La Route du bord de mer ferm\u00e9e d\u00e8s cette nuit \u00e0 Saint-Laurent-du-Var"},"content":{"rendered":"<p>Bye bye la passerelle pi\u00e9tonne qui enjambe la Route du bord de mer, au niveau de l\u2019\u00eelot sud de la gare de Saint-Laurent-du-Var. Celle-ci va \u00eatre d\u00e9finitivement retir\u00e9e, pour \u00eatre ensuite remplac\u00e9e par un passage pi\u00e9ton classique, des feux tricolores&#8230; et une vitesse limit\u00e9e \u00e0 <strong>50 km\/h au lieu de 70 km\/h.<\/strong><\/p>\n<p>\u00ab\u00a0Dans le cadre du chantier du futur parking et parking relais sur l\u2019ancien site de l\u2019\u00eelot sud de la gare de Saint-Laurent-du-Var, accompagnant l\u2019arriv\u00e9e de la ligne 4 du tramway reliant Nice \u00e0 Saint-Laurent-du-Var et Cagnes-sur-Mer, des travaux de d\u00e9pose de la passerelle pi\u00e9tonne n\u00e9cessitent la fermeture exceptionnelle \u00e0 la circulation de la Route du bord de mer les nuits du lundi 16, mardi 17 juin, et mercredi 18 juin\u00a0\u00bb, explique la M\u00e9tropole de Nice dans un communiqu\u00e9.<\/p>\n<p>Lundi 16 juin 2025, de <strong>21\u2005h\u200530 \u00e0 6\u2005h\u2005<\/strong>: fermeture de la chauss\u00e9e nord de la Route du bord de mer pour la d\u00e9pose du tablier nord de la passerelle pi\u00e9tonne. \uf0d8 Une d\u00e9viation sera mise en place\u2005: prendre le boulevard du Mercantour pour faire demi-tour au niveau du CADAM puis prendre le boulevard Ren\u00e9 Cassin qui permet de regagner la route de la gare.<\/p>\n<p>Mardi 17 juin et mercredi 18 juin 2025, de<strong> 21\u2005h \u00e0 6\u2005h\u2005:<\/strong> Fermeture de la chauss\u00e9e sud de la Route du bord de mer pour la d\u00e9pose du tablier sud de la passerelle pi\u00e9tonne. Une d\u00e9viation sera mise en place par l\u2019avenue Cyrnos et la route de la Gare.<\/p>\n<p>\u00ab\u00a0La desserte de la ligne 12 +\u2005du r\u00e9seau Ligne d\u2019Azur sera modifi\u00e9e en cons\u00e9quence\u00a0\u00bb, pr\u00e9cise la m\u00e9tropole.<\/p>\n","protected":false},"excerpt":{"rendered":"Bye bye la passerelle pi\u00e9tonne qui enjambe la Route du bord de mer, au niveau de l\u2019\u00eelot sud&hellip;\n","protected":false},"author":2,"featured_media":181211,"comment_status":"","ping_status":"","sticky":false,"template":"","format":"standard","meta":{"footnotes":""},"categories":[2819],"tags":[1111,11,1777,674,1011,27,803,12,2401,882,25],"class_list":{"0":"post-181210","1":"post","2":"type-post","3":"status-publish","4":"format-standard","5":"has-post-thumbnail","7":"category-nice","8":"tag-actu","9":"tag-actualites","10":"tag-eu","11":"tag-europe","12":"tag-fr","13":"tag-france","14":"tag-info-trafic","15":"tag-news","16":"tag-nice","17":"tag-provence-alpes-cote-dazur","18":"tag-republique-francaise"},"share_on_mastodon":{"url":"https:\/\/pubeurope.com\/@fr\/114693927332278643","error":""},"_links":{"self":[{"href":"https:\/\/www.europesays.com\/fr\/wp-json\/wp\/v2\/posts\/181210","targetHints":{"allow":["GET"]}}],"collection":[{"href":"https:\/\/www.europesays.com\/fr\/wp-json\/wp\/v2\/posts"}],"about":[{"href":"https:\/\/www.europesays.com\/fr\/wp-json\/wp\/v2\/types\/post"}],"author":[{"embeddable":true,"href":"https:\/\/www.europesays.com\/fr\/wp-json\/wp\/v2\/users\/2"}],"replies":[{"embeddable":true,"href":"https:\/\/www.europesays.com\/fr\/wp-json\/wp\/v2\/comments?post=181210"}],"version-history":[{"count":0,"href":"https:\/\/www.europesays.com\/fr\/wp-json\/wp\/v2\/posts\/181210\/revisions"}],"wp:featuredmedia":[{"embeddable":true,"href":"https:\/\/www.europesays.com\/fr\/wp-json\/wp\/v2\/media\/181211"}],"wp:attachment":[{"href":"https:\/\/www.europesays.com\/fr\/wp-json\/wp\/v2\/media?parent=181210"}],"wp:term":[{"taxonomy":"category","embeddable":true,"href":"https:\/\/www.europesays.com\/fr\/wp-json\/wp\/v2\/categories?post=181210"},{"taxonomy":"post_tag","embeddable":true,"href":"https:\/\/www.europesays.com\/fr\/wp-json\/wp\/v2\/tags?post=181210"}],"curies":[{"name":"wp","href":"https:\/\/api.w.org\/{rel}","templated":true}]}}