{"id":181212,"date":"2025-06-16T16:13:11","date_gmt":"2025-06-16T16:13:11","guid":{"rendered":"https:\/\/www.europesays.com\/fr\/181212\/"},"modified":"2025-06-16T16:13:11","modified_gmt":"2025-06-16T16:13:11","slug":"deux-passeurs-nicois-a-la-frontiere-franco-italienne-lourdement-condamnes","status":"publish","type":"post","link":"https:\/\/www.europesays.com\/fr\/181212\/","title":{"rendered":"deux passeurs ni\u00e7ois \u00e0 la fronti\u00e8re franco-italienne lourdement condamn\u00e9s"},"content":{"rendered":"<p>Plus de 150 trajets r\u00e9mun\u00e9r\u00e9s auraient \u00e9t\u00e9 effectu\u00e9s par ces deux individus, d\u00e9j\u00e0 connus des autorit\u00e9s pour des faits similaires.<\/p>\n<p class=\"fig-paragraph\">Deux\u00a0<a href=\"http:\/\/www.lefigaro.fr\/actualite-france\/entre-1500-et-4000-euros-la-traversee-10-passeurs-de-migrants-devant-la-justice-apres-le-naufrage-d-une-embarcation-20250616\" data-fig-type=\"Article\" data-gtm-custom-categorie=\"navigation\" data-gtm-custom-action=\"crossclick\" data-gtm-custom-label=\"Contextuel\" data-gtm-event=\"customEventSPE\" data-fig-domain=\"LEFIGARO\" rel=\"nofollow noopener\" target=\"_blank\">passeurs<\/a>\u00a0de 28 ans, originaires de Nice (Alpes-Maritimes), ont \u00e9t\u00e9 condamn\u00e9s \u00e0 de lourdes peines de prison, jeudi dernier au tribunal ni\u00e7ois. Bilal K. et Eddy T. \u00e9taient d\u00e9j\u00e0 connus des autorit\u00e9s pour des faits similaires. Le premier a \u00e9cop\u00e9 de six ans de prison tandis que le second, poursuivi dans deux affaires diff\u00e9rentes concernant une aide \u00e0 l\u2019entr\u00e9e de mani\u00e8re ill\u00e9gale sur le territoire fran\u00e7ais, en a pris neuf. Ils avaient \u00e9t\u00e9 plac\u00e9s en d\u00e9tention provisoire en janvier, puis sous contr\u00f4le judiciaire fin mars.<\/p>\n<p class=\"fig-paragraph\">Ensemble, ils auraient effectu\u00e9, sur quatre mois entre octobre 2024 et janvier 2025, plus de 150 trajets r\u00e9mun\u00e9r\u00e9s avec des v\u00e9hicules lou\u00e9s ou pr\u00eat\u00e9s\u00a0: 316 personnes auraient ainsi pass\u00e9 ill\u00e9galement la fronti\u00e8re franco-italienne gr\u00e2ce \u00e0 leur dispositif. C\u2019est Eddy T. qui conduisait, et ce malgr\u00e9 un d\u00e9faut de permis. Pour chaque voyage, les deux hommes ont pu gagner jusqu\u2019\u00e0 200 euros par personne, selon les enqu\u00eateurs.<\/p>\n<p>Nombre d\u2019allers-retours contest\u00e9s<\/p>\n<p class=\"fig-paragraph\">S\u2019ils n\u2019ont pas encore pris leur d\u00e9cision quant \u00e0 un \u00e9ventuel appel, Me Florian Abassit, le conseil d\u2019Eddy T., a d\u00e9nonc\u00e9 aupr\u00e8s du Figaro \u00abune d\u00e9cision extr\u00eamement s\u00e9v\u00e8re\u00bb. Il conteste notamment le nombre d\u2019allers-retours r\u00e9alis\u00e9s par son client, celui-ci n\u2019ayant officiellement \u00e9t\u00e9 pris en flagrant d\u00e9lit qu\u2019\u00e0 deux reprises selon lui. \u00abLe tribunal ne s\u2019est bas\u00e9 que sur les calculs des policiers mais il ne s\u2019agit que d\u2019hypoth\u00e8ses\u00bb, ajoute l\u2019avocat. Son client a ni\u00e9 les faits et pr\u00e9f\u00e9r\u00e9 garder le silence lors de l\u2019audience.<\/p>\n<p class=\"fig-paragraph\">En juillet dernier,\u00a0<a href=\"http:\/\/www.lefigaro.fr\/nice\/immigration-illegale-des-passeurs-entre-l-italie-et-la-france-condamnes-a-des-peines-de-prison-ferme-a-nice-20240729\" data-fig-type=\"NewsFlash\" data-gtm-custom-categorie=\"navigation\" data-gtm-custom-action=\"crossclick\" data-gtm-custom-label=\"Contextuel\" data-gtm-event=\"customEventSPE\" data-fig-domain=\"LEFIGARO\" rel=\"nofollow noopener\" target=\"_blank\">un r\u00e9seau avait \u00e9t\u00e9 d\u00e9mantel\u00e9<\/a>\u00a0entre des rabatteurs c\u00f4t\u00e9 italiens et des chauffeurs c\u00f4t\u00e9 fran\u00e7ais. Quatre personnes avaient \u00e9t\u00e9 condamn\u00e9es \u00e0 des peines de prison allant jusqu\u2019\u00e0 quatre ans. Plus r\u00e9cemment, fin mai,\u00a0<a href=\"http:\/\/www.lefigaro.fr\/faits-divers\/un-reseau-de-passeurs-demantele-entre-la-france-et-l-italie-13-arrestations-20250523\" data-fig-type=\"NewsFlash\" data-gtm-custom-categorie=\"navigation\" data-gtm-custom-action=\"crossclick\" data-gtm-custom-label=\"Contextuel\" data-gtm-event=\"customEventSPE\" data-fig-domain=\"LEFIGARO\" rel=\"nofollow noopener\" target=\"_blank\">13 personnes d\u2019un autre r\u00e9seau ont \u00e9t\u00e9 interpell\u00e9es<\/a>\u00a0en France et en Italie pour un m\u00eame stratag\u00e8me de transport entre Vintimille et Nice. Depuis\u00a0<a href=\"http:\/\/www.lefigaro.fr\/nice\/immigration-dans-les-alpes-maritimes-plus-de-44-000-interpellations-a-la-frontiere-franco-italienne-en-2023-20240118\" data-fig-type=\"NewsFlash\" data-gtm-custom-categorie=\"navigation\" data-gtm-custom-action=\"crossclick\" data-gtm-custom-label=\"Contextuel\" data-gtm-event=\"customEventSPE\" data-fig-domain=\"LEFIGARO\" rel=\"nofollow noopener\" target=\"_blank\">la crise migratoire de 2023<\/a>, les tentatives de passages \u00e0 la fronti\u00e8re franco-italienne\u00a0<a href=\"http:\/\/www.lefigaro.fr\/nice\/immigration-a-la-frontiere-franco-italienne-une-baisse-notable-des-flux-constatee-20240809\" data-fig-type=\"NewsFlash\" data-gtm-custom-categorie=\"navigation\" data-gtm-custom-action=\"crossclick\" data-gtm-custom-label=\"Contextuel\" data-gtm-event=\"customEventSPE\" data-fig-domain=\"LEFIGARO\" rel=\"nofollow noopener\" target=\"_blank\">ont diminu\u00e9<\/a>\u00a0mais Menton reste l\u2019une des portes d\u2019entr\u00e9e privil\u00e9gi\u00e9es et donc tr\u00e8s surveill\u00e9e.<\/p>\n","protected":false},"excerpt":{"rendered":"Plus de 150 trajets r\u00e9mun\u00e9r\u00e9s auraient \u00e9t\u00e9 effectu\u00e9s par ces deux individus, d\u00e9j\u00e0 connus des autorit\u00e9s pour des&hellip;\n","protected":false},"author":2,"featured_media":181213,"comment_status":"","ping_status":"","sticky":false,"template":"","format":"standard","meta":{"footnotes":""},"categories":[2819],"tags":[1111,11,2898,2829,2971,2972,2973,2974,1777,674,2975,1011,27,20706,303,2969,2970,2987,2980,12,2401,2897,2976,2977,2978,2985,2986,2979,2981,2982,2983,2984,2991,2992,2993,2994,2996,2997,2998,2999,3000,3001,3002,2995,3003,3004,3005,3007,2268,24361,882,25,2988,2989,2990,2968,3006],"class_list":{"0":"post-181212","1":"post","2":"type-post","3":"status-publish","4":"format-standard","5":"has-post-thumbnail","7":"category-nice","8":"tag-actu","9":"tag-actualites","10":"tag-alpes-maritimes","11":"tag-baumettes","12":"tag-carabacel","13":"tag-caucade","14":"tag-cimiez","15":"tag-cremat","16":"tag-eu","17":"tag-europe","18":"tag-fabron","19":"tag-fr","20":"tag-france","21":"tag-immigration-illegale","22":"tag-justice","23":"tag-larenas","24":"tag-lariane","25":"tag-le-ray","26":"tag-lingostiere","27":"tag-news","28":"tag-nice","29":"tag-nice-cote-dazur","30":"tag-nice-gairaut","31":"tag-nice-gambetta","32":"tag-nice-jean-medecin","33":"tag-nice-le-piol","34":"tag-nice-le-port","35":"tag-nice-liberation","36":"tag-nice-magnan","37":"tag-nice-mantega-mont-boron","38":"tag-nice-pasteur","39":"tag-nice-pessicart","40":"tag-nice-rue-de-france","41":"tag-nice-saint-antoine","42":"tag-nice-saint-augustin","43":"tag-nice-saint-isidore","44":"tag-nice-saint-maurice","45":"tag-nice-saint-pancrace","46":"tag-nice-saint-philippe","47":"tag-nice-saint-pierre-de-feric","48":"tag-nice-saint-roch","49":"tag-nice-saint-roman-de-bellet","50":"tag-nice-saint-sylvestre","51":"tag-nice-sainte-marguerite","52":"tag-nice-thiers","53":"tag-nice-ventabrun","54":"tag-nice-vernier","55":"tag-nice-vinaigrier","56":"tag-ogc-nice","57":"tag-passeurs","58":"tag-provence-alpes-cote-dazur","59":"tag-republique-francaise","60":"tag-rimiez","61":"tag-riquier","62":"tag-roquebilliere","63":"tag-sud-est","64":"tag-vieux-nice"},"share_on_mastodon":{"url":"","error":"Validation failed: Text character limit of 500 exceeded"},"_links":{"self":[{"href":"https:\/\/www.europesays.com\/fr\/wp-json\/wp\/v2\/posts\/181212","targetHints":{"allow":["GET"]}}],"collection":[{"href":"https:\/\/www.europesays.com\/fr\/wp-json\/wp\/v2\/posts"}],"about":[{"href":"https:\/\/www.europesays.com\/fr\/wp-json\/wp\/v2\/types\/post"}],"author":[{"embeddable":true,"href":"https:\/\/www.europesays.com\/fr\/wp-json\/wp\/v2\/users\/2"}],"replies":[{"embeddable":true,"href":"https:\/\/www.europesays.com\/fr\/wp-json\/wp\/v2\/comments?post=181212"}],"version-history":[{"count":0,"href":"https:\/\/www.europesays.com\/fr\/wp-json\/wp\/v2\/posts\/181212\/revisions"}],"wp:featuredmedia":[{"embeddable":true,"href":"https:\/\/www.europesays.com\/fr\/wp-json\/wp\/v2\/media\/181213"}],"wp:attachment":[{"href":"https:\/\/www.europesays.com\/fr\/wp-json\/wp\/v2\/media?parent=181212"}],"wp:term":[{"taxonomy":"category","embeddable":true,"href":"https:\/\/www.europesays.com\/fr\/wp-json\/wp\/v2\/categories?post=181212"},{"taxonomy":"post_tag","embeddable":true,"href":"https:\/\/www.europesays.com\/fr\/wp-json\/wp\/v2\/tags?post=181212"}],"curies":[{"name":"wp","href":"https:\/\/api.w.org\/{rel}","templated":true}]}}