{"id":181221,"date":"2025-06-16T16:18:09","date_gmt":"2025-06-16T16:18:09","guid":{"rendered":"https:\/\/www.europesays.com\/fr\/181221\/"},"modified":"2025-06-16T16:18:09","modified_gmt":"2025-06-16T16:18:09","slug":"on-risque-de-froler-les-seuils-de-la-canicule","status":"publish","type":"post","link":"https:\/\/www.europesays.com\/fr\/181221\/","title":{"rendered":"on risque de fr\u00f4ler les seuils de la canicule"},"content":{"rendered":"<p>            Par<br \/>\n        <strong><br \/>\n            <a href=\"https:\/\/actu.fr\/auteur\/lea-afonso\" title=\"Consulter tous les articles de L\u00e9a Afonso\" rel=\"nofollow noopener\" target=\"_blank\">L\u00e9a Afonso<\/a><br \/>\n        <\/strong><\/p>\n<p>        Publi\u00e9 le<\/p>\n<p>            16 juin 2025 \u00e0 17h46        <\/p>\n<p><a href=\"https:\/\/actu.fr\/toulouse\/\" rel=\"nofollow noopener\" target=\"_blank\">Toulouse<\/a>, va suffoquer ces prochains jours. Selon les pr\u00e9visions de M\u00e9t\u00e9o France, un \u00e9pisode de <strong>fortes chaleurs<\/strong> est attendu \u00e0 partir de <strong>vendredi 20\u00a0juin<\/strong>, avec un pic pr\u00e9vu samedi, \u00e0 l\u2019occasion de la f\u00eate de la musique, o\u00f9 le thermom\u00e8tre pourrait grimper jusqu\u2019\u00e0 36\u00b0C. Particularit\u00e9\u2009: la nuit, les temp\u00e9ratures ne redescendront pas. Alors si les seuils officiels de la canicule ne sont pas encore annonc\u00e9s, on pourrait s\u2019en approcher, voire les atteindre\u2026<\/p>\n<p>Une chaleur qui s\u2019installe<\/p>\n<p class=\" wall-content\">D\u00e8s le milieu de la semaine, le mercure sera en forte hausse \u00e0 Toulouse. Apr\u00e8s un<strong> mercredi 18\u00a0juin<\/strong> d\u00e9j\u00e0 bien chaud (<strong>31\u00b0C<\/strong>), <strong>jeudi<\/strong> devrait afficher <strong>33\u00b0C<\/strong>, suivi d\u2019un <strong>vendredi<\/strong> \u00e0 <strong>35\u00b0C<\/strong>. Le point culminant est attendu <strong>samedi 21\u00a0juin<\/strong>, pour la f\u00eate de la musique avec <strong>36\u00b0C<\/strong> annonc\u00e9s. Puis la temp\u00e9rature redescendra \u00e0 <strong>35\u00b0C dimanche.<\/strong><\/p>\n<p><a class=\"jo-module-caroussel__img-container\" href=\"https:\/\/static.actu.fr\/uploads\/2025\/06\/capture-decran-2025-06-16-a-154043.png\" title=\"Agrandir la photo Des temp\u00e9ratures relativement \u00e9lev\u00e9es attendues pour la fin de semaine \u00e0 Toulouse (\u00a9 Capture d&#039;\u00e9cran m\u00e9t\u00e9o France)\" data-idx=\"1\" rel=\"nofollow noopener\" target=\"_blank\"><br \/>\n    <img decoding=\"async\" class=\"jo-module-caroussel__img\" loading=\"lazy\" src=\"https:\/\/www.europesays.com\/fr\/wp-content\/uploads\/2025\/06\/capture-decran-2025-06-16-a-154043-640x427.png\" alt=\"Des temp\u00e9ratures relativement \u00e9lev\u00e9es attendues pour la fin de semaine \u00e0 Toulouse (\u00a9 Capture d'\u00e9cran m\u00e9t\u00e9o France)\" width=\"640\" height=\"427\"\/><\/a><\/p>\n<p class=\" wall-content\">Alors si en journ\u00e9e, la chaleur sera bien pr\u00e9sente, les <strong>nuits<\/strong> seront, elles aussi, tropicales, avec un thermom\u00e8tre qui pourrait ne<strong> pas descendre sous les 21 \u2013 22\u00b0C.<\/strong><\/p>\n<p class=\" wall-content\">Un encha\u00eenement qui, sans franchir les seuils officiels, <strong>s\u2019approcherait<\/strong> fortement d\u2019un <strong>\u00e9pisode caniculaire court. <\/strong>\u00ab\u2009On n\u2019en sera pas tr\u00e8s loin\u2009\u00bb, confirme Pascal Bourreau, ancien pr\u00e9visionniste chez m\u00e9t\u00e9o France. \u00ab\u2009Nous serons sans doute en vigilance jaune \u00e0 la fin de la semaine, c\u2019est-\u00e0-dire que l\u2019on s\u2019approchera fortement des seuils\u2009\u00bb. Cependant, la vigilance orange, lorsque l\u2019on entre dans cette canicule, \u00ab\u2009ne devrait pas \u00eatre atteinte\u2009\u00bb, ajoute Pascal Bourreau.<\/p>\n<p>Vid\u00e9os : en ce moment sur ActuPourquoi ce n\u2019est (pas encore) une canicule\u2009?<\/p>\n<p class=\" wall-content\">M\u00e9t\u00e9o France rappelle qu\u2019une canicule est d\u00e9finie par des temp\u00e9ratures tr\u00e8s \u00e9lev\u00e9es de jour et de nuit pendant au moins trois jours cons\u00e9cutifs, selon des seuils qui varient selon les d\u00e9partements.<\/p>\n<p class=\" wall-content\">\u00ab\u2009\u00c0 <strong>Toulouse<\/strong>, M\u00e9t\u00e9o-France parle de <strong>canicule<\/strong> quand, durant les <strong>3\u00a0jours et 3 nuits<\/strong>, les temp\u00e9ratures maximales seront <strong>sup\u00e9rieures \u00e0 36\u00b0C<\/strong> et les temp\u00e9ratures minimales <strong>sup\u00e9rieures \u00e0 21\u00b0C<\/strong>\u2009\u00bb.<\/p>\n<p class=\" wall-content\">\u00c0 peu de degr\u00e9s pr\u00e8s, sur vendredi, samedi et dimanche, Toulouse <strong>devrait donc fr\u00f4ler la canicule.<\/strong> \u00ab\u2009Ces situations touchent l\u2019Hexagone principalement entre d\u00e9but juillet et mi-ao\u00fbt, mais elles peuvent \u00e9galement survenir en dehors de cette p\u00e9riode, comme en 2019 (du 13\u00a0juin au 1\u1d49\u02b3 juillet\u2009\u00bb.<\/p>\n<p>Une chaleur qui va durer\u2009?<\/p>\n<p class=\" wall-content\">Apr\u00e8s avoir battu un <a href=\"https:\/\/actu.fr\/occitanie\/toulouse_31555\/35-c-dans-la-ville-rose-un-nouveau-record-de-chaleur-enregistre-a-toulouse_62760443.html\" rel=\"nofollow noopener\" target=\"_blank\">record de chaleur le 11\u00a0juin dernier<\/a> et maintenant ce coup de chaud, l\u2019\u00e9t\u00e9 semble bel et bien lanc\u00e9 \u00e0 Toulouse. Au-del\u00e0 du week-end, la semaine qui suit, celle du 23\u00a0juin 2025, sera, elle aussi, accompagn\u00e9e de ses fortes temp\u00e9ratures \u2014 \u00ab\u2009bien qu\u2019en baisse par rapport au week-end\u2009\u00bb, souligne Pascal Bourreau \u2014. Le mercure ne descendra pas en dessous des 20\u00b0C annonce d\u00e8s \u00e0 pr\u00e9sent m\u00e9t\u00e9o France. En journ\u00e9e, il faudra compter dans les 30 \u00e0 32\u00b0C.<\/p>\n<p class=\" wall-content\">Le message est clair\u2009: la chaleur s\u2019installe sur la Ville rose.<\/p>\n<p class=\" wall-content\">Suivez toute l\u2019actualit\u00e9 de vos villes et m\u00e9dias favoris en vous inscrivant \u00e0 <a href=\"https:\/\/moncompte.actu.fr\" title=\"D\u00e9couvez Mon Actu\" rel=\"nofollow noopener\" data-trk=\"{&quot;cta&quot;:{&quot;action&quot;:&quot;https:\\\/\\\/moncompte.actu.fr&quot;,&quot;category&quot;:&quot;mon compte&quot;,&quot;from&quot;:&quot;article footer&quot;,&quot;name&quot;:&quot;Mon actu&quot;,&quot;type&quot;:&quot;cta&quot;}}\" target=\"_blank\">Mon Actu<\/a>.<\/p>\n<ul class=\"ac-article-tag wall-content\">\n<li><a href=\"https:\/\/actu.fr\/tag\/meteo-france\" data-trk=\"{&quot;cta&quot;:{&quot;action&quot;:&quot;M\\u00e9t\\u00e9o France&quot;,&quot;category&quot;:&quot;tag&quot;,&quot;from&quot;:&quot;article footer&quot;,&quot;name&quot;:&quot;M\\u00e9t\\u00e9o France&quot;,&quot;type&quot;:&quot;cta&quot;}}\" rel=\"nofollow noopener\" target=\"_blank\">#M\u00e9t\u00e9o France<\/a><\/li>\n<li><a href=\"https:\/\/actu.fr\/tag\/vague-de-chaleur\" data-trk=\"{&quot;cta&quot;:{&quot;action&quot;:&quot;Vague de chaleur&quot;,&quot;category&quot;:&quot;tag&quot;,&quot;from&quot;:&quot;article footer&quot;,&quot;name&quot;:&quot;Vague de chaleur&quot;,&quot;type&quot;:&quot;cta&quot;}}\" rel=\"nofollow noopener\" target=\"_blank\">#Vague de chaleur<\/a><\/li>\n<\/ul>\n","protected":false},"excerpt":{"rendered":"Par L\u00e9a Afonso Publi\u00e9 le 16 juin 2025 \u00e0 17h46 Toulouse, va suffoquer ces prochains jours. Selon les&hellip;\n","protected":false},"author":2,"featured_media":181222,"comment_status":"","ping_status":"","sticky":false,"template":"","format":"standard","meta":{"footnotes":""},"categories":[2816],"tags":[1111,11,1777,674,1011,27,2487,2357,12,2680,25,2312,15637],"class_list":{"0":"post-181221","1":"post","2":"type-post","3":"status-publish","4":"format-standard","5":"has-post-thumbnail","7":"category-toulouse","8":"tag-actu","9":"tag-actualites","10":"tag-eu","11":"tag-europe","12":"tag-fr","13":"tag-france","14":"tag-meteo","15":"tag-meteo-france","16":"tag-news","17":"tag-occitanie","18":"tag-republique-francaise","19":"tag-toulouse","20":"tag-vague-de-chaleur"},"share_on_mastodon":{"url":"https:\/\/pubeurope.com\/@fr\/114693951144710415","error":""},"_links":{"self":[{"href":"https:\/\/www.europesays.com\/fr\/wp-json\/wp\/v2\/posts\/181221","targetHints":{"allow":["GET"]}}],"collection":[{"href":"https:\/\/www.europesays.com\/fr\/wp-json\/wp\/v2\/posts"}],"about":[{"href":"https:\/\/www.europesays.com\/fr\/wp-json\/wp\/v2\/types\/post"}],"author":[{"embeddable":true,"href":"https:\/\/www.europesays.com\/fr\/wp-json\/wp\/v2\/users\/2"}],"replies":[{"embeddable":true,"href":"https:\/\/www.europesays.com\/fr\/wp-json\/wp\/v2\/comments?post=181221"}],"version-history":[{"count":0,"href":"https:\/\/www.europesays.com\/fr\/wp-json\/wp\/v2\/posts\/181221\/revisions"}],"wp:featuredmedia":[{"embeddable":true,"href":"https:\/\/www.europesays.com\/fr\/wp-json\/wp\/v2\/media\/181222"}],"wp:attachment":[{"href":"https:\/\/www.europesays.com\/fr\/wp-json\/wp\/v2\/media?parent=181221"}],"wp:term":[{"taxonomy":"category","embeddable":true,"href":"https:\/\/www.europesays.com\/fr\/wp-json\/wp\/v2\/categories?post=181221"},{"taxonomy":"post_tag","embeddable":true,"href":"https:\/\/www.europesays.com\/fr\/wp-json\/wp\/v2\/tags?post=181221"}],"curies":[{"name":"wp","href":"https:\/\/api.w.org\/{rel}","templated":true}]}}